{"id":872359,"date":"2025-11-04T19:26:50","date_gmt":"2025-11-04T18:26:50","guid":{"rendered":"https:\/\/www.albinfo.ch\/?p=872359"},"modified":"2025-11-04T19:26:59","modified_gmt":"2025-11-04T18:26:59","slug":"vlora-marina-du-reve-a-la-realite","status":"publish","type":"post","link":"https:\/\/www.albinfo.ch\/fr\/vlora-marina-du-reve-a-la-realite\/","title":{"rendered":"Vlora Marina, du r\u00eave \u00e0 la r\u00e9alit\u00e9"},"content":{"rendered":"<article class=\"text-token-text-primary w-full focus:outline-none [--shadow-height:45px] has-data-writing-block:pointer-events-none has-data-writing-block:-mt-(--shadow-height) has-data-writing-block:pt-(--shadow-height) [&amp;:has([data-writing-block])&gt;*]:pointer-events-auto [content-visibility:auto] supports-[content-visibility:auto]:[contain-intrinsic-size:auto_100lvh] scroll-mt-[calc(var(--header-height)+min(200px,max(70px,20svh)))]\" dir=\"auto\" tabindex=\"-1\" data-turn-id=\"request-690a264e-6424-8328-ab9f-aa4bd0543a80-7\" data-testid=\"conversation-turn-62\" data-scroll-anchor=\"true\" data-turn=\"assistant\">\n<div class=\"text-base my-auto mx-auto pb-10 [--thread-content-margin:--spacing(4)] thread-sm:[--thread-content-margin:--spacing(6)] thread-lg:[--thread-content-margin:--spacing(16)] px-(--thread-content-margin)\">\n<div class=\"[--thread-content-max-width:40rem] thread-lg:[--thread-content-max-width:48rem] mx-auto max-w-(--thread-content-max-width) flex-1 group\/turn-messages focus-visible:outline-hidden relative flex w-full min-w-0 flex-col agent-turn\" tabindex=\"-1\">\n<div class=\"flex max-w-full flex-col grow\">\n<div class=\"min-h-8 text-message relative flex w-full flex-col items-end gap-2 text-start break-words whitespace-normal [.text-message+&amp;]:mt-1\" dir=\"auto\" data-message-author-role=\"assistant\" data-message-id=\"9be10b59-2251-4633-8854-aa6e60d24bd3\" data-message-model-slug=\"gpt-5\">\n<div class=\"flex w-full flex-col gap-1 empty:hidden first:pt-[1px]\">\n<div class=\"markdown prose dark:prose-invert w-full break-words light markdown-new-styling\">\n<p data-start=\"531\" data-end=\"1052\" data-is-last-node=\"\" data-is-only-node=\"\">Les travaux de construction de Vlora Marina sont entr\u00e9s dans une phase d\u00e9cisive, marquant des progr\u00e8s concrets vers la r\u00e9alisation de l\u2019un des investissements les plus importants de la c\u00f4te albanaise. Actuellement, dans plusieurs des premiers noyaux, l\u2019avancement des travaux atteint jusqu\u2019\u00e0 25 %, et au rythme actuel, la finalisation compl\u00e8te des premi\u00e8res unit\u00e9s est pr\u00e9vue d\u2019ici 2027. Chaque phase des travaux est r\u00e9alis\u00e9e avec une attention particuli\u00e8re \u00e0 la qualit\u00e9 et \u00e0 la durabilit\u00e9.<\/p>\n<\/div>\n<\/div>\n<\/div>\n<\/div>\n<\/div>\n<\/div>\n<\/article>\n<p><a href=\"https:\/\/www.albinfo.ch\/wp-content\/uploads\/2025\/11\/2.jpg\"><img loading=\"lazy\" decoding=\"async\" class=\"wp-image-872267\" src=\"https:\/\/www.albinfo.ch\/wp-content\/uploads\/2025\/11\/2.jpg\" alt=\"\" width=\"627\" height=\"470\" srcset=\"https:\/\/www.albinfo.ch\/wp-content\/uploads\/2025\/11\/2.jpg 1000w, https:\/\/www.albinfo.ch\/wp-content\/uploads\/2025\/11\/2-300x225.jpg 300w, https:\/\/www.albinfo.ch\/wp-content\/uploads\/2025\/11\/2-768x576.jpg 768w, https:\/\/www.albinfo.ch\/wp-content\/uploads\/2025\/11\/2-528x396.jpg 528w, https:\/\/www.albinfo.ch\/wp-content\/uploads\/2025\/11\/2-133x100.jpg 133w, https:\/\/www.albinfo.ch\/wp-content\/uploads\/2025\/11\/2-233x175.jpg 233w\" sizes=\"auto, (max-width: 627px) 100vw, 627px\" \/><\/a><\/p>\n<article class=\"text-token-text-primary w-full focus:outline-none [--shadow-height:45px] has-data-writing-block:pointer-events-none has-data-writing-block:-mt-(--shadow-height) has-data-writing-block:pt-(--shadow-height) [&amp;:has([data-writing-block])&gt;*]:pointer-events-auto [content-visibility:auto] supports-[content-visibility:auto]:[contain-intrinsic-size:auto_100lvh] scroll-mt-[calc(var(--header-height)+min(200px,max(70px,20svh)))]\" dir=\"auto\" tabindex=\"-1\" data-turn-id=\"request-690a264e-6424-8328-ab9f-aa4bd0543a80-8\" data-testid=\"conversation-turn-64\" data-scroll-anchor=\"false\" data-turn=\"assistant\">\n<div class=\"text-base my-auto mx-auto [--thread-content-margin:--spacing(4)] thread-sm:[--thread-content-margin:--spacing(6)] thread-lg:[--thread-content-margin:--spacing(16)] px-(--thread-content-margin)\">\n<div class=\"[--thread-content-max-width:40rem] thread-lg:[--thread-content-max-width:48rem] mx-auto max-w-(--thread-content-max-width) flex-1 group\/turn-messages focus-visible:outline-hidden relative flex w-full min-w-0 flex-col agent-turn\" tabindex=\"-1\">\n<div class=\"flex max-w-full flex-col grow\">\n<div class=\"min-h-8 text-message relative flex w-full flex-col items-end gap-2 text-start break-words whitespace-normal [.text-message+&amp;]:mt-1\" dir=\"auto\" data-message-author-role=\"assistant\" data-message-id=\"a02b9db1-35ae-465c-93eb-41b5abf26e63\" data-message-model-slug=\"gpt-5\">\n<div class=\"flex w-full flex-col gap-1 empty:hidden first:pt-[1px]\">\n<div class=\"markdown prose dark:prose-invert w-full break-words light markdown-new-styling\">\n<p data-start=\"0\" data-end=\"416\">Pour cette raison, Vlora Marina a r\u00e9cemment \u00e9t\u00e9 certifi\u00e9e EDGE par l\u2019IFC et le Groupe de la Banque mondiale au stade de conception, sur la base de l\u2019efficacit\u00e9 \u00e9nerg\u00e9tique, de l\u2019\u00e9conomie des ressources en eau et de l\u2019utilisation de mat\u00e9riaux r\u00e9duisant les \u00e9missions de carbone dans l\u2019environnement, visant ainsi \u00e0 \u00e9tablir de nouvelles normes dans la construction des projets c\u00f4tiers.<\/p>\n<p data-start=\"418\" data-end=\"726\">L\u2019avancement des travaux repr\u00e9sente une \u00e9tape majeure vers le d\u00e9veloppement urbain et touristique de Vlora. Ce projet moderne devrait g\u00e9n\u00e9rer d\u2019importants b\u00e9n\u00e9fices \u00e9conomiques pour la ville et pour le pays, en stimulant un tourisme de qualit\u00e9 et en attirant visiteurs, investisseurs et nouveaux r\u00e9sidents.<\/p>\n<p data-start=\"728\" data-end=\"1002\">Vlora Marina apportera pour la premi\u00e8re fois en Albanie une marina r\u00e9pondant aux standards internationaux, avec plus de 400 postes d\u2019amarrage pour yachts et m\u00e9ga-yachts, sous la supervision du prestigieux r\u00e9seau D-Marin, pr\u00e9sent en M\u00e9diterran\u00e9e et aux \u00c9mirats arabes unis.<\/p>\n<\/div>\n<\/div>\n<\/div>\n<\/div>\n<\/div>\n<\/div>\n<\/article>\n<p><a href=\"https:\/\/www.albinfo.ch\/wp-content\/uploads\/2025\/11\/3.png\"><img loading=\"lazy\" decoding=\"async\" class=\"alignnone size-large wp-image-872270\" src=\"https:\/\/www.albinfo.ch\/wp-content\/uploads\/2025\/11\/3-1024x530.png\" alt=\"\" width=\"640\" height=\"331\" srcset=\"https:\/\/www.albinfo.ch\/wp-content\/uploads\/2025\/11\/3-1024x530.png 1024w, https:\/\/www.albinfo.ch\/wp-content\/uploads\/2025\/11\/3-300x155.png 300w, https:\/\/www.albinfo.ch\/wp-content\/uploads\/2025\/11\/3-768x398.png 768w, https:\/\/www.albinfo.ch\/wp-content\/uploads\/2025\/11\/3-1536x795.png 1536w, https:\/\/www.albinfo.ch\/wp-content\/uploads\/2025\/11\/3-587x304.png 587w, https:\/\/www.albinfo.ch\/wp-content\/uploads\/2025\/11\/3-180x93.png 180w, https:\/\/www.albinfo.ch\/wp-content\/uploads\/2025\/11\/3-265x137.png 265w, https:\/\/www.albinfo.ch\/wp-content\/uploads\/2025\/11\/3.png 1785w\" sizes=\"auto, (max-width: 640px) 100vw, 640px\" \/><\/a><\/p>\n<p data-start=\"0\" data-end=\"529\">En plus de la marina, le projet comprend la construction de plus de 800 appartements haut de gamme en bord de mer, con\u00e7us pour un style de vie moderne, avec des services exclusifs et des espaces d\u00e9di\u00e9s \u00e0 la d\u00e9tente, au divertissement et au bien-\u00eatre.<br data-start=\"281\" data-end=\"284\" data-is-only-node=\"\" \/>Un autre \u00e9l\u00e9ment important est le premier h\u00f4tel Marriott sur la c\u00f4te albanaise, qui sera accompagn\u00e9 de 150 appartements de marque.<br data-start=\"414\" data-end=\"417\" \/>Ces unit\u00e9s combineront le confort de la vie quotidienne avec le luxe et les services d\u2019un h\u00f4tel international.<\/p>\n<p><a href=\"https:\/\/www.albinfo.ch\/wp-content\/uploads\/2025\/11\/4.png\"><img loading=\"lazy\" decoding=\"async\" class=\"alignnone size-large wp-image-872273\" src=\"https:\/\/www.albinfo.ch\/wp-content\/uploads\/2025\/11\/4-1024x601.png\" alt=\"\" width=\"640\" height=\"376\" srcset=\"https:\/\/www.albinfo.ch\/wp-content\/uploads\/2025\/11\/4-1024x601.png 1024w, https:\/\/www.albinfo.ch\/wp-content\/uploads\/2025\/11\/4-300x176.png 300w, https:\/\/www.albinfo.ch\/wp-content\/uploads\/2025\/11\/4-768x451.png 768w, https:\/\/www.albinfo.ch\/wp-content\/uploads\/2025\/11\/4-1536x902.png 1536w, https:\/\/www.albinfo.ch\/wp-content\/uploads\/2025\/11\/4-587x345.png 587w, https:\/\/www.albinfo.ch\/wp-content\/uploads\/2025\/11\/4-170x100.png 170w, https:\/\/www.albinfo.ch\/wp-content\/uploads\/2025\/11\/4-265x156.png 265w, https:\/\/www.albinfo.ch\/wp-content\/uploads\/2025\/11\/4.png 1558w\" sizes=\"auto, (max-width: 640px) 100vw, 640px\" \/><\/a><\/p>\n<p data-start=\"0\" data-end=\"272\">Avec une vision claire et un rythme de travail constant, Vlora Marina se transforme rapidement en r\u00e9alit\u00e9, positionnant Vlora comme un nouveau p\u00f4le du tourisme et de l\u2019investissement, facilement accessible par la mer, la terre et les airs.<\/p>\n<p><a href=\"https:\/\/www.albinfo.ch\/wp-content\/uploads\/2025\/11\/5-scaled.jpg\"><img loading=\"lazy\" decoding=\"async\" class=\"alignnone size-large wp-image-872276\" src=\"https:\/\/www.albinfo.ch\/wp-content\/uploads\/2025\/11\/5-1024x576.jpg\" alt=\"\" width=\"640\" height=\"360\" srcset=\"https:\/\/www.albinfo.ch\/wp-content\/uploads\/2025\/11\/5-1024x576.jpg 1024w, https:\/\/www.albinfo.ch\/wp-content\/uploads\/2025\/11\/5-300x169.jpg 300w, https:\/\/www.albinfo.ch\/wp-content\/uploads\/2025\/11\/5-768x432.jpg 768w, https:\/\/www.albinfo.ch\/wp-content\/uploads\/2025\/11\/5-1536x864.jpg 1536w, https:\/\/www.albinfo.ch\/wp-content\/uploads\/2025\/11\/5-2048x1152.jpg 2048w, https:\/\/www.albinfo.ch\/wp-content\/uploads\/2025\/11\/5-182x101.jpg 182w, https:\/\/www.albinfo.ch\/wp-content\/uploads\/2025\/11\/5-790x443.jpg 790w, https:\/\/www.albinfo.ch\/wp-content\/uploads\/2025\/11\/5-587x330.jpg 587w, https:\/\/www.albinfo.ch\/wp-content\/uploads\/2025\/11\/5-178x100.jpg 178w, https:\/\/www.albinfo.ch\/wp-content\/uploads\/2025\/11\/5-265x149.jpg 265w\" sizes=\"auto, (max-width: 640px) 100vw, 640px\" \/><\/a><\/p>\n<p>&nbsp;<\/p>\n","protected":false},"excerpt":{"rendered":"<p>Punimet p\u00ebr nj\u00ebsit\u00eb e para p\u00ebrfundojn\u00eb n\u00eb 2027<\/p>\n","protected":false},"author":6,"featured_media":872265,"comment_status":"closed","ping_status":"closed","sticky":false,"template":"","format":"standard","meta":{"footnotes":""},"categories":[33083,34925,34934,3944,23270,24630,1159],"tags":[],"vendi":[],"content_country":[],"class_list":["post-872359","post","type-post","status-publish","format-standard","has-post-thumbnail","hentry","category-de-balkani-fr","category-portraits-dentreprises","category-shqiperia-4","category-turizmi-fr","category-at-balkani-fr","category-nouvelles","category-ch-balkans"],"acf":[],"_links":{"self":[{"href":"https:\/\/www.albinfo.ch\/fr\/wp-json\/wp\/v2\/posts\/872359","targetHints":{"allow":["GET"]}}],"collection":[{"href":"https:\/\/www.albinfo.ch\/fr\/wp-json\/wp\/v2\/posts"}],"about":[{"href":"https:\/\/www.albinfo.ch\/fr\/wp-json\/wp\/v2\/types\/post"}],"author":[{"embeddable":true,"href":"https:\/\/www.albinfo.ch\/fr\/wp-json\/wp\/v2\/users\/6"}],"replies":[{"embeddable":true,"href":"https:\/\/www.albinfo.ch\/fr\/wp-json\/wp\/v2\/comments?post=872359"}],"version-history":[{"count":1,"href":"https:\/\/www.albinfo.ch\/fr\/wp-json\/wp\/v2\/posts\/872359\/revisions"}],"predecessor-version":[{"id":872360,"href":"https:\/\/www.albinfo.ch\/fr\/wp-json\/wp\/v2\/posts\/872359\/revisions\/872360"}],"wp:featuredmedia":[{"embeddable":true,"href":"https:\/\/www.albinfo.ch\/fr\/wp-json\/wp\/v2\/media\/872265"}],"wp:attachment":[{"href":"https:\/\/www.albinfo.ch\/fr\/wp-json\/wp\/v2\/media?parent=872359"}],"wp:term":[{"taxonomy":"category","embeddable":true,"href":"https:\/\/www.albinfo.ch\/fr\/wp-json\/wp\/v2\/categories?post=872359"},{"taxonomy":"post_tag","embeddable":true,"href":"https:\/\/www.albinfo.ch\/fr\/wp-json\/wp\/v2\/tags?post=872359"},{"taxonomy":"vendi","embeddable":true,"href":"https:\/\/www.albinfo.ch\/fr\/wp-json\/wp\/v2\/vendi?post=872359"},{"taxonomy":"content_country","embeddable":true,"href":"https:\/\/www.albinfo.ch\/fr\/wp-json\/wp\/v2\/content_country?post=872359"}],"curies":[{"name":"wp","href":"https:\/\/api.w.org\/{rel}","templated":true}]}}