{"id":873428,"date":"2025-11-09T18:06:40","date_gmt":"2025-11-09T17:06:40","guid":{"rendered":"https:\/\/www.albinfo.ch\/?p=873428"},"modified":"2025-11-09T18:07:10","modified_gmt":"2025-11-09T17:07:10","slug":"loris-shoshi-je-veux-contribuer-a-un-schlieren-plus-durable-et-plus-ouvert-a-toutes-les-generations","status":"publish","type":"post","link":"https:\/\/www.albinfo.ch\/fr\/loris-shoshi-je-veux-contribuer-a-un-schlieren-plus-durable-et-plus-ouvert-a-toutes-les-generations\/","title":{"rendered":"Loris Shoshi: Je veux contribuer \u00e0 un Schlieren plus durable et plus ouvert \u00e0 toutes les g\u00e9n\u00e9rations"},"content":{"rendered":"<p data-start=\"0\" data-end=\"665\">\u00c0 Schlieren, dans le canton de Zurich, o\u00f9 vit une importante communaut\u00e9 albanaise, un nouveau nom fait son entr\u00e9e sur la sc\u00e8ne politique locale. Loris Shoshi, \u00e2g\u00e9 de seulement 24 ans, est l\u2019un des plus jeunes entrepreneurs albanais en Suisse, actif dans les domaines de l\u2019immobilier, de la construction et des investissements. Aujourd\u2019hui, il souhaite \u00e9galement apporter sa contribution en politique en se portant candidat au Conseil communal de Schlieren sous la banni\u00e8re du FDP &#8211; Les Lib\u00e9raux. Avec l\u2019\u00e9nergie de la jeunesse et son exp\u00e9rience dans les affaires, Shoshi veut apporter de nouvelles id\u00e9es pour un d\u00e9veloppement durable et inclusif.<\/p>\n<p data-start=\"667\" data-end=\"1355\"><strong data-start=\"667\" data-end=\"813\">albinfo.ch : Qu\u2019est-ce qui t\u2019a pouss\u00e9 \u00e0 t\u2019engager en politique et \u00e0 te pr\u00e9senter pr\u00e9cis\u00e9ment pour le FDP et le Conseil communal de Schlieren?<\/strong><br data-start=\"813\" data-end=\"816\" \/><strong data-start=\"816\" data-end=\"834\">Loris Shoshi:<\/strong> J\u2019ai d\u00e9cid\u00e9 de m\u2019engager en politique parce que je veux contribuer directement au d\u00e9veloppement de ma communaut\u00e9 et apporter de nouvelles id\u00e9es pour la ville de Schlieren. J\u2019ai choisi le FDP parce que je crois en ses valeurs : une \u00e9conomie durable, la libert\u00e9 individuelle et l\u2019\u00e9galit\u00e9 des chances pour tous. J\u2019ai aussi rejoint le FDP sur la recommandation de M. Perparim Avdyli, qui m\u2019a encourag\u00e9 \u00e0 m\u2019impliquer activement dans ce parti, en soulignant que je pourrais y d\u00e9velopper mon int\u00e9r\u00eat pour la politique locale.<\/p>\n<p data-start=\"1357\" data-end=\"1492\"><strong data-start=\"1357\" data-end=\"1469\">albinfo.ch: Quelles sont les trois priorit\u00e9s principales que tu veux repr\u00e9senter dans la politique locale?<\/strong><br data-start=\"1469\" data-end=\"1472\" \/><strong data-start=\"1472\" data-end=\"1490\">Loris Shoshi:<\/strong><\/p>\n<p data-start=\"1495\" data-end=\"1567\">Le d\u00e9veloppement urbain durable et l\u2019acc\u00e8s \u00e0 des logements abordables.<\/p>\n<p data-start=\"1570\" data-end=\"1624\">Une infrastructure et un transport public efficaces.<\/p>\n<p data-start=\"1570\" data-end=\"1624\">Des opportunit\u00e9s pour les jeunes\u00a0 emploi, \u00e9ducation et activit\u00e9s sociales.<\/p>\n<p data-start=\"1706\" data-end=\"2152\"><strong data-start=\"1706\" data-end=\"1858\">albinfo.ch: Ton slogan est &#8220;Stadt mit Zukunft,\u00a0 lebenswert f\u00fcr alle Generationen&#8221;. Que signifie-t-il concr\u00e8tement pour les habitants de Schlieren?<\/strong><br data-start=\"1858\" data-end=\"1861\" \/><strong data-start=\"1861\" data-end=\"1879\">Loris Shoshi :<\/strong> Cela signifie que Schlieren est une ville o\u00f9 chacun, des enfants aux personnes \u00e2g\u00e9es, peut bien vivre et trouver des opportunit\u00e9s de d\u00e9veloppement personnel. Cela inclut des logements abordables, des espaces publics, une bonne \u00e9ducation et des services sociaux durables.<\/p>\n<p data-start=\"2154\" data-end=\"2631\"><strong data-start=\"2154\" data-end=\"2263\">albinfo.ch: Comment ton exp\u00e9rience dans les affaires peut-elle contribuer au d\u00e9veloppement de la ville?<\/strong><br data-start=\"2263\" data-end=\"2266\" \/><strong data-start=\"2266\" data-end=\"2284\">Loris Shoshi:<\/strong> En tant que jeune entrepreneur dans le domaine de l\u2019immobilier, j\u2019ai de l\u2019exp\u00e9rience en gestion de projets, en planification strat\u00e9gique et en collaboration avec divers acteurs. Ces comp\u00e9tences peuvent \u00eatre mises au service de la ville pour favoriser un d\u00e9veloppement urbain bien planifi\u00e9 et des d\u00e9cisions fond\u00e9es sur l\u2019analyse et l\u2019efficacit\u00e9.<\/p>\n<p><strong><a href=\"https:\/\/www.albinfo.ch\/wp-content\/uploads\/2025\/11\/loris-shoshi-2.jpeg\"><img loading=\"lazy\" decoding=\"async\" class=\"alignnone size-full wp-image-873199\" src=\"https:\/\/www.albinfo.ch\/wp-content\/uploads\/2025\/11\/loris-shoshi-2.jpeg\" alt=\"\" width=\"702\" height=\"1000\" srcset=\"https:\/\/www.albinfo.ch\/wp-content\/uploads\/2025\/11\/loris-shoshi-2.jpeg 702w, https:\/\/www.albinfo.ch\/wp-content\/uploads\/2025\/11\/loris-shoshi-2-211x300.jpeg 211w, https:\/\/www.albinfo.ch\/wp-content\/uploads\/2025\/11\/loris-shoshi-2-169x240.jpeg 169w, https:\/\/www.albinfo.ch\/wp-content\/uploads\/2025\/11\/loris-shoshi-2-278x396.jpeg 278w, https:\/\/www.albinfo.ch\/wp-content\/uploads\/2025\/11\/loris-shoshi-2-70x100.jpeg 70w, https:\/\/www.albinfo.ch\/wp-content\/uploads\/2025\/11\/loris-shoshi-2-123x175.jpeg 123w\" sizes=\"auto, (max-width: 702px) 100vw, 702px\" \/><\/a><\/strong><\/p>\n<p data-start=\"0\" data-end=\"484\"><strong data-start=\"18\" data-end=\"34\">albinfo.ch:<\/strong> Consid\u00e8res-tu la politique comme une suite logique de ton engagement dans l\u2019\u00e9conomie ou comme un domaine compl\u00e8tement diff\u00e9rent?<br data-start=\"164\" data-end=\"167\" \/><strong data-start=\"167\" data-end=\"185\">Loris Shoshi:<\/strong> La politique et le monde des affaires sont li\u00e9s, les deux exigent une vision, un sens des responsabilit\u00e9s et la capacit\u00e9 de collaborer avec des personnes diff\u00e9rentes. Pour moi, la politique est une mani\u00e8re d\u2019utiliser mon exp\u00e9rience dans le business afin de cr\u00e9er de la valeur pour la communaut\u00e9.<\/p>\n<p data-start=\"486\" data-end=\"869\"><strong data-start=\"486\" data-end=\"502\">albinfo.ch:<\/strong> Comment vois-tu le r\u00f4le des jeunes, en particulier de ceux d\u2019origine albanaise, dans la politique suisse?<br data-start=\"609\" data-end=\"612\" \/><strong data-start=\"612\" data-end=\"630\">Loris Shoshi:<\/strong> Les jeunes repr\u00e9sentent l\u2019\u00e9nergie et les nouvelles id\u00e9es dont la politique a besoin. Les personnes d\u2019origine albanaise peuvent apporter des perspectives diff\u00e9rentes et contribuer \u00e0 un dialogue plus riche et \u00e0 une soci\u00e9t\u00e9 plus inclusive.<\/p>\n<p data-start=\"871\" data-end=\"1244\"><strong data-start=\"871\" data-end=\"887\">albinfo.ch:<\/strong> Penses-tu que la diaspora albanaise a un grand potentiel pour influencer positivement la vie publique en Suisse?<br data-start=\"1001\" data-end=\"1004\" \/><strong data-start=\"1004\" data-end=\"1022\">Loris Shoshi:<\/strong> Oui, la diaspora a un grand potentiel. Son engagement dans la politique, les affaires et les organisations communautaires peut apporter de nouvelles id\u00e9es, des projets utiles et une contribution importante \u00e0 la soci\u00e9t\u00e9.<\/p>\n<p data-start=\"1246\" data-end=\"1604\"><strong data-start=\"1246\" data-end=\"1262\">albinfo.ch:<\/strong> Quel est ton message pour les jeunes qui ont des id\u00e9es mais h\u00e9sitent \u00e0 faire des pas concrets en politique ou dans les affaires?<br data-start=\"1392\" data-end=\"1395\" \/><strong data-start=\"1395\" data-end=\"1413\">Loris Shoshi:<\/strong> N\u2019attendez pas le moment parfait\u00a0 commencez par de petites \u00e9tapes et apprenez en cours de route. En utilisant votre \u00e9nergie et votre cr\u00e9ativit\u00e9, vous pouvez apporter de vrais changements.<\/p>\n<p data-start=\"1606\" data-end=\"2055\"><strong data-start=\"1606\" data-end=\"1622\">albinfo.ch:<\/strong> Quel a \u00e9t\u00e9 jusqu\u2019\u00e0 pr\u00e9sent ton plus grand d\u00e9fi en tant qu\u2019entrepreneur et candidat politique?<br data-start=\"1717\" data-end=\"1720\" \/><strong data-start=\"1720\" data-end=\"1738\">Loris Shoshi :<\/strong> En tant qu\u2019entrepreneur, le plus grand d\u00e9fi a \u00e9t\u00e9 la gestion des risques et la recherche d\u2019un \u00e9quilibre entre la vision et la r\u00e9alit\u00e9 du march\u00e9. En tant que candidat politique, le d\u00e9fi consiste \u00e0 convaincre les gens de croire en vos id\u00e9es et en votre programme, tout en restant transparent et ouvert aux critiques.<\/p>\n<p data-start=\"2057\" data-end=\"2392\"><strong data-start=\"2057\" data-end=\"2073\">albinfo.ch:<\/strong> Comment vois-tu ton avenir dans quelques ann\u00e9es \u2013 en politique, dans les affaires ou dans les deux?<br data-start=\"2174\" data-end=\"2177\" \/><strong data-start=\"2177\" data-end=\"2195\">Loris Shoshi:<\/strong> Je vois mon avenir comme une combinaison des deux : je continuerai \u00e0 d\u00e9velopper mes activit\u00e9s commerciales, mais je veux aussi contribuer en politique pour un Schlieren meilleur et plus durable.<\/p>\n<p data-start=\"2394\" data-end=\"2707\"><strong data-start=\"2394\" data-end=\"2410\">albinfo.ch:<\/strong> Qu\u2019est-ce qui te ferait te sentir r\u00e9ussi dans cette campagne?<br data-start=\"2473\" data-end=\"2476\" \/><strong data-start=\"2476\" data-end=\"2494\">Loris Shoshi:<\/strong> Pouvoir cr\u00e9er un dialogue avec le plus grand nombre d\u2019habitants possible et influencer des d\u00e9cisions qui am\u00e9liorent leur vie. Le succ\u00e8s, c\u2019est quand les citoyens ressentent une am\u00e9lioration dans leur quotidien.<\/p>\n<p data-start=\"2709\" data-end=\"2973\"><strong data-start=\"2709\" data-end=\"2725\">albinfo.ch:<\/strong> Quel est le principe ou la valeur qui guide ta prise de d\u00e9cision?<br data-start=\"2792\" data-end=\"2795\" \/><strong data-start=\"2795\" data-end=\"2813\">Loris Shoshi:<\/strong> La transparence, la responsabilit\u00e9 et l\u2019efficacit\u00e9. Les d\u00e9cisions doivent \u00eatre bas\u00e9es sur des faits, \u00eatre justes et contribuer au bien-\u00eatre de la communaut\u00e9.<\/p>\n<p>\u00c0 lire aussi:<\/p>\n<blockquote class=\"wp-embedded-content\" data-secret=\"1FbpAwrxYO\"><p><a href=\"https:\/\/www.albinfo.ch\/bau-investment-schweiz-ag-kompania-qe-lulezoi-ne-kohe-pandemie\/\">\u201cBau Investment Schweiz AG\u201d, kompania q\u00eb lul\u00ebzoi n\u00eb koh\u00eb pandemie<\/a><\/p><\/blockquote>\n<p><iframe loading=\"lazy\" class=\"wp-embedded-content\" sandbox=\"allow-scripts\" security=\"restricted\" style=\"position: absolute; visibility: hidden;\" title=\"&#8220;\u201cBau Investment Schweiz AG\u201d, kompania q\u00eb lul\u00ebzoi n\u00eb koh\u00eb pandemie&#8221; &#8212; Albinfo\" src=\"https:\/\/www.albinfo.ch\/bau-investment-schweiz-ag-kompania-qe-lulezoi-ne-kohe-pandemie\/embed\/#?secret=Dg9VuBHldo#?secret=1FbpAwrxYO\" data-secret=\"1FbpAwrxYO\" width=\"587\" height=\"331\" frameborder=\"0\" marginwidth=\"0\" marginheight=\"0\" scrolling=\"no\"><\/iframe><\/p>\n<p>Lexoni po ashtu:<\/p>\n<blockquote class=\"wp-embedded-content\" data-secret=\"5bOYmj4Dkx\"><p><a href=\"https:\/\/www.albinfo.ch\/vellezerit-shoshi-nga-zvicra-ndihmojne-serish-fshatin-e-tyre-te-lindjes-skivjanin-e-gjakoves\/\">V\u00ebllez\u00ebrit Shoshi nga Zvicra ndihmojn\u00eb s\u00ebrish fshatin e tyre t\u00eb lindjes, Skivjanin e Gjakov\u00ebs<\/a><\/p><\/blockquote>\n<p><iframe loading=\"lazy\" class=\"wp-embedded-content\" sandbox=\"allow-scripts\" security=\"restricted\" style=\"position: absolute; visibility: hidden;\" title=\"&#8220;V\u00ebllez\u00ebrit Shoshi nga Zvicra ndihmojn\u00eb s\u00ebrish fshatin e tyre t\u00eb lindjes, Skivjanin e Gjakov\u00ebs&#8221; &#8212; Albinfo\" src=\"https:\/\/www.albinfo.ch\/vellezerit-shoshi-nga-zvicra-ndihmojne-serish-fshatin-e-tyre-te-lindjes-skivjanin-e-gjakoves\/embed\/#?secret=AicROgByEE#?secret=5bOYmj4Dkx\" data-secret=\"5bOYmj4Dkx\" width=\"587\" height=\"331\" frameborder=\"0\" marginwidth=\"0\" marginheight=\"0\" scrolling=\"no\"><\/iframe><\/p>\n<p>&nbsp;<\/p>\n","protected":false},"excerpt":{"rendered":"<p>\u00c0 Schlieren, dans le canton de Zurich, o\u00f9 vit une importante communaut\u00e9 albanaise, un nouveau nom fait son entr\u00e9e sur la sc\u00e8ne politique locale. Loris Shoshi, \u00e2g\u00e9 de seulement 24 ans, est l\u2019un des plus jeunes entrepreneurs albanais en Suisse, actif dans les domaines de l\u2019immobilier, de la construction et des investissements. Aujourd\u2019hui, il souhaite [&hellip;]<\/p>\n","protected":false},"author":6,"featured_media":873193,"comment_status":"closed","ping_status":"closed","sticky":false,"template":"","format":"standard","meta":{"footnotes":""},"categories":[34898,34926,3951,1163,1411,2014],"tags":[],"vendi":[],"content_country":[],"class_list":["post-873428","post","type-post","status-publish","format-standard","has-post-thumbnail","hentry","category-integration-2","category-thematique-2","category-intervista-fr","category-fr-e-diaspora","category-newsletter-fr","category-newsletter-media-fr"],"acf":[],"_links":{"self":[{"href":"https:\/\/www.albinfo.ch\/fr\/wp-json\/wp\/v2\/posts\/873428","targetHints":{"allow":["GET"]}}],"collection":[{"href":"https:\/\/www.albinfo.ch\/fr\/wp-json\/wp\/v2\/posts"}],"about":[{"href":"https:\/\/www.albinfo.ch\/fr\/wp-json\/wp\/v2\/types\/post"}],"author":[{"embeddable":true,"href":"https:\/\/www.albinfo.ch\/fr\/wp-json\/wp\/v2\/users\/6"}],"replies":[{"embeddable":true,"href":"https:\/\/www.albinfo.ch\/fr\/wp-json\/wp\/v2\/comments?post=873428"}],"version-history":[{"count":1,"href":"https:\/\/www.albinfo.ch\/fr\/wp-json\/wp\/v2\/posts\/873428\/revisions"}],"predecessor-version":[{"id":873430,"href":"https:\/\/www.albinfo.ch\/fr\/wp-json\/wp\/v2\/posts\/873428\/revisions\/873430"}],"wp:featuredmedia":[{"embeddable":true,"href":"https:\/\/www.albinfo.ch\/fr\/wp-json\/wp\/v2\/media\/873193"}],"wp:attachment":[{"href":"https:\/\/www.albinfo.ch\/fr\/wp-json\/wp\/v2\/media?parent=873428"}],"wp:term":[{"taxonomy":"category","embeddable":true,"href":"https:\/\/www.albinfo.ch\/fr\/wp-json\/wp\/v2\/categories?post=873428"},{"taxonomy":"post_tag","embeddable":true,"href":"https:\/\/www.albinfo.ch\/fr\/wp-json\/wp\/v2\/tags?post=873428"},{"taxonomy":"vendi","embeddable":true,"href":"https:\/\/www.albinfo.ch\/fr\/wp-json\/wp\/v2\/vendi?post=873428"},{"taxonomy":"content_country","embeddable":true,"href":"https:\/\/www.albinfo.ch\/fr\/wp-json\/wp\/v2\/content_country?post=873428"}],"curies":[{"name":"wp","href":"https:\/\/api.w.org\/{rel}","templated":true}]}}