{"id":873784,"date":"2025-11-10T22:20:56","date_gmt":"2025-11-10T21:20:56","guid":{"rendered":"https:\/\/www.albinfo.ch\/?p=873784"},"modified":"2025-11-11T01:01:12","modified_gmt":"2025-11-11T00:01:12","slug":"les-touristes-irlandais-choisissent-lalbanie-comme-les-maldives-de-leurope","status":"publish","type":"post","link":"https:\/\/www.albinfo.ch\/fr\/les-touristes-irlandais-choisissent-lalbanie-comme-les-maldives-de-leurope\/","title":{"rendered":"Les touristes irlandais choisissent l\u2019Albanie comme les \u201cMaldives de l\u2019Europe\u201d"},"content":{"rendered":"<p data-start=\"0\" data-end=\"331\">Les Maldives restent l\u2019une des destinations de r\u00eave les plus pris\u00e9es pour les vacances, mais pour de nombreux voyageurs, elles demeurent lointaines et co\u00fbteuses. Le c\u00e9l\u00e8bre magazine irlandais <em data-start=\"210\" data-end=\"216\">RSVP<\/em> \u00e9crit qu\u2019une alternative plus proche et beaucoup plus abordable gagne de plus en plus en popularit\u00e9 : l\u2019Albanie.<\/p>\n<p data-start=\"333\" data-end=\"663\">Avec ses plages de sable blanc, ses eaux cristallines et ses paysages m\u00e9diterran\u00e9ens \u00e0 couper le souffle, notre pays est de plus en plus souvent d\u00e9crit comme les \u201cMaldives de l\u2019Europe\u201d. Contrairement aux destinations surpeupl\u00e9es du continent, l\u2019Albanie conserve encore sa tranquillit\u00e9 et des prix raisonnables, \u00e9crit albinfo.ch.<\/p>\n<p data-start=\"665\" data-end=\"984\">Selon <em data-start=\"671\" data-end=\"677\">RSVP<\/em>, une semaine aux Maldives pendant la haute saison co\u00fbte plus de 2 300 euros pour deux personnes, sans inclure les billets d\u2019avion. En revanche, en Albanie, on peut trouver des h\u00e9bergements de luxe en bord de mer \u00e0 environ 23 euros la nuit, tandis qu\u2019un d\u00eener complet avec boissons co\u00fbte environ 18 euros.<\/p>\n<p data-start=\"986\" data-end=\"1223\">La Riviera albanaise, avec ses eaux turquoise et ses plages panoramiques, attire de plus en plus de touristes internationaux gr\u00e2ce aux images qui circulent sur les r\u00e9seaux sociaux, o\u00f9 les comparaisons avec les Maldives sont nombreuses.<\/p>\n<p data-start=\"1225\" data-end=\"1513\">Les vols entre l\u2019Irlande et l\u2019Albanie sont \u00e9galement avantageux. Bien qu\u2019il n\u2019existe pas de vol direct entre Dublin et Tirana, les voyageurs peuvent faire une escale \u00e0 Munich, Francfort, Bruxelles ou Zurich, avec des tarifs aller-retour \u00e0 partir de 142 euros, selon les dates de voyage.<\/p>\n<p data-start=\"1515\" data-end=\"1659\">Une autre option est de se rendre sur l\u2019\u00eele de Corfou (Gr\u00e8ce), d\u2019o\u00f9 les ferries vers la Riviera albanaise co\u00fbtent environ 18 euros par trajet.<\/p>\n<p data-start=\"1661\" data-end=\"1837\">Gr\u00e2ce \u00e0 la combinaison de prix bas, de paysages naturels et d\u2019hospitalit\u00e9, l\u2019Albanie devient l\u2019une des destinations les plus attrayantes pour les touristes irlandais en 2025.<\/p>\n","protected":false},"excerpt":{"rendered":"<p>Les Maldives restent l\u2019une des destinations de r\u00eave les plus pris\u00e9es pour les vacances, mais pour de nombreux voyageurs, elles demeurent lointaines et co\u00fbteuses. Le c\u00e9l\u00e8bre magazine irlandais RSVP \u00e9crit qu\u2019une alternative plus proche et beaucoup plus abordable gagne de plus en plus en popularit\u00e9 : l\u2019Albanie. Avec ses plages de sable blanc, ses eaux [&hellip;]<\/p>\n","protected":false},"author":6,"featured_media":873785,"comment_status":"closed","ping_status":"closed","sticky":false,"template":"","format":"standard","meta":{"footnotes":""},"categories":[23272,1160,3943,3944,23277,23270,24623,24634,1159],"tags":[],"vendi":[],"content_country":[],"class_list":["post-873784","post","type-post","status-publish","format-standard","has-post-thumbnail","hentry","category-albanie","category-actuel","category-shqiperia-fr","category-turizmi-fr","category-news-fr","category-at-balkani-fr","category-albanie-fr","category-nouvelles-fr-3","category-ch-balkans"],"acf":[],"_links":{"self":[{"href":"https:\/\/www.albinfo.ch\/fr\/wp-json\/wp\/v2\/posts\/873784","targetHints":{"allow":["GET"]}}],"collection":[{"href":"https:\/\/www.albinfo.ch\/fr\/wp-json\/wp\/v2\/posts"}],"about":[{"href":"https:\/\/www.albinfo.ch\/fr\/wp-json\/wp\/v2\/types\/post"}],"author":[{"embeddable":true,"href":"https:\/\/www.albinfo.ch\/fr\/wp-json\/wp\/v2\/users\/6"}],"replies":[{"embeddable":true,"href":"https:\/\/www.albinfo.ch\/fr\/wp-json\/wp\/v2\/comments?post=873784"}],"version-history":[{"count":1,"href":"https:\/\/www.albinfo.ch\/fr\/wp-json\/wp\/v2\/posts\/873784\/revisions"}],"predecessor-version":[{"id":873786,"href":"https:\/\/www.albinfo.ch\/fr\/wp-json\/wp\/v2\/posts\/873784\/revisions\/873786"}],"wp:featuredmedia":[{"embeddable":true,"href":"https:\/\/www.albinfo.ch\/fr\/wp-json\/wp\/v2\/media\/873785"}],"wp:attachment":[{"href":"https:\/\/www.albinfo.ch\/fr\/wp-json\/wp\/v2\/media?parent=873784"}],"wp:term":[{"taxonomy":"category","embeddable":true,"href":"https:\/\/www.albinfo.ch\/fr\/wp-json\/wp\/v2\/categories?post=873784"},{"taxonomy":"post_tag","embeddable":true,"href":"https:\/\/www.albinfo.ch\/fr\/wp-json\/wp\/v2\/tags?post=873784"},{"taxonomy":"vendi","embeddable":true,"href":"https:\/\/www.albinfo.ch\/fr\/wp-json\/wp\/v2\/vendi?post=873784"},{"taxonomy":"content_country","embeddable":true,"href":"https:\/\/www.albinfo.ch\/fr\/wp-json\/wp\/v2\/content_country?post=873784"}],"curies":[{"name":"wp","href":"https:\/\/api.w.org\/{rel}","templated":true}]}}