{"id":874017,"date":"2025-11-11T18:13:34","date_gmt":"2025-11-11T17:13:34","guid":{"rendered":"https:\/\/www.albinfo.ch\/?p=874017"},"modified":"2025-11-11T23:25:16","modified_gmt":"2025-11-11T22:25:16","slug":"construire-comme-mission-le-parcours-de-jasmin-ibraimi-en-suisse","status":"publish","type":"post","link":"https:\/\/www.albinfo.ch\/fr\/construire-comme-mission-le-parcours-de-jasmin-ibraimi-en-suisse\/","title":{"rendered":"Construire comme mission: le parcours de Jasmin Ibraimi en Suisse"},"content":{"rendered":"<p>Jasmin Ibraimi, originaire de Negotina, dans la r\u00e9gion de Polog en Mac\u00e9doine du Nord, a b\u00e2ti une v\u00e9ritable histoire de r\u00e9ussite dans le secteur de la construction en Suisse. Sa passion pour le b\u00e2timent a commenc\u00e9 d\u00e8s son jeune \u00e2ge et n\u2019a cess\u00e9 de grandir au fil des ann\u00e9es. Il y a 12 ans, il a eu le courage de fonder l\u2019entreprise <strong>AkkoTech Bauunternehmen \u00e0 Winterthour,<\/strong> qui jouit aujourd\u2019hui d\u2019une r\u00e9putation solide et d\u2019une grande cr\u00e9dibilit\u00e9 sur le march\u00e9 suisse.<\/p>\n<p><a href=\"https:\/\/www.albinfo.ch\/wp-content\/uploads\/2025\/11\/jasmin-ndertim-scaled.jpg\"><img loading=\"lazy\" decoding=\"async\" class=\"alignnone wp-image-873618\" src=\"https:\/\/www.albinfo.ch\/wp-content\/uploads\/2025\/11\/jasmin-ndertim-scaled.jpg\" alt=\"\" width=\"600\" height=\"374\" srcset=\"https:\/\/www.albinfo.ch\/wp-content\/uploads\/2025\/11\/jasmin-ndertim-scaled.jpg 2560w, https:\/\/www.albinfo.ch\/wp-content\/uploads\/2025\/11\/jasmin-ndertim-300x187.jpg 300w, https:\/\/www.albinfo.ch\/wp-content\/uploads\/2025\/11\/jasmin-ndertim-1024x638.jpg 1024w, https:\/\/www.albinfo.ch\/wp-content\/uploads\/2025\/11\/jasmin-ndertim-768x479.jpg 768w, https:\/\/www.albinfo.ch\/wp-content\/uploads\/2025\/11\/jasmin-ndertim-1536x957.jpg 1536w, https:\/\/www.albinfo.ch\/wp-content\/uploads\/2025\/11\/jasmin-ndertim-2048x1276.jpg 2048w, https:\/\/www.albinfo.ch\/wp-content\/uploads\/2025\/11\/jasmin-ndertim-587x366.jpg 587w, https:\/\/www.albinfo.ch\/wp-content\/uploads\/2025\/11\/jasmin-ndertim-160x100.jpg 160w, https:\/\/www.albinfo.ch\/wp-content\/uploads\/2025\/11\/jasmin-ndertim-265x165.jpg 265w\" sizes=\"auto, (max-width: 600px) 100vw, 600px\" \/><\/a><\/p>\n<p data-start=\"0\" data-end=\"58\"><strong data-start=\"18\" data-end=\"56\">Premier d\u00e9fi: gagner la confiance<\/strong><\/p>\n<p data-start=\"60\" data-end=\"503\">Les premi\u00e8res ann\u00e9es ont \u00e9t\u00e9 les plus difficiles. Jasmin raconte que le plus grand d\u00e9fi a \u00e9t\u00e9 de gagner en cr\u00e9dibilit\u00e9 sur le march\u00e9.<br data-start=\"193\" data-end=\"196\" \/>\u201cM\u00eame si j\u2019avais la nationalit\u00e9 suisse, les architectes comme les investisseurs me regardaient souvent avec scepticisme. Mais avec rigueur, professionnalisme et qualit\u00e9, chaque projet que nous avons r\u00e9alis\u00e9 a apport\u00e9 satisfaction et confiance, nous ouvrant la voie vers de nouveaux projets,\u201d raconte-t-il.<\/p>\n<p data-start=\"505\" data-end=\"530\"><strong data-start=\"505\" data-end=\"528\">La fiert\u00e9 du m\u00e9tier<\/strong><\/p>\n<p data-start=\"532\" data-end=\"835\">Pour Jasmin, chaque projet achev\u00e9 avec succ\u00e8s et chaque client satisfait est une r\u00e9ussite en soi.<br data-start=\"629\" data-end=\"632\" \/>\u201cQuand les architectes te complimentent et que les investisseurs expriment leur satisfaction, c\u2019est le plus grand plaisir. Chaque projet porte en lui un sentiment particulier de fiert\u00e9,\u201d souligne-t-il.<\/p>\n<p data-start=\"837\" data-end=\"870\"><strong data-start=\"837\" data-end=\"868\">Message aux jeunes Albanais<\/strong><\/p>\n<p data-start=\"872\" data-end=\"1301\">S\u2019adressant aux jeunes Albanais qui souhaitent entrer dans le secteur de la construction, il souligne:<br data-start=\"975\" data-end=\"978\" \/>\u201cN\u2019ayez pas peur du travail. Il est vrai que le b\u00e2timent demande beaucoup, mais si tu le fais avec passion et sinc\u00e9rit\u00e9, le travail devient un plaisir. J\u2019ai commenc\u00e9 \u00e0 16 ans et, chaque ann\u00e9e, mon amour pour ce m\u00e9tier n\u2019a fait que grandir. Le travail accompli avec d\u00e9vouement apporte toujours des r\u00e9sultats et du succ\u00e8s.\u201d<\/p>\n<p><a href=\"https:\/\/www.albinfo.ch\/wp-content\/uploads\/2025\/11\/dsc_1894-scaled.jpg\"><img loading=\"lazy\" decoding=\"async\" class=\"alignnone wp-image-873612\" src=\"https:\/\/www.albinfo.ch\/wp-content\/uploads\/2025\/11\/dsc_1894-scaled.jpg\" alt=\"\" width=\"417\" height=\"600\" srcset=\"https:\/\/www.albinfo.ch\/wp-content\/uploads\/2025\/11\/dsc_1894-scaled.jpg 1779w, https:\/\/www.albinfo.ch\/wp-content\/uploads\/2025\/11\/dsc_1894-208x300.jpg 208w, https:\/\/www.albinfo.ch\/wp-content\/uploads\/2025\/11\/dsc_1894-712x1024.jpg 712w, https:\/\/www.albinfo.ch\/wp-content\/uploads\/2025\/11\/dsc_1894-768x1105.jpg 768w, https:\/\/www.albinfo.ch\/wp-content\/uploads\/2025\/11\/dsc_1894-1067x1536.jpg 1067w, https:\/\/www.albinfo.ch\/wp-content\/uploads\/2025\/11\/dsc_1894-1423x2048.jpg 1423w, https:\/\/www.albinfo.ch\/wp-content\/uploads\/2025\/11\/dsc_1894-275x396.jpg 275w, https:\/\/www.albinfo.ch\/wp-content\/uploads\/2025\/11\/dsc_1894-69x100.jpg 69w, https:\/\/www.albinfo.ch\/wp-content\/uploads\/2025\/11\/dsc_1894-122x175.jpg 122w\" sizes=\"auto, (max-width: 417px) 100vw, 417px\" \/><\/a><\/p>\n<p data-start=\"0\" data-end=\"285\">Ibraimi observe avec fiert\u00e9 que les Albanais sont de plus en plus pr\u00e9sents dans des postes cl\u00e9s en Suisse, non seulement dans le secteur de la construction, mais aussi dans d\u2019autres domaines.<br data-start=\"209\" data-end=\"212\" \/>\u201cLes Albanais progressent \u00e0 grands pas dans tous les secteurs\u201d, dit-il.<\/p>\n<p data-start=\"287\" data-end=\"573\">Lorsqu\u2019on lui demande quelles sont les comp\u00e9tences les plus importantes dans ce m\u00e9tier, il partage un conseil re\u00e7u de son p\u00e8re: \u201cFais le travail que tu aimes. Si ton travail ne t\u2019apporte pas de joie, alors ce n\u2019est pas le bon chemin. L\u2019amour pour sa profession est la cl\u00e9 du succ\u00e8s.\u201d<\/p>\n<p data-start=\"575\" data-end=\"606\"><strong data-start=\"575\" data-end=\"604\">La vie comme \u201cBaumeister\u201d<\/strong><\/p>\n<p><a href=\"https:\/\/www.albinfo.ch\/wp-content\/uploads\/2025\/11\/ndertim-jasmin-scaled.jpg\"><img loading=\"lazy\" decoding=\"async\" class=\"alignnone wp-image-873624\" src=\"https:\/\/www.albinfo.ch\/wp-content\/uploads\/2025\/11\/ndertim-jasmin-scaled.jpg\" alt=\"\" width=\"600\" height=\"400\" srcset=\"https:\/\/www.albinfo.ch\/wp-content\/uploads\/2025\/11\/ndertim-jasmin-scaled.jpg 2560w, https:\/\/www.albinfo.ch\/wp-content\/uploads\/2025\/11\/ndertim-jasmin-300x200.jpg 300w, https:\/\/www.albinfo.ch\/wp-content\/uploads\/2025\/11\/ndertim-jasmin-1024x683.jpg 1024w, https:\/\/www.albinfo.ch\/wp-content\/uploads\/2025\/11\/ndertim-jasmin-768x512.jpg 768w, https:\/\/www.albinfo.ch\/wp-content\/uploads\/2025\/11\/ndertim-jasmin-1536x1024.jpg 1536w, https:\/\/www.albinfo.ch\/wp-content\/uploads\/2025\/11\/ndertim-jasmin-2048x1365.jpg 2048w, https:\/\/www.albinfo.ch\/wp-content\/uploads\/2025\/11\/ndertim-jasmin-210x141.jpg 210w, https:\/\/www.albinfo.ch\/wp-content\/uploads\/2025\/11\/ndertim-jasmin-587x391.jpg 587w, https:\/\/www.albinfo.ch\/wp-content\/uploads\/2025\/11\/ndertim-jasmin-150x100.jpg 150w, https:\/\/www.albinfo.ch\/wp-content\/uploads\/2025\/11\/ndertim-jasmin-263x175.jpg 263w\" sizes=\"auto, (max-width: 600px) 100vw, 600px\" \/><\/a><\/p>\n<p data-start=\"0\" data-end=\"441\">En tant que chef de chantier (Baumeister), sa journ\u00e9e commence avec les projets d\u00e8s leurs fondations (Tief- et Rohbau) et se termine par la supervision de chaque d\u00e9tail technique.<br data-start=\"197\" data-end=\"200\" \/>Son premier projet, se souvient-il, fut un grand d\u00e9fi, non seulement sur le plan mat\u00e9riel mais aussi financier. \u201cC\u2019\u00e9tait une exp\u00e9rience difficile, mais elle m\u2019a laiss\u00e9 un souvenir inoubliable et m\u2019a donn\u00e9 la force de ne jamais abandonner.\u201d<\/p>\n<p data-start=\"443\" data-end=\"731\">Son objectif est que l\u2019entreprise AkkoTech continue de prosp\u00e9rer. \u201cMon souhait est de poursuivre ce chemin avec rigueur et professionnalisme. Et quand viendra le moment de fermer ce chapitre, qu\u2019il se ferme avec dignit\u00e9, en remerciant tous ceux qui nous ont fait confiance,\u201d conclut-il.<\/p>\n<p><a href=\"https:\/\/www.albinfo.ch\/wp-content\/uploads\/2025\/11\/dsc_1946-scaled.jpg\"><img loading=\"lazy\" decoding=\"async\" class=\"alignnone wp-image-873601\" src=\"https:\/\/www.albinfo.ch\/wp-content\/uploads\/2025\/11\/dsc_1946-scaled.jpg\" alt=\"\" width=\"600\" height=\"393\" srcset=\"https:\/\/www.albinfo.ch\/wp-content\/uploads\/2025\/11\/dsc_1946-scaled.jpg 2560w, https:\/\/www.albinfo.ch\/wp-content\/uploads\/2025\/11\/dsc_1946-300x197.jpg 300w, https:\/\/www.albinfo.ch\/wp-content\/uploads\/2025\/11\/dsc_1946-1024x671.jpg 1024w, https:\/\/www.albinfo.ch\/wp-content\/uploads\/2025\/11\/dsc_1946-768x503.jpg 768w, https:\/\/www.albinfo.ch\/wp-content\/uploads\/2025\/11\/dsc_1946-1536x1007.jpg 1536w, https:\/\/www.albinfo.ch\/wp-content\/uploads\/2025\/11\/dsc_1946-2048x1343.jpg 2048w, https:\/\/www.albinfo.ch\/wp-content\/uploads\/2025\/11\/dsc_1946-87x56.jpg 87w, https:\/\/www.albinfo.ch\/wp-content\/uploads\/2025\/11\/dsc_1946-587x385.jpg 587w, https:\/\/www.albinfo.ch\/wp-content\/uploads\/2025\/11\/dsc_1946-153x100.jpg 153w, https:\/\/www.albinfo.ch\/wp-content\/uploads\/2025\/11\/dsc_1946-265x175.jpg 265w\" sizes=\"auto, (max-width: 600px) 100vw, 600px\" \/><\/a><\/p>\n<p data-start=\"0\" data-end=\"79\"><strong>Les Albanais, de plus en plus pr\u00e9sents dans des postes cl\u00e9s<\/strong><\/p>\n<p data-start=\"81\" data-end=\"349\"><strong>Ibrahimi observe avec fiert\u00e9 que les Albanais sont de plus en plus pr\u00e9sents dans des postes cl\u00e9s en Suisse, non seulement dans le secteur de la construction, mais aussi dans d\u2019autres domaines.<\/strong><br data-start=\"273\" data-end=\"276\" \/><strong>\u201cLes Albanais progressent \u00e0 grands pas dans tous les secteurs\u201d, dit-il.<\/strong><\/p>\n","protected":false},"excerpt":{"rendered":"<p>Il y a 12 ans, il a eu le courage de fonder l\u2019entreprise AkkoTech Bauunternehmen \u00e0 Winterthour, qui jouit aujourd\u2019hui d\u2019une solide r\u00e9putation et d\u2019une grande cr\u00e9dibilit\u00e9 sur le march\u00e9 suisse.<\/p>\n","protected":false},"author":6,"featured_media":873599,"comment_status":"closed","ping_status":"closed","sticky":false,"template":"","format":"standard","meta":{"footnotes":""},"categories":[34921,1171,3980,1164,3979,19748,1163,1170],"tags":[],"vendi":[],"content_country":[31835,31838,31840],"class_list":["post-874017","post","type-post","status-publish","format-standard","has-post-thumbnail","hentry","category-les-batisseurs-de-la-suisse","category-thematique","category-portrait-des-entreprises","category-integration-fr","category-entreprises-cat","category-economie","category-fr-e-diaspora","category-vivre-en-suisse","content_country-austria-fr","content_country-germany-fr","content_country-zvicer-fr"],"acf":[],"_links":{"self":[{"href":"https:\/\/www.albinfo.ch\/fr\/wp-json\/wp\/v2\/posts\/874017","targetHints":{"allow":["GET"]}}],"collection":[{"href":"https:\/\/www.albinfo.ch\/fr\/wp-json\/wp\/v2\/posts"}],"about":[{"href":"https:\/\/www.albinfo.ch\/fr\/wp-json\/wp\/v2\/types\/post"}],"author":[{"embeddable":true,"href":"https:\/\/www.albinfo.ch\/fr\/wp-json\/wp\/v2\/users\/6"}],"replies":[{"embeddable":true,"href":"https:\/\/www.albinfo.ch\/fr\/wp-json\/wp\/v2\/comments?post=874017"}],"version-history":[{"count":1,"href":"https:\/\/www.albinfo.ch\/fr\/wp-json\/wp\/v2\/posts\/874017\/revisions"}],"predecessor-version":[{"id":874018,"href":"https:\/\/www.albinfo.ch\/fr\/wp-json\/wp\/v2\/posts\/874017\/revisions\/874018"}],"wp:featuredmedia":[{"embeddable":true,"href":"https:\/\/www.albinfo.ch\/fr\/wp-json\/wp\/v2\/media\/873599"}],"wp:attachment":[{"href":"https:\/\/www.albinfo.ch\/fr\/wp-json\/wp\/v2\/media?parent=874017"}],"wp:term":[{"taxonomy":"category","embeddable":true,"href":"https:\/\/www.albinfo.ch\/fr\/wp-json\/wp\/v2\/categories?post=874017"},{"taxonomy":"post_tag","embeddable":true,"href":"https:\/\/www.albinfo.ch\/fr\/wp-json\/wp\/v2\/tags?post=874017"},{"taxonomy":"vendi","embeddable":true,"href":"https:\/\/www.albinfo.ch\/fr\/wp-json\/wp\/v2\/vendi?post=874017"},{"taxonomy":"content_country","embeddable":true,"href":"https:\/\/www.albinfo.ch\/fr\/wp-json\/wp\/v2\/content_country?post=874017"}],"curies":[{"name":"wp","href":"https:\/\/api.w.org\/{rel}","templated":true}]}}