{"id":874207,"date":"2025-11-12T21:22:45","date_gmt":"2025-11-12T20:22:45","guid":{"rendered":"https:\/\/www.albinfo.ch\/?p=874207"},"modified":"2025-11-12T21:23:29","modified_gmt":"2025-11-12T20:23:29","slug":"de-la-suisse-a-pristina-des-medecins-albanais-inspirent-la-nouvelle-generation-detudiants-en-medecine","status":"publish","type":"post","link":"https:\/\/www.albinfo.ch\/fr\/de-la-suisse-a-pristina-des-medecins-albanais-inspirent-la-nouvelle-generation-detudiants-en-medecine\/","title":{"rendered":"De la Suisse \u00e0 Pristina: des m\u00e9decins albanais inspirent la nouvelle g\u00e9n\u00e9ration d\u2019\u00e9tudiants en m\u00e9decine"},"content":{"rendered":"<p data-start=\"0\" data-end=\"352\">Pour la premi\u00e8re fois, la &#8220;Swiss Medical School&#8221; s\u2019est tenue en collaboration directe avec le Doyenn\u00e9 de la Facult\u00e9 de M\u00e9decine de l\u2019Universit\u00e9 de Pristina, marquant une nouvelle \u00e9tape dans le renforcement de la coop\u00e9ration acad\u00e9mique entre l\u2019Association des M\u00e9decins Albanais en Suisse et les institutions universitaires du Kosovo.<\/p>\n<p data-start=\"354\" data-end=\"624\">Les 8 et 9 novembre 2025, dans les locaux de la Facult\u00e9 de M\u00e9decine, s\u2019est d\u00e9roul\u00e9 cet important \u00e9v\u00e9nement scientifique, organis\u00e9 par l\u2019Association des M\u00e9decins Albanais en Suisse (LMSHZ) en collaboration avec l\u2019Organisation des \u00c9tudiants en M\u00e9decine du Kosovo (KOMS).<\/p>\n<p><a href=\"https:\/\/www.albinfo.ch\/wp-content\/uploads\/2025\/11\/576077827_18087096551505156_2729496831261626899_n.jpg\"><img loading=\"lazy\" decoding=\"async\" class=\"alignnone wp-image-874044\" src=\"https:\/\/www.albinfo.ch\/wp-content\/uploads\/2025\/11\/576077827_18087096551505156_2729496831261626899_n-1024x683.jpg\" alt=\"\" width=\"600\" height=\"400\" srcset=\"https:\/\/www.albinfo.ch\/wp-content\/uploads\/2025\/11\/576077827_18087096551505156_2729496831261626899_n-1024x683.jpg 1024w, https:\/\/www.albinfo.ch\/wp-content\/uploads\/2025\/11\/576077827_18087096551505156_2729496831261626899_n-300x200.jpg 300w, https:\/\/www.albinfo.ch\/wp-content\/uploads\/2025\/11\/576077827_18087096551505156_2729496831261626899_n-768x512.jpg 768w, https:\/\/www.albinfo.ch\/wp-content\/uploads\/2025\/11\/576077827_18087096551505156_2729496831261626899_n-210x141.jpg 210w, https:\/\/www.albinfo.ch\/wp-content\/uploads\/2025\/11\/576077827_18087096551505156_2729496831261626899_n-587x391.jpg 587w, https:\/\/www.albinfo.ch\/wp-content\/uploads\/2025\/11\/576077827_18087096551505156_2729496831261626899_n-150x100.jpg 150w, https:\/\/www.albinfo.ch\/wp-content\/uploads\/2025\/11\/576077827_18087096551505156_2729496831261626899_n-263x175.jpg 263w, https:\/\/www.albinfo.ch\/wp-content\/uploads\/2025\/11\/576077827_18087096551505156_2729496831261626899_n.jpg 1440w\" sizes=\"auto, (max-width: 600px) 100vw, 600px\" \/><\/a><\/p>\n<p>L\u2019\u00e9v\u00e9nement a r\u00e9uni plusieurs des m\u00e9decins albanais les plus r\u00e9put\u00e9s exer\u00e7ant en Suisse, qui ont donn\u00e9 des conf\u00e9rences devant les \u00e9tudiants de la Facult\u00e9 de M\u00e9decine de Pristina, partageant leurs exp\u00e9riences professionnelles et cr\u00e9ant de nouveaux ponts de coop\u00e9ration acad\u00e9mique entre la Suisse et le Kosovo.<\/p>\n<figure id=\"attachment_874186\" aria-describedby=\"caption-attachment-874186\" style=\"width: 600px\" class=\"wp-caption alignnone\"><a href=\"https:\/\/www.albinfo.ch\/wp-content\/uploads\/2025\/11\/dekanati.jpg\"><img loading=\"lazy\" decoding=\"async\" class=\"wp-image-874186\" src=\"https:\/\/www.albinfo.ch\/wp-content\/uploads\/2025\/11\/dekanati.jpg\" alt=\"\" width=\"600\" height=\"580\" srcset=\"https:\/\/www.albinfo.ch\/wp-content\/uploads\/2025\/11\/dekanati.jpg 561w, https:\/\/www.albinfo.ch\/wp-content\/uploads\/2025\/11\/dekanati-300x290.jpg 300w, https:\/\/www.albinfo.ch\/wp-content\/uploads\/2025\/11\/dekanati-410x396.jpg 410w, https:\/\/www.albinfo.ch\/wp-content\/uploads\/2025\/11\/dekanati-104x100.jpg 104w, https:\/\/www.albinfo.ch\/wp-content\/uploads\/2025\/11\/dekanati-181x175.jpg 181w\" sizes=\"auto, (max-width: 600px) 100vw, 600px\" \/><\/a><figcaption id=\"caption-attachment-874186\" class=\"wp-caption-text\">Prof. Dr. Sefedin Mu\u00e7aj, doyen de la Facult\u00e9 de M\u00e9decine<\/figcaption><\/figure>\n<p data-start=\"78\" data-end=\"347\">Lors de l\u2019ouverture, <strong>Prof. Dr. Sefedin Mu\u00e7aj, doyen de la Facult\u00e9 de M\u00e9decine, et Dr. med. Mentor Bilali, pr\u00e9sident de la LMSHZ,<\/strong> ont pris la parole, soulignant l\u2019importance de l\u2019\u00e9change d\u2019exp\u00e9riences entre les professionnels de la diaspora et les \u00e9tudiants au Kosovo.<\/p>\n<p><a href=\"https:\/\/www.albinfo.ch\/wp-content\/uploads\/2025\/11\/mentorl-bialli.jpg\"><img loading=\"lazy\" decoding=\"async\" class=\"wp-image-874047\" src=\"https:\/\/www.albinfo.ch\/wp-content\/uploads\/2025\/11\/mentorl-bialli.jpg\" alt=\"\" width=\"600\" height=\"550\" srcset=\"https:\/\/www.albinfo.ch\/wp-content\/uploads\/2025\/11\/mentorl-bialli.jpg 867w, https:\/\/www.albinfo.ch\/wp-content\/uploads\/2025\/11\/mentorl-bialli-300x275.jpg 300w, https:\/\/www.albinfo.ch\/wp-content\/uploads\/2025\/11\/mentorl-bialli-768x704.jpg 768w, https:\/\/www.albinfo.ch\/wp-content\/uploads\/2025\/11\/mentorl-bialli-432x396.jpg 432w, https:\/\/www.albinfo.ch\/wp-content\/uploads\/2025\/11\/mentorl-bialli-109x100.jpg 109w, https:\/\/www.albinfo.ch\/wp-content\/uploads\/2025\/11\/mentorl-bialli-191x175.jpg 191w\" sizes=\"auto, (max-width: 600px) 100vw, 600px\" \/><\/a><\/p>\n<p data-start=\"1286\" data-end=\"1530\">Dr. med. Mentor Bilali, Pr\u00e4sident der LMSHZ<\/p>\n<p data-start=\"1286\" data-end=\"1530\"><strong>Dr. med. Mentor Bilali<\/strong>, pr\u00e9sident de la Ligue des M\u00e9decins Albanais en Suisse: \u201cSwiss Medical School 2025 a \u00e9t\u00e9 un \u00e9v\u00e9nement exceptionnel, inspirant et tr\u00e8s professionnel. Une \u00e9nergie particuli\u00e8re s\u2019est ressentie parmi les participants \u2013 une combinaison de motivation acad\u00e9mique et d\u2019amour pour la patrie. Le grand int\u00e9r\u00eat des \u00e9tudiants et la coop\u00e9ration \u00e9troite avec le corps acad\u00e9mique ont montr\u00e9 que cette initiative a r\u00e9ussi \u00e0 cr\u00e9er de v\u00e9ritables ponts entre le savoir, l\u2019exp\u00e9rience et notre identit\u00e9 professionnelle. Ces moments nous rappellent combien il est possible d\u2019accomplir lorsque nous unissons la connaissance, le d\u00e9vouement et nos racines.\u201d<br \/>\nSelon la LMSHZ, \u201cCet \u00e9v\u00e9nement scientifique \u00e9tait d\u00e9di\u00e9 aux dipl\u00f4m\u00e9s de la Facult\u00e9 de M\u00e9decine et de Stomatologie, ainsi qu\u2019aux jeunes m\u00e9decins, dans le but de faciliter le transfert des connaissances contemporaines et des exp\u00e9riences professionnelles de la Suisse vers le Kosovo. La coop\u00e9ration avec la Facult\u00e9 de M\u00e9decine de l\u2019Universit\u00e9 de Pristina constitue un pilier fondamental de ce projet ; elle facilite l\u2019\u00e9change de savoirs et cr\u00e9e des ponts durables de collaboration entre les professionnels albanais en Suisse et ceux du Kosovo et d\u2019ailleurs.\u201d<br \/>\n\u00c0 la fin de l\u2019\u00e9v\u00e9nement, plusieurs m\u00e9decins conf\u00e9renciers ont partag\u00e9 leurs impressions avec Albinfo.ch, exprimant leur appr\u00e9ciation pour la rencontre avec les \u00e9tudiants de Pristina et pour le niveau de pr\u00e9paration acad\u00e9mique de ces derniers.<\/p>\n<p>&nbsp;<\/p>\n<figure id=\"attachment_874189\" aria-describedby=\"caption-attachment-874189\" style=\"width: 608px\" class=\"wp-caption alignnone\"><a href=\"https:\/\/www.albinfo.ch\/wp-content\/uploads\/2025\/11\/neziri.jpg\"><img loading=\"lazy\" decoding=\"async\" class=\"wp-image-874189\" src=\"https:\/\/www.albinfo.ch\/wp-content\/uploads\/2025\/11\/neziri.jpg\" alt=\"\" width=\"608\" height=\"650\" srcset=\"https:\/\/www.albinfo.ch\/wp-content\/uploads\/2025\/11\/neziri.jpg 682w, https:\/\/www.albinfo.ch\/wp-content\/uploads\/2025\/11\/neziri-281x300.jpg 281w, https:\/\/www.albinfo.ch\/wp-content\/uploads\/2025\/11\/neziri-370x396.jpg 370w, https:\/\/www.albinfo.ch\/wp-content\/uploads\/2025\/11\/neziri-94x100.jpg 94w, https:\/\/www.albinfo.ch\/wp-content\/uploads\/2025\/11\/neziri-164x175.jpg 164w\" sizes=\"auto, (max-width: 608px) 100vw, 608px\" \/><\/a><figcaption id=\"caption-attachment-874189\" class=\"wp-caption-text\">Prof. Dr. Alban Y. Neziri,Prof. Dr. Alban Y. Neziri, gyn\u00e9cologue et membre du comit\u00e9 ex\u00e9cutif de la Ligue des M\u00e9decins Albanais en Suisse<\/figcaption><\/figure>\n<p data-start=\"0\" data-end=\"606\">Prof. Dr. Alban Y. Neziri, gyn\u00e9cologue et membre du comit\u00e9 ex\u00e9cutif de la Ligue des M\u00e9decins Albanais en Suisse.<br data-start=\"130\" data-end=\"133\" \/><strong data-start=\"133\" data-end=\"149\">Conf\u00e9rence:<\/strong> Principes de pr\u00e9vention et de traitement du cancer du col de l\u2019ut\u00e9rus<br data-start=\"219\" data-end=\"222\" \/>\u201cLa Swiss Medical School 2025 n\u2019a pas seulement suscit\u00e9 l\u2019int\u00e9r\u00eat de centaines d\u2019\u00e9tudiants et de m\u00e9decins en sp\u00e9cialisation, mais a aussi \u00e9t\u00e9 organis\u00e9e pour la premi\u00e8re fois en collaboration directe avec le Doyenn\u00e9 de la Facult\u00e9 de M\u00e9decine. C\u2019est un excellent exemple de coop\u00e9ration avanc\u00e9e entre la Ligue des M\u00e9decins Albanais en Suisse et les institutions acad\u00e9miques du Kosovo.\u201d<\/p>\n<p data-start=\"608\" data-end=\"830\">L\u2019organisation de l\u2019\u00e9v\u00e9nement a \u00e9t\u00e9 pr\u00e9c\u00e9d\u00e9e par plusieurs rencontres bilat\u00e9rales entre le Doyen de la Facult\u00e9 de M\u00e9decine, Prof. Dr. Sefedin Mu\u00e7aj, et la vice-doyenne charg\u00e9e de l\u2019enseignement, Prof. Dr. Aurora Bakalli.<\/p>\n<p data-start=\"832\" data-end=\"1403\">\u201cL\u2019\u00e9v\u00e9nement a \u00e9t\u00e9 r\u00e9alis\u00e9 en \u00e9troite collaboration avec l\u2019organisation \u00e9tudiante KOMS et sa pr\u00e9sidente, Dr. Bardh\u00eb Agaj.<br data-start=\"953\" data-end=\"956\" \/>La Swiss Medical School a \u00e9t\u00e9 accr\u00e9dit\u00e9e pour la premi\u00e8re fois par l\u2019Ordre des M\u00e9decins du Kosovo. L\u2019int\u00e9r\u00eat des \u00e9tudiants et des m\u00e9decins en sp\u00e9cialisation a \u00e9t\u00e9 exceptionnel, tandis que la participation et les discussions interactives ont fait de cet \u00e9v\u00e9nement un v\u00e9ritable \u00e9change acad\u00e9mique entre les enseignants et les participants. J\u2019esp\u00e8re que cette collaboration se poursuivra et se renforcera encore \u00e0 l\u2019avenir\u201d, a d\u00e9clar\u00e9 le Dr Neziri.<\/p>\n<figure id=\"attachment_874050\" aria-describedby=\"caption-attachment-874050\" style=\"width: 593px\" class=\"wp-caption alignnone\"><a href=\"https:\/\/www.albinfo.ch\/wp-content\/uploads\/2025\/11\/perparim-limani.jpg\"><img loading=\"lazy\" decoding=\"async\" class=\"wp-image-874050\" src=\"https:\/\/www.albinfo.ch\/wp-content\/uploads\/2025\/11\/perparim-limani.jpg\" alt=\"\" width=\"593\" height=\"680\" srcset=\"https:\/\/www.albinfo.ch\/wp-content\/uploads\/2025\/11\/perparim-limani.jpg 677w, https:\/\/www.albinfo.ch\/wp-content\/uploads\/2025\/11\/perparim-limani-262x300.jpg 262w, https:\/\/www.albinfo.ch\/wp-content\/uploads\/2025\/11\/perparim-limani-345x396.jpg 345w, https:\/\/www.albinfo.ch\/wp-content\/uploads\/2025\/11\/perparim-limani-87x100.jpg 87w, https:\/\/www.albinfo.ch\/wp-content\/uploads\/2025\/11\/perparim-limani-153x175.jpg 153w\" sizes=\"auto, (max-width: 593px) 100vw, 593px\" \/><\/a><figcaption id=\"caption-attachment-874050\" class=\"wp-caption-text\">Prof. Dr. P\u00ebrparim Limani<\/figcaption><\/figure>\n<p>Prof. Dr. P\u00ebrparim Limani, chirurgien, qui a pr\u00e9sent\u00e9 le sujet \u201cLa chirurgie cytor\u00e9ductive (CRS) et la chimioth\u00e9rapie intrap\u00e9riton\u00e9ale hyperthermique (HIPEC) pour les malignit\u00e9s de la surface p\u00e9riton\u00e9ale (PSM)\u201d, a d\u00e9clar\u00e9 :<br data-start=\"241\" data-end=\"244\" data-is-only-node=\"\" \/>\u201cCe fut un v\u00e9ritable plaisir de donner une conf\u00e9rence devant les \u00e9tudiants de la Facult\u00e9 de M\u00e9decine de Pristina et de d\u00e9velopper des discussions approfondies autour de ce sujet complexe, mais extr\u00eamement important pour le traitement moderne des patients atteints de tumeurs p\u00e9riton\u00e9ales. J\u2019ai \u00e9t\u00e9 particuli\u00e8rement impressionn\u00e9 par le grand int\u00e9r\u00eat des \u00e9tudiants et par la mani\u00e8re critique dont ils ont abord\u00e9 les questions et les cas cliniques. Cela prouve qu\u2019au Kosovo se forme une nouvelle g\u00e9n\u00e9ration de m\u00e9decins bien pr\u00e9par\u00e9s et motiv\u00e9s.\u201d<\/p>\n<p><a href=\"https:\/\/www.facebook.com\/share\/r\/17FWDufZcB\/\">VIDEO <\/a><\/p>\n<figure id=\"attachment_874183\" aria-describedby=\"caption-attachment-874183\" style=\"width: 599px\" class=\"wp-caption alignnone\"><a href=\"https:\/\/www.albinfo.ch\/wp-content\/uploads\/2025\/11\/durresaku.jpg\"><img loading=\"lazy\" decoding=\"async\" class=\"wp-image-874183\" src=\"https:\/\/www.albinfo.ch\/wp-content\/uploads\/2025\/11\/durresaku.jpg\" alt=\"\" width=\"599\" height=\"750\" srcset=\"https:\/\/www.albinfo.ch\/wp-content\/uploads\/2025\/11\/durresaku.jpg 583w, https:\/\/www.albinfo.ch\/wp-content\/uploads\/2025\/11\/durresaku-240x300.jpg 240w, https:\/\/www.albinfo.ch\/wp-content\/uploads\/2025\/11\/durresaku-316x396.jpg 316w, https:\/\/www.albinfo.ch\/wp-content\/uploads\/2025\/11\/durresaku-80x100.jpg 80w, https:\/\/www.albinfo.ch\/wp-content\/uploads\/2025\/11\/durresaku-140x175.jpg 140w\" sizes=\"auto, (max-width: 599px) 100vw, 599px\" \/><\/a><figcaption id=\"caption-attachment-874183\" class=\"wp-caption-text\">Dr. Durr\u00ebsim Ramadani, urologue<\/figcaption><\/figure>\n<p>Dr. Durr\u00ebsim Ramadani, urologue, a ajout\u00e9: \u201cMa pr\u00e9sentation portait sur l\u2019hyperplasie b\u00e9nigne de la prostate, une probl\u00e9matique tr\u00e8s fr\u00e9quente chez les patients \u00e2g\u00e9s. Il y a eu une pr\u00e9sence exceptionnelle d\u2019\u00e9tudiants et de jeunes m\u00e9decins. Ce fut un plaisir de partager nos connaissances et notre exp\u00e9rience avec eux.\u201d<\/p>\n<figure id=\"attachment_874106\" aria-describedby=\"caption-attachment-874106\" style=\"width: 602px\" class=\"wp-caption alignnone\"><a href=\"https:\/\/www.albinfo.ch\/wp-content\/uploads\/2025\/11\/dc90c645-830e-4282-8cf9-327a58f3e976.jpeg\"><img loading=\"lazy\" decoding=\"async\" class=\"wp-image-874106\" src=\"https:\/\/www.albinfo.ch\/wp-content\/uploads\/2025\/11\/dc90c645-830e-4282-8cf9-327a58f3e976-1024x681.jpeg\" alt=\"\" width=\"602\" height=\"400\" srcset=\"https:\/\/www.albinfo.ch\/wp-content\/uploads\/2025\/11\/dc90c645-830e-4282-8cf9-327a58f3e976-1024x681.jpeg 1024w, https:\/\/www.albinfo.ch\/wp-content\/uploads\/2025\/11\/dc90c645-830e-4282-8cf9-327a58f3e976-300x199.jpeg 300w, https:\/\/www.albinfo.ch\/wp-content\/uploads\/2025\/11\/dc90c645-830e-4282-8cf9-327a58f3e976-768x511.jpeg 768w, https:\/\/www.albinfo.ch\/wp-content\/uploads\/2025\/11\/dc90c645-830e-4282-8cf9-327a58f3e976-586x389.jpeg 586w, https:\/\/www.albinfo.ch\/wp-content\/uploads\/2025\/11\/dc90c645-830e-4282-8cf9-327a58f3e976-210x141.jpeg 210w, https:\/\/www.albinfo.ch\/wp-content\/uploads\/2025\/11\/dc90c645-830e-4282-8cf9-327a58f3e976-587x390.jpeg 587w, https:\/\/www.albinfo.ch\/wp-content\/uploads\/2025\/11\/dc90c645-830e-4282-8cf9-327a58f3e976-150x100.jpeg 150w, https:\/\/www.albinfo.ch\/wp-content\/uploads\/2025\/11\/dc90c645-830e-4282-8cf9-327a58f3e976-263x175.jpeg 263w, https:\/\/www.albinfo.ch\/wp-content\/uploads\/2025\/11\/dc90c645-830e-4282-8cf9-327a58f3e976.jpeg 1170w\" sizes=\"auto, (max-width: 602px) 100vw, 602px\" \/><\/a><figcaption id=\"caption-attachment-874106\" class=\"wp-caption-text\">Dr. Naim Mehmeti<\/figcaption><\/figure>\n<p><strong>Dr. Naim Mehmeti<\/strong>, angiologue, a soulign\u00e9 : \u201cL\u2019objectif de ma conf\u00e9rence sur \u2018La thrombose veineuse profonde et superficielle\u2019 \u00e9tait de mettre en \u00e9vidence l\u2019importance du diagnostic pr\u00e9coce et de la pr\u00e9vention des complications. La participation des \u00e9tudiants a \u00e9t\u00e9 impressionnante. Cette collaboration entre institutions et professionnels contribue de mani\u00e8re significative \u00e0 l\u2019avancement de la m\u00e9decine et \u00e0 la qualit\u00e9 des soins aux patients.\u201d<\/p>\n<p><a href=\"https:\/\/www.albinfo.ch\/wp-content\/uploads\/2025\/11\/mjeket-ne-prishtine-2.jpg\"><img loading=\"lazy\" decoding=\"async\" class=\"alignnone wp-image-874053\" src=\"https:\/\/www.albinfo.ch\/wp-content\/uploads\/2025\/11\/mjeket-ne-prishtine-2-1024x682.jpg\" alt=\"\" width=\"600\" height=\"400\" srcset=\"https:\/\/www.albinfo.ch\/wp-content\/uploads\/2025\/11\/mjeket-ne-prishtine-2-1024x682.jpg 1024w, https:\/\/www.albinfo.ch\/wp-content\/uploads\/2025\/11\/mjeket-ne-prishtine-2-300x200.jpg 300w, https:\/\/www.albinfo.ch\/wp-content\/uploads\/2025\/11\/mjeket-ne-prishtine-2-768x512.jpg 768w, https:\/\/www.albinfo.ch\/wp-content\/uploads\/2025\/11\/mjeket-ne-prishtine-2-1536x1023.jpg 1536w, https:\/\/www.albinfo.ch\/wp-content\/uploads\/2025\/11\/mjeket-ne-prishtine-2-210x141.jpg 210w, https:\/\/www.albinfo.ch\/wp-content\/uploads\/2025\/11\/mjeket-ne-prishtine-2-587x391.jpg 587w, https:\/\/www.albinfo.ch\/wp-content\/uploads\/2025\/11\/mjeket-ne-prishtine-2-150x100.jpg 150w, https:\/\/www.albinfo.ch\/wp-content\/uploads\/2025\/11\/mjeket-ne-prishtine-2-263x175.jpg 263w, https:\/\/www.albinfo.ch\/wp-content\/uploads\/2025\/11\/mjeket-ne-prishtine-2.jpg 1600w\" sizes=\"auto, (max-width: 600px) 100vw, 600px\" \/><\/a><\/p>\n<p><strong>Prof. Dr. Florim Cuculi<\/strong>, cardiologue, a d\u00e9clar\u00e9 qu\u2019il \u00e9tait profond\u00e9ment impressionn\u00e9 par la nouvelle g\u00e9n\u00e9ration d\u2019\u00e9tudiants en m\u00e9decine au Kosovo: \u201cJ\u2019ai \u00e9t\u00e9 \u00e9merveill\u00e9 par la pr\u00e9paration et l\u2019enthousiasme des \u00e9tudiants. Le Kosovo a de l\u2019espoir. La politique doit se pr\u00e9occuper de l\u2019avenir de ces jeunes, car le manque de perspectives de sp\u00e9cialisation les pousse \u00e0 l\u2019\u00e9migration.\u201d<\/p>\n<p><strong><a href=\"https:\/\/www.albinfo.ch\/wp-content\/uploads\/2025\/11\/gazmend-.jpg\"><img loading=\"lazy\" decoding=\"async\" class=\"alignnone wp-image-874060\" src=\"https:\/\/www.albinfo.ch\/wp-content\/uploads\/2025\/11\/gazmend--1024x695.jpg\" alt=\"\" width=\"590\" height=\"400\" srcset=\"https:\/\/www.albinfo.ch\/wp-content\/uploads\/2025\/11\/gazmend--1024x695.jpg 1024w, https:\/\/www.albinfo.ch\/wp-content\/uploads\/2025\/11\/gazmend--300x204.jpg 300w, https:\/\/www.albinfo.ch\/wp-content\/uploads\/2025\/11\/gazmend--768x521.jpg 768w, https:\/\/www.albinfo.ch\/wp-content\/uploads\/2025\/11\/gazmend--210x141.jpg 210w, https:\/\/www.albinfo.ch\/wp-content\/uploads\/2025\/11\/gazmend--584x396.jpg 584w, https:\/\/www.albinfo.ch\/wp-content\/uploads\/2025\/11\/gazmend--147x100.jpg 147w, https:\/\/www.albinfo.ch\/wp-content\/uploads\/2025\/11\/gazmend--258x175.jpg 258w, https:\/\/www.albinfo.ch\/wp-content\/uploads\/2025\/11\/gazmend-.jpg 1026w\" sizes=\"auto, (max-width: 590px) 100vw, 590px\" \/><\/a><\/strong><\/p>\n<p><strong>Msc. med. dent. Gazmend Haliti<\/strong>, dentiste, a d\u00e9crit cette \u00e9dition comme un \u00e9v\u00e9nement exceptionnel: \u201cLa Swiss Medical School \u00e0 Pristina a d\u00e9montr\u00e9 un haut niveau de professionnalisme et d\u2019engagement. La participation de plus de 250 \u00e9tudiants talentueux a t\u00e9moign\u00e9 de leur passion et de leur d\u00e9vouement pour le savoir. L\u2019avenir du syst\u00e8me de sant\u00e9 au Kosovo r\u00e9side dans cette g\u00e9n\u00e9ration. Nous esp\u00e9rons que ces jeunes exerceront leur profession dans le pays et contribueront au d\u00e9veloppement d\u2019un syst\u00e8me de sant\u00e9 au service du citoyen.\u201d<\/p>\n<figure id=\"attachment_874056\" aria-describedby=\"caption-attachment-874056\" style=\"width: 597px\" class=\"wp-caption alignnone\"><a href=\"https:\/\/www.albinfo.ch\/wp-content\/uploads\/2025\/11\/mjeket-shqiptare-4.jpg\"><img loading=\"lazy\" decoding=\"async\" class=\"wp-image-874056\" src=\"https:\/\/www.albinfo.ch\/wp-content\/uploads\/2025\/11\/mjeket-shqiptare-4.jpg\" alt=\"\" width=\"597\" height=\"800\" srcset=\"https:\/\/www.albinfo.ch\/wp-content\/uploads\/2025\/11\/mjeket-shqiptare-4.jpg 698w, https:\/\/www.albinfo.ch\/wp-content\/uploads\/2025\/11\/mjeket-shqiptare-4-224x300.jpg 224w, https:\/\/www.albinfo.ch\/wp-content\/uploads\/2025\/11\/mjeket-shqiptare-4-296x396.jpg 296w, https:\/\/www.albinfo.ch\/wp-content\/uploads\/2025\/11\/mjeket-shqiptare-4-75x100.jpg 75w, https:\/\/www.albinfo.ch\/wp-content\/uploads\/2025\/11\/mjeket-shqiptare-4-131x175.jpg 131w\" sizes=\"auto, (max-width: 597px) 100vw, 597px\" \/><\/a><figcaption id=\"caption-attachment-874056\" class=\"wp-caption-text\">Dr. Bujar Sopi<\/figcaption><\/figure>\n<p data-start=\"0\" data-end=\"624\"><strong>Dr. Bujar Sopi, interniste<\/strong>, dans sa d\u00e9claration pour Albinfo.ch, a soulign\u00e9 l\u2019importance de la pr\u00e9vention des complications dans la pratique clinique: \u201cL\u2019insuffisance r\u00e9nale aigu\u00eb est l\u2019une des complications les plus fr\u00e9quentes et les plus graves en pratique clinique. Mon objectif \u00e9tait de mettre en avant l\u2019importance de la pr\u00e9vention \u00e0 travers l\u2019identification des patients \u00e0 haut risque et une prise en charge ad\u00e9quate des cas. L\u2019insuffisance r\u00e9nale n\u2019est pas seulement un probl\u00e8me de laboratoire, mais une alerte clinique qui exige une r\u00e9flexion structur\u00e9e et une collaboration interdisciplinaire.\u201d<\/p>\n<p data-start=\"626\" data-end=\"865\">L\u2019\u00e9v\u00e9nement a \u00e9t\u00e9 accompagn\u00e9 d\u2019ateliers pratiques et de sessions interactives, o\u00f9 les \u00e9tudiants ont eu l\u2019occasion de participer \u00e0 des d\u00e9monstrations cliniques et de vivre de pr\u00e8s l\u2019exp\u00e9rience professionnelle des m\u00e9decins venus de Suisse.<\/p>\n<p data-start=\"867\" data-end=\"1252\">La &#8220;Swiss Medical School&#8221; a \u00e9t\u00e9 salu\u00e9e comme l\u2019une des initiatives les plus significatives renfor\u00e7ant les liens entre la diaspora m\u00e9dicale albanaise et les institutions d\u2019enseignement sup\u00e9rieur du Kosovo, en cr\u00e9ant des ponts durables de coop\u00e9ration et d\u2019\u00e9change professionnel qui d\u00e9passent les fronti\u00e8res et unissent l\u2019exp\u00e9rience, le savoir et la mission humaine du m\u00e9decin albanais.<\/p>\n<p><strong>P\u00ebrgatiti: Luljeta Ademi \/ Albinfo.ch<\/strong><\/p>\n","protected":false},"excerpt":{"rendered":"<p>Un pont de savoir et d\u2019exp\u00e9rience au sein de la \u201cSwiss Medical School\u201d, qui relie la diaspora m\u00e9dicale albanaise \u00e0 la plus ancienne universit\u00e9 du Kosovo<\/p>\n","protected":false},"author":6,"featured_media":874064,"comment_status":"closed","ping_status":"closed","sticky":false,"template":"","format":"standard","meta":{"footnotes":""},"categories":[33083,23271,24637,24694,1164,1160,23275,3617,3949,23277,23270,24620,24634,24638,24655,24672,1159,1163,1179,1186,1411,2014],"tags":[],"vendi":[],"content_country":[31835,31838,31840],"class_list":["post-874207","post","type-post","status-publish","format-standard","has-post-thumbnail","hentry","category-de-balkani-fr","category-kosovo","category-nouvelles-fr-4","category-albinfo-plus-fr","category-integration-fr","category-actuel","category-carriere-balkans-fr","category-sante-fr","category-kosova-fr","category-news-fr","category-at-balkani-fr","category-kosova-fr-2","category-nouvelles-fr-3","category-carriere-balkans-fr-2","category-medecins-albanais-en-suisse","category-sante-fr-2","category-ch-balkans","category-fr-e-diaspora","category-albinfo-tv-fr","category-couverture-de-terrain","category-newsletter-fr","category-newsletter-media-fr","content_country-austria-fr","content_country-germany-fr","content_country-zvicer-fr"],"acf":[],"_links":{"self":[{"href":"https:\/\/www.albinfo.ch\/fr\/wp-json\/wp\/v2\/posts\/874207","targetHints":{"allow":["GET"]}}],"collection":[{"href":"https:\/\/www.albinfo.ch\/fr\/wp-json\/wp\/v2\/posts"}],"about":[{"href":"https:\/\/www.albinfo.ch\/fr\/wp-json\/wp\/v2\/types\/post"}],"author":[{"embeddable":true,"href":"https:\/\/www.albinfo.ch\/fr\/wp-json\/wp\/v2\/users\/6"}],"replies":[{"embeddable":true,"href":"https:\/\/www.albinfo.ch\/fr\/wp-json\/wp\/v2\/comments?post=874207"}],"version-history":[{"count":1,"href":"https:\/\/www.albinfo.ch\/fr\/wp-json\/wp\/v2\/posts\/874207\/revisions"}],"predecessor-version":[{"id":874208,"href":"https:\/\/www.albinfo.ch\/fr\/wp-json\/wp\/v2\/posts\/874207\/revisions\/874208"}],"wp:featuredmedia":[{"embeddable":true,"href":"https:\/\/www.albinfo.ch\/fr\/wp-json\/wp\/v2\/media\/874064"}],"wp:attachment":[{"href":"https:\/\/www.albinfo.ch\/fr\/wp-json\/wp\/v2\/media?parent=874207"}],"wp:term":[{"taxonomy":"category","embeddable":true,"href":"https:\/\/www.albinfo.ch\/fr\/wp-json\/wp\/v2\/categories?post=874207"},{"taxonomy":"post_tag","embeddable":true,"href":"https:\/\/www.albinfo.ch\/fr\/wp-json\/wp\/v2\/tags?post=874207"},{"taxonomy":"vendi","embeddable":true,"href":"https:\/\/www.albinfo.ch\/fr\/wp-json\/wp\/v2\/vendi?post=874207"},{"taxonomy":"content_country","embeddable":true,"href":"https:\/\/www.albinfo.ch\/fr\/wp-json\/wp\/v2\/content_country?post=874207"}],"curies":[{"name":"wp","href":"https:\/\/api.w.org\/{rel}","templated":true}]}}