{"id":876419,"date":"2025-11-20T18:16:56","date_gmt":"2025-11-20T17:16:56","guid":{"rendered":"https:\/\/www.albinfo.ch\/?p=876419"},"modified":"2025-11-20T23:19:04","modified_gmt":"2025-11-20T22:19:04","slug":"officiel-la-presidente-osmani-fixe-le-28-decembre-pour-la-tenue-des-elections","status":"publish","type":"post","link":"https:\/\/www.albinfo.ch\/fr\/officiel-la-presidente-osmani-fixe-le-28-decembre-pour-la-tenue-des-elections\/","title":{"rendered":"Officiel: La pr\u00e9sidente Osmani fixe le 28 d\u00e9cembre pour la tenue des \u00e9lections"},"content":{"rendered":"<p data-start=\"231\" data-end=\"393\">Il est annonc\u00e9 que la pr\u00e9sidente du Kosovo, Vjosa Osmani, a d\u00e9cid\u00e9 que les \u00e9lections l\u00e9gislatives anticip\u00e9es auront lieu le 28 d\u00e9cembre 2025, rapporte albinfo.ch.<\/p>\n<p data-start=\"395\" data-end=\"558\">Elle l\u2019a communiqu\u00e9 lors d\u2019une conf\u00e9rence de presse, apr\u00e8s la r\u00e9union consultative qu\u2019elle a tenue aujourd\u2019hui avec les partis politiques repr\u00e9sent\u00e9s au Parlement.<\/p>\n<p data-start=\"560\" data-end=\"674\">Osmani a d\u2019abord sign\u00e9 le d\u00e9cret de dissolution de l\u2019Assembl\u00e9e du Kosovo, c\u2019est-\u00e0-dire de sa neuvi\u00e8me l\u00e9gislature.<\/p>\n<p data-start=\"676\" data-end=\"787\">Cette d\u00e9cision intervient apr\u00e8s l\u2019\u00e9chec du deuxi\u00e8me mandat de Glauk Konjufca pour la formation du gouvernement.<\/p>\n","protected":false},"excerpt":{"rendered":"<p>Les \u00e9lections anticip\u00e9es au Kosovo sont fix\u00e9es au 28 d\u00e9cembre 2025<\/p>\n","protected":false},"author":6,"featured_media":876258,"comment_status":"closed","ping_status":"closed","sticky":false,"template":"","format":"standard","meta":{"footnotes":""},"categories":[34927,23270,24630,1159],"tags":[],"vendi":[],"content_country":[],"class_list":["post-876419","post","type-post","status-publish","format-standard","has-post-thumbnail","hentry","category-kosova-4","category-at-balkani-fr","category-nouvelles","category-ch-balkans"],"acf":[],"_links":{"self":[{"href":"https:\/\/www.albinfo.ch\/fr\/wp-json\/wp\/v2\/posts\/876419","targetHints":{"allow":["GET"]}}],"collection":[{"href":"https:\/\/www.albinfo.ch\/fr\/wp-json\/wp\/v2\/posts"}],"about":[{"href":"https:\/\/www.albinfo.ch\/fr\/wp-json\/wp\/v2\/types\/post"}],"author":[{"embeddable":true,"href":"https:\/\/www.albinfo.ch\/fr\/wp-json\/wp\/v2\/users\/6"}],"replies":[{"embeddable":true,"href":"https:\/\/www.albinfo.ch\/fr\/wp-json\/wp\/v2\/comments?post=876419"}],"version-history":[{"count":1,"href":"https:\/\/www.albinfo.ch\/fr\/wp-json\/wp\/v2\/posts\/876419\/revisions"}],"predecessor-version":[{"id":876420,"href":"https:\/\/www.albinfo.ch\/fr\/wp-json\/wp\/v2\/posts\/876419\/revisions\/876420"}],"wp:featuredmedia":[{"embeddable":true,"href":"https:\/\/www.albinfo.ch\/fr\/wp-json\/wp\/v2\/media\/876258"}],"wp:attachment":[{"href":"https:\/\/www.albinfo.ch\/fr\/wp-json\/wp\/v2\/media?parent=876419"}],"wp:term":[{"taxonomy":"category","embeddable":true,"href":"https:\/\/www.albinfo.ch\/fr\/wp-json\/wp\/v2\/categories?post=876419"},{"taxonomy":"post_tag","embeddable":true,"href":"https:\/\/www.albinfo.ch\/fr\/wp-json\/wp\/v2\/tags?post=876419"},{"taxonomy":"vendi","embeddable":true,"href":"https:\/\/www.albinfo.ch\/fr\/wp-json\/wp\/v2\/vendi?post=876419"},{"taxonomy":"content_country","embeddable":true,"href":"https:\/\/www.albinfo.ch\/fr\/wp-json\/wp\/v2\/content_country?post=876419"}],"curies":[{"name":"wp","href":"https:\/\/api.w.org\/{rel}","templated":true}]}}