{"id":876597,"date":"2025-11-21T18:44:07","date_gmt":"2025-11-21T17:44:07","guid":{"rendered":"https:\/\/www.albinfo.ch\/?p=876597"},"modified":"2025-11-21T18:45:04","modified_gmt":"2025-11-21T17:45:04","slug":"le-23-novembre-se-tient-a-vienne-le-tournoi-de-lindependance","status":"publish","type":"post","link":"https:\/\/www.albinfo.ch\/fr\/le-23-novembre-se-tient-a-vienne-le-tournoi-de-lindependance\/","title":{"rendered":"Le 23 novembre se tient \u00e0 Vienne le Tournoi de l\u2019Ind\u00e9pendance"},"content":{"rendered":"<p data-start=\"144\" data-end=\"347\">Dans le cadre du 28 Novembre, la F\u00eate de l\u2019Ind\u00e9pendance de l\u2019Albanie, la Ligue Albanaise de Football en Autriche organise un tournoi de football particulier en hommage \u00e0 ce symbole sacr\u00e9 de notre nation.<\/p>\n<p data-start=\"349\" data-end=\"548\">Ce tournoi n\u2019est pas seulement une comp\u00e9tition sportive, mais aussi une expression de l\u2019amour pour la patrie, de l\u2019unit\u00e9 des Albanais de la diaspora et de la pr\u00e9servation de notre identit\u00e9 nationale.<\/p>\n<p data-start=\"550\" data-end=\"896\">&#8221; \u00c0 travers le football, nous visons \u00e0 rapprocher le c\u0153ur des Albanais o\u00f9 qu\u2019ils vivent, \u00e0 renforcer nos liens fraternels et \u00e0 rappeler que l\u2019ind\u00e9pendance n\u2019est pas simplement une date dans le calendrier, mais un sentiment de fiert\u00e9, de sacrifice et d\u2019unit\u00e9 &#8220;, est-il dit dans le communiqu\u00e9 de la Ligue Albanaise de Football, rapporte albinfo.at.<\/p>\n<p data-start=\"898\" data-end=\"1013\">Rejoignez-nous tous pour c\u00e9l\u00e9brer cette journ\u00e9e importante, avec respect pour le pass\u00e9 et avec amour pour l\u2019avenir.<\/p>\n<p data-start=\"1015\" data-end=\"1225\">En plus des \u00e9quipes albanaises venant de diff\u00e9rentes r\u00e9gions d\u2019Autriche, plusieurs \u00e9quipes venues du Kosovo ont \u00e9galement confirm\u00e9 leur participation et voyageront sp\u00e9cialement pour \u00eatre pr\u00e9sentes \u00e0 ce tournoi.<\/p>\n<p data-start=\"1227\" data-end=\"1335\">Le tournoi aura lieu le dimanche 23.11.2025, \u00e0 l\u2019adresse suivante : Anton Baumgartner Stra\u00dfe 23, 1230 Vienne<\/p>\n<p data-start=\"1337\" data-end=\"1459\">Le sponsor m\u00e9diatique de cet \u00e9v\u00e9nement, comme chaque ann\u00e9e, est la plateforme m\u00e9diatique albanaise en Autriche, Albinfo.at<\/p>\n<p><img loading=\"lazy\" decoding=\"async\" class=\"alignnone wp-image-876440\" src=\"https:\/\/www.albinfo.ch\/wp-content\/uploads\/2025\/11\/att.ywxkakjmiz3do-1ttzpfuln5pfqujrtpjvsbuz4t1om-1024x683.jpeg\" alt=\"\" width=\"500\" height=\"333\" srcset=\"https:\/\/www.albinfo.ch\/wp-content\/uploads\/2025\/11\/att.ywxkakjmiz3do-1ttzpfuln5pfqujrtpjvsbuz4t1om-1024x683.jpeg 1024w, https:\/\/www.albinfo.ch\/wp-content\/uploads\/2025\/11\/att.ywxkakjmiz3do-1ttzpfuln5pfqujrtpjvsbuz4t1om-300x200.jpeg 300w, https:\/\/www.albinfo.ch\/wp-content\/uploads\/2025\/11\/att.ywxkakjmiz3do-1ttzpfuln5pfqujrtpjvsbuz4t1om-768x512.jpeg 768w, https:\/\/www.albinfo.ch\/wp-content\/uploads\/2025\/11\/att.ywxkakjmiz3do-1ttzpfuln5pfqujrtpjvsbuz4t1om-1536x1024.jpeg 1536w, https:\/\/www.albinfo.ch\/wp-content\/uploads\/2025\/11\/att.ywxkakjmiz3do-1ttzpfuln5pfqujrtpjvsbuz4t1om-586x389.jpeg 586w, https:\/\/www.albinfo.ch\/wp-content\/uploads\/2025\/11\/att.ywxkakjmiz3do-1ttzpfuln5pfqujrtpjvsbuz4t1om-210x141.jpeg 210w, https:\/\/www.albinfo.ch\/wp-content\/uploads\/2025\/11\/att.ywxkakjmiz3do-1ttzpfuln5pfqujrtpjvsbuz4t1om-587x391.jpeg 587w, https:\/\/www.albinfo.ch\/wp-content\/uploads\/2025\/11\/att.ywxkakjmiz3do-1ttzpfuln5pfqujrtpjvsbuz4t1om-150x100.jpeg 150w, https:\/\/www.albinfo.ch\/wp-content\/uploads\/2025\/11\/att.ywxkakjmiz3do-1ttzpfuln5pfqujrtpjvsbuz4t1om-263x175.jpeg 263w, https:\/\/www.albinfo.ch\/wp-content\/uploads\/2025\/11\/att.ywxkakjmiz3do-1ttzpfuln5pfqujrtpjvsbuz4t1om.jpeg 1752w\" sizes=\"auto, (max-width: 500px) 100vw, 500px\" \/><\/p>\n","protected":false},"excerpt":{"rendered":"<p>La Ligue Albanaise de Football en Autriche organise de nouveau le Tournoi de l\u2019Ind\u00e9pendance<\/p>\n","protected":false},"author":6,"featured_media":876444,"comment_status":"closed","ping_status":"closed","sticky":false,"template":"","format":"standard","meta":{"footnotes":""},"categories":[34913,34929,24630,1163,1169],"tags":[],"vendi":[],"content_country":[],"class_list":["post-876597","post","type-post","status-publish","format-standard","has-post-thumbnail","hentry","category-la-vie-en-autriche","category-futboll-3","category-nouvelles","category-fr-e-diaspora","category-sport-fr"],"acf":[],"_links":{"self":[{"href":"https:\/\/www.albinfo.ch\/fr\/wp-json\/wp\/v2\/posts\/876597","targetHints":{"allow":["GET"]}}],"collection":[{"href":"https:\/\/www.albinfo.ch\/fr\/wp-json\/wp\/v2\/posts"}],"about":[{"href":"https:\/\/www.albinfo.ch\/fr\/wp-json\/wp\/v2\/types\/post"}],"author":[{"embeddable":true,"href":"https:\/\/www.albinfo.ch\/fr\/wp-json\/wp\/v2\/users\/6"}],"replies":[{"embeddable":true,"href":"https:\/\/www.albinfo.ch\/fr\/wp-json\/wp\/v2\/comments?post=876597"}],"version-history":[{"count":1,"href":"https:\/\/www.albinfo.ch\/fr\/wp-json\/wp\/v2\/posts\/876597\/revisions"}],"predecessor-version":[{"id":876598,"href":"https:\/\/www.albinfo.ch\/fr\/wp-json\/wp\/v2\/posts\/876597\/revisions\/876598"}],"wp:featuredmedia":[{"embeddable":true,"href":"https:\/\/www.albinfo.ch\/fr\/wp-json\/wp\/v2\/media\/876444"}],"wp:attachment":[{"href":"https:\/\/www.albinfo.ch\/fr\/wp-json\/wp\/v2\/media?parent=876597"}],"wp:term":[{"taxonomy":"category","embeddable":true,"href":"https:\/\/www.albinfo.ch\/fr\/wp-json\/wp\/v2\/categories?post=876597"},{"taxonomy":"post_tag","embeddable":true,"href":"https:\/\/www.albinfo.ch\/fr\/wp-json\/wp\/v2\/tags?post=876597"},{"taxonomy":"vendi","embeddable":true,"href":"https:\/\/www.albinfo.ch\/fr\/wp-json\/wp\/v2\/vendi?post=876597"},{"taxonomy":"content_country","embeddable":true,"href":"https:\/\/www.albinfo.ch\/fr\/wp-json\/wp\/v2\/content_country?post=876597"}],"curies":[{"name":"wp","href":"https:\/\/api.w.org\/{rel}","templated":true}]}}