{"id":876828,"date":"2025-11-22T09:25:19","date_gmt":"2025-11-22T08:25:19","guid":{"rendered":"https:\/\/www.albinfo.ch\/?p=876828"},"modified":"2025-11-22T23:51:56","modified_gmt":"2025-11-22T22:51:56","slug":"la-premier-league-ecrit-au-sujet-de-xhaka-quil-serait-indispensable-a-toute-equipe","status":"publish","type":"post","link":"https:\/\/www.albinfo.ch\/fr\/la-premier-league-ecrit-au-sujet-de-xhaka-quil-serait-indispensable-a-toute-equipe\/","title":{"rendered":"La Premier League \u00e9crit au sujet de Xhaka qu\u2019il serait indispensable \u00e0 toute \u00e9quipe"},"content":{"rendered":"<p data-start=\"0\" data-end=\"259\">La Premier League a publi\u00e9 jeudi sur ses profils officiels une vid\u00e9o de Granit Xhaka avec des buts, des passes d\u00e9cisives, des interventions et d\u2019autres contributions qu\u2019il apporte dans chaque zone du terrain, rapporte albinfo.ch.<\/p>\n<p data-start=\"261\" data-end=\"320\">&#8221; Chaque \u00e9quipe a besoin de Granit Xhaka &#8220;, \u00e9crit la vid\u00e9o.<\/p>\n<p data-start=\"322\" data-end=\"405\">Xhaka est le capitaine de Sunderland et brille depuis son retour en Premier League.<\/p>\n<p data-start=\"407\" data-end=\"484\">&#8221; Granit Xhaka fera TOUT pour son \u00e9quipe &#8220;, \u00e9crit la description de la vid\u00e9o.<\/p>\n<p><a href=\"https:\/\/www.facebook.com\/share\/r\/17n5wgnaya\/?mibextid=wwXIfr\">https:\/\/www.facebook.com\/share\/r\/17n5wgnaya\/?mibextid=wwXIfr<\/a><\/p>\n","protected":false},"excerpt":{"rendered":"<p>La Premier League a publi\u00e9 jeudi sur ses profils officiels une vid\u00e9o de Granit Xhaka avec des buts, des passes d\u00e9cisives, des interventions et d\u2019autres contributions qu\u2019il apporte dans chaque zone du terrain, rapporte albinfo.ch. &#8221; Chaque \u00e9quipe a besoin de Granit Xhaka &#8220;, \u00e9crit la vid\u00e9o. Xhaka est le capitaine de Sunderland et brille [&hellip;]<\/p>\n","protected":false},"author":6,"featured_media":870350,"comment_status":"closed","ping_status":"closed","sticky":false,"template":"","format":"standard","meta":{"footnotes":""},"categories":[24630,24671,1169],"tags":[],"vendi":[],"content_country":[],"class_list":["post-876828","post","type-post","status-publish","format-standard","has-post-thumbnail","hentry","category-nouvelles","category-football","category-sport-fr"],"acf":[],"_links":{"self":[{"href":"https:\/\/www.albinfo.ch\/fr\/wp-json\/wp\/v2\/posts\/876828","targetHints":{"allow":["GET"]}}],"collection":[{"href":"https:\/\/www.albinfo.ch\/fr\/wp-json\/wp\/v2\/posts"}],"about":[{"href":"https:\/\/www.albinfo.ch\/fr\/wp-json\/wp\/v2\/types\/post"}],"author":[{"embeddable":true,"href":"https:\/\/www.albinfo.ch\/fr\/wp-json\/wp\/v2\/users\/6"}],"replies":[{"embeddable":true,"href":"https:\/\/www.albinfo.ch\/fr\/wp-json\/wp\/v2\/comments?post=876828"}],"version-history":[{"count":1,"href":"https:\/\/www.albinfo.ch\/fr\/wp-json\/wp\/v2\/posts\/876828\/revisions"}],"predecessor-version":[{"id":876829,"href":"https:\/\/www.albinfo.ch\/fr\/wp-json\/wp\/v2\/posts\/876828\/revisions\/876829"}],"wp:featuredmedia":[{"embeddable":true,"href":"https:\/\/www.albinfo.ch\/fr\/wp-json\/wp\/v2\/media\/870350"}],"wp:attachment":[{"href":"https:\/\/www.albinfo.ch\/fr\/wp-json\/wp\/v2\/media?parent=876828"}],"wp:term":[{"taxonomy":"category","embeddable":true,"href":"https:\/\/www.albinfo.ch\/fr\/wp-json\/wp\/v2\/categories?post=876828"},{"taxonomy":"post_tag","embeddable":true,"href":"https:\/\/www.albinfo.ch\/fr\/wp-json\/wp\/v2\/tags?post=876828"},{"taxonomy":"vendi","embeddable":true,"href":"https:\/\/www.albinfo.ch\/fr\/wp-json\/wp\/v2\/vendi?post=876828"},{"taxonomy":"content_country","embeddable":true,"href":"https:\/\/www.albinfo.ch\/fr\/wp-json\/wp\/v2\/content_country?post=876828"}],"curies":[{"name":"wp","href":"https:\/\/api.w.org\/{rel}","templated":true}]}}