{"id":880702,"date":"2025-12-06T18:00:24","date_gmt":"2025-12-06T17:00:24","guid":{"rendered":"https:\/\/www.albinfo.ch\/?p=880702"},"modified":"2025-12-07T00:38:02","modified_gmt":"2025-12-06T23:38:02","slug":"rita-ora-brille-au-red-sea-international-film-festival","status":"publish","type":"post","link":"https:\/\/www.albinfo.ch\/fr\/rita-ora-brille-au-red-sea-international-film-festival\/","title":{"rendered":"Rita Ora brille au Red Sea International Film Festival"},"content":{"rendered":"<p data-start=\"16\" data-end=\"292\">La chanteuse albano britannique Rita Ora a \u00e9t\u00e9 l\u2019une des figures les plus comment\u00e9es de la soir\u00e9e lors de l\u2019\u00e9dition de cette ann\u00e9e du Red Sea International Film Festival, qui se d\u00e9roule du 4 au 13 d\u00e9cembre dans le quartier historique d\u2019Al Balad \u00e0 Djeddah, rapporte albinfo.ch.<\/p>\n<p data-start=\"294\" data-end=\"696\">Le tapis rouge de jeudi a r\u00e9uni de grandes personnalit\u00e9s du cin\u00e9ma mondial, d\u2019Hollywood \u00e0 Bollywood et jusqu\u2019\u00e0 l\u2019industrie cin\u00e9matographique du Moyen Orient. Parmi les invit\u00e9s se distinguaient des noms tels qu\u2019Adrien Brody, Queen Latifah, Kirsten Dunst, Jessica Alba, Uma Thurman, Ana de Armas et Daniel Kaluuya, tandis qu\u2019une attention particuli\u00e8re iu kushtua \u00e9galement \u00e0 l\u2019artiste albanaise Rita Ora.<\/p>\n<p data-start=\"698\" data-end=\"966\">Rita est apparue avec une robe noire \u00e9l\u00e9gante aux d\u00e9tails audacieux et aux lignes modernes, tandis que ses cheveux relev\u00e9s ajoutonin nj\u00eb prekje klasike et sophistiqu\u00e9e \u00e0 son apparence. De nombreux m\u00e9dias l\u2019ont class\u00e9e parmi les tenues les plus remarqu\u00e9es de la soir\u00e9e.<\/p>\n<p data-start=\"968\" data-end=\"1212\">Dans une r\u00e9action sur les r\u00e9seaux sociaux, elle a remerci\u00e9 son \u00e9quipe pour son soutien dhe tregoi se para \u00e7do paraqitjeje n\u00eb tapetin e kuq \u00ab d\u00e9veloppe toujours une conversation avec elle m\u00eame \u00bb, d\u00e9crivant ce moment comme \u00e9motionnel et motivant.<\/p>\n<p data-start=\"1214\" data-end=\"1411\">Le Red Sea International Film Festival demeure l\u2019un des \u00e9v\u00e9nements culturels les plus importants de la r\u00e9gion, promouvant des films, des talents et des projets internationaux venus du monde entier.<\/p>\n<p><img loading=\"lazy\" decoding=\"async\" class=\"alignnone wp-image-880536\" src=\"https:\/\/www.albinfo.ch\/wp-content\/uploads\/2025\/12\/img_4581-819x1024.jpeg\" alt=\"\" width=\"500\" height=\"625\" srcset=\"https:\/\/www.albinfo.ch\/wp-content\/uploads\/2025\/12\/img_4581-819x1024.jpeg 819w, https:\/\/www.albinfo.ch\/wp-content\/uploads\/2025\/12\/img_4581-240x300.jpeg 240w, https:\/\/www.albinfo.ch\/wp-content\/uploads\/2025\/12\/img_4581-768x960.jpeg 768w, https:\/\/www.albinfo.ch\/wp-content\/uploads\/2025\/12\/img_4581-317x396.jpeg 317w, https:\/\/www.albinfo.ch\/wp-content\/uploads\/2025\/12\/img_4581-80x100.jpeg 80w, https:\/\/www.albinfo.ch\/wp-content\/uploads\/2025\/12\/img_4581-140x175.jpeg 140w, https:\/\/www.albinfo.ch\/wp-content\/uploads\/2025\/12\/img_4581.jpeg 1094w\" sizes=\"auto, (max-width: 500px) 100vw, 500px\" \/> <img loading=\"lazy\" decoding=\"async\" class=\"alignleft wp-image-880539\" src=\"https:\/\/www.albinfo.ch\/wp-content\/uploads\/2025\/12\/img_4582.jpeg\" alt=\"\" width=\"500\" height=\"624\" srcset=\"https:\/\/www.albinfo.ch\/wp-content\/uploads\/2025\/12\/img_4582.jpeg 820w, https:\/\/www.albinfo.ch\/wp-content\/uploads\/2025\/12\/img_4582-240x300.jpeg 240w, https:\/\/www.albinfo.ch\/wp-content\/uploads\/2025\/12\/img_4582-768x959.jpeg 768w, https:\/\/www.albinfo.ch\/wp-content\/uploads\/2025\/12\/img_4582-317x396.jpeg 317w, https:\/\/www.albinfo.ch\/wp-content\/uploads\/2025\/12\/img_4582-80x100.jpeg 80w, https:\/\/www.albinfo.ch\/wp-content\/uploads\/2025\/12\/img_4582-140x175.jpeg 140w\" sizes=\"auto, (max-width: 500px) 100vw, 500px\" \/> <img loading=\"lazy\" decoding=\"async\" class=\"alignnone wp-image-880542\" src=\"https:\/\/www.albinfo.ch\/wp-content\/uploads\/2025\/12\/img_4583-818x1024.jpeg\" alt=\"\" width=\"500\" height=\"626\" srcset=\"https:\/\/www.albinfo.ch\/wp-content\/uploads\/2025\/12\/img_4583-818x1024.jpeg 818w, https:\/\/www.albinfo.ch\/wp-content\/uploads\/2025\/12\/img_4583-240x300.jpeg 240w, https:\/\/www.albinfo.ch\/wp-content\/uploads\/2025\/12\/img_4583-768x961.jpeg 768w, https:\/\/www.albinfo.ch\/wp-content\/uploads\/2025\/12\/img_4583-316x396.jpeg 316w, https:\/\/www.albinfo.ch\/wp-content\/uploads\/2025\/12\/img_4583-80x100.jpeg 80w, https:\/\/www.albinfo.ch\/wp-content\/uploads\/2025\/12\/img_4583-140x175.jpeg 140w, https:\/\/www.albinfo.ch\/wp-content\/uploads\/2025\/12\/img_4583.jpeg 1018w\" sizes=\"auto, (max-width: 500px) 100vw, 500px\" \/><\/p>\n","protected":false},"excerpt":{"rendered":"<p>Rita Ora parmi les stars les plus comment\u00e9es au Red Sea International Film Festival<\/p>\n","protected":false},"author":6,"featured_media":880534,"comment_status":"closed","ping_status":"closed","sticky":false,"template":"","format":"standard","meta":{"footnotes":""},"categories":[34923,23271,23277,3976,23270,1168],"tags":[],"vendi":[],"content_country":[],"class_list":["post-880702","post","type-post","status-publish","format-standard","has-post-thumbnail","hentry","category-music","category-kosovo","category-news-fr","category-lifestyle-fr","category-at-balkani-fr","category-culture"],"acf":[],"_links":{"self":[{"href":"https:\/\/www.albinfo.ch\/fr\/wp-json\/wp\/v2\/posts\/880702","targetHints":{"allow":["GET"]}}],"collection":[{"href":"https:\/\/www.albinfo.ch\/fr\/wp-json\/wp\/v2\/posts"}],"about":[{"href":"https:\/\/www.albinfo.ch\/fr\/wp-json\/wp\/v2\/types\/post"}],"author":[{"embeddable":true,"href":"https:\/\/www.albinfo.ch\/fr\/wp-json\/wp\/v2\/users\/6"}],"replies":[{"embeddable":true,"href":"https:\/\/www.albinfo.ch\/fr\/wp-json\/wp\/v2\/comments?post=880702"}],"version-history":[{"count":1,"href":"https:\/\/www.albinfo.ch\/fr\/wp-json\/wp\/v2\/posts\/880702\/revisions"}],"predecessor-version":[{"id":880703,"href":"https:\/\/www.albinfo.ch\/fr\/wp-json\/wp\/v2\/posts\/880702\/revisions\/880703"}],"wp:featuredmedia":[{"embeddable":true,"href":"https:\/\/www.albinfo.ch\/fr\/wp-json\/wp\/v2\/media\/880534"}],"wp:attachment":[{"href":"https:\/\/www.albinfo.ch\/fr\/wp-json\/wp\/v2\/media?parent=880702"}],"wp:term":[{"taxonomy":"category","embeddable":true,"href":"https:\/\/www.albinfo.ch\/fr\/wp-json\/wp\/v2\/categories?post=880702"},{"taxonomy":"post_tag","embeddable":true,"href":"https:\/\/www.albinfo.ch\/fr\/wp-json\/wp\/v2\/tags?post=880702"},{"taxonomy":"vendi","embeddable":true,"href":"https:\/\/www.albinfo.ch\/fr\/wp-json\/wp\/v2\/vendi?post=880702"},{"taxonomy":"content_country","embeddable":true,"href":"https:\/\/www.albinfo.ch\/fr\/wp-json\/wp\/v2\/content_country?post=880702"}],"curies":[{"name":"wp","href":"https:\/\/api.w.org\/{rel}","templated":true}]}}