{"id":881046,"date":"2025-12-08T18:30:59","date_gmt":"2025-12-08T17:30:59","guid":{"rendered":"https:\/\/www.albinfo.ch\/?p=881046"},"modified":"2025-12-09T01:01:12","modified_gmt":"2025-12-09T00:01:12","slug":"lambassade-de-suisse-au-kosovo-publie-un-avis-concernant-les-fausses-informations-sur-lemploi-des-etrangers","status":"publish","type":"post","link":"https:\/\/www.albinfo.ch\/fr\/lambassade-de-suisse-au-kosovo-publie-un-avis-concernant-les-fausses-informations-sur-lemploi-des-etrangers\/","title":{"rendered":"L\u2019ambassade de Suisse au Kosovo publie un avis concernant les fausses informations sur l\u2019emploi des \u00e9trangers"},"content":{"rendered":"<p data-start=\"135\" data-end=\"328\">L\u2019ambassade de Suisse au Kosovo a publi\u00e9 un avis concernant les fausses informations.<br data-start=\"237\" data-end=\"240\" \/>L\u2019annonce clarifie la question de l\u2019emploi des \u00e9trangers en Suisse, rapporte albinfo.ch.<\/p>\n<p data-start=\"330\" data-end=\"1012\">&#8220;Attention aux fausses informations. Ces derniers temps, les r\u00e9seaux sociaux et plusieurs m\u00e9dias en ligne ont diffus\u00e9 l\u2019affirmation selon laquelle la Suisse ouvrirait son march\u00e9 du travail \u00e0 85 000 travailleurs \u00e9trangers. Ces informations sont fausses. Comme indiqu\u00e9 dans le communiqu\u00e9 officiel du 19 novembre 2025, le Conseil f\u00e9d\u00e9ral suisse a d\u00e9cid\u00e9 de maintenir les quotas existants pour les ressortissants de pays tiers non Schengen pour l\u2019ann\u00e9e 2026. Un maximum de 8 500 travailleurs et sp\u00e9cialistes qualifi\u00e9s provenant de pays tiers pourront \u00eatre recrut\u00e9s en Suisse l\u2019ann\u00e9e prochaine. Cela comprend 4 500 permis de s\u00e9jour B et 4 000 permis de courte dur\u00e9e L &#8220;, pr\u00e9cise l\u2019avis.<\/p>\n<figure id=\"attachment_880849\" aria-describedby=\"caption-attachment-880849\" style=\"width: 600px\" class=\"wp-caption alignnone\"><a href=\"https:\/\/www.albinfo.ch\/wp-content\/uploads\/2025\/12\/596867928_1293894062780051_7472834271100488586_n.jpg\"><img loading=\"lazy\" decoding=\"async\" class=\"wp-image-880849\" src=\"https:\/\/www.albinfo.ch\/wp-content\/uploads\/2025\/12\/596867928_1293894062780051_7472834271100488586_n.jpg\" alt=\"\" width=\"600\" height=\"500\" srcset=\"https:\/\/www.albinfo.ch\/wp-content\/uploads\/2025\/12\/596867928_1293894062780051_7472834271100488586_n.jpg 844w, https:\/\/www.albinfo.ch\/wp-content\/uploads\/2025\/12\/596867928_1293894062780051_7472834271100488586_n-300x250.jpg 300w, https:\/\/www.albinfo.ch\/wp-content\/uploads\/2025\/12\/596867928_1293894062780051_7472834271100488586_n-768x640.jpg 768w, https:\/\/www.albinfo.ch\/wp-content\/uploads\/2025\/12\/596867928_1293894062780051_7472834271100488586_n-475x396.jpg 475w, https:\/\/www.albinfo.ch\/wp-content\/uploads\/2025\/12\/596867928_1293894062780051_7472834271100488586_n-120x100.jpg 120w, https:\/\/www.albinfo.ch\/wp-content\/uploads\/2025\/12\/596867928_1293894062780051_7472834271100488586_n-210x175.jpg 210w\" sizes=\"auto, (max-width: 600px) 100vw, 600px\" \/><\/a><figcaption id=\"caption-attachment-880849\" class=\"wp-caption-text\">Foto FB: Embassy of Switzerland in Kosovo<\/figcaption><\/figure>\n","protected":false},"excerpt":{"rendered":"<p>L\u2019ambassade de Suisse au Kosovo a publi\u00e9 un avis concernant les fausses informations.L\u2019annonce clarifie la question de l\u2019emploi des \u00e9trangers en Suisse, rapporte albinfo.ch. &#8220;Attention aux fausses informations. Ces derniers temps, les r\u00e9seaux sociaux et plusieurs m\u00e9dias en ligne ont diffus\u00e9 l\u2019affirmation selon laquelle la Suisse ouvrirait son march\u00e9 du travail \u00e0 85 000 travailleurs [&hellip;]<\/p>\n","protected":false},"author":6,"featured_media":577541,"comment_status":"closed","ping_status":"closed","sticky":false,"template":"","format":"standard","meta":{"footnotes":""},"categories":[33083,23271,1160,23270,1159,1411,2014],"tags":[],"vendi":[],"content_country":[],"class_list":["post-881046","post","type-post","status-publish","format-standard","has-post-thumbnail","hentry","category-de-balkani-fr","category-kosovo","category-actuel","category-at-balkani-fr","category-ch-balkans","category-newsletter-fr","category-newsletter-media-fr"],"acf":[],"_links":{"self":[{"href":"https:\/\/www.albinfo.ch\/fr\/wp-json\/wp\/v2\/posts\/881046","targetHints":{"allow":["GET"]}}],"collection":[{"href":"https:\/\/www.albinfo.ch\/fr\/wp-json\/wp\/v2\/posts"}],"about":[{"href":"https:\/\/www.albinfo.ch\/fr\/wp-json\/wp\/v2\/types\/post"}],"author":[{"embeddable":true,"href":"https:\/\/www.albinfo.ch\/fr\/wp-json\/wp\/v2\/users\/6"}],"replies":[{"embeddable":true,"href":"https:\/\/www.albinfo.ch\/fr\/wp-json\/wp\/v2\/comments?post=881046"}],"version-history":[{"count":2,"href":"https:\/\/www.albinfo.ch\/fr\/wp-json\/wp\/v2\/posts\/881046\/revisions"}],"predecessor-version":[{"id":881134,"href":"https:\/\/www.albinfo.ch\/fr\/wp-json\/wp\/v2\/posts\/881046\/revisions\/881134"}],"wp:featuredmedia":[{"embeddable":true,"href":"https:\/\/www.albinfo.ch\/fr\/wp-json\/wp\/v2\/media\/577541"}],"wp:attachment":[{"href":"https:\/\/www.albinfo.ch\/fr\/wp-json\/wp\/v2\/media?parent=881046"}],"wp:term":[{"taxonomy":"category","embeddable":true,"href":"https:\/\/www.albinfo.ch\/fr\/wp-json\/wp\/v2\/categories?post=881046"},{"taxonomy":"post_tag","embeddable":true,"href":"https:\/\/www.albinfo.ch\/fr\/wp-json\/wp\/v2\/tags?post=881046"},{"taxonomy":"vendi","embeddable":true,"href":"https:\/\/www.albinfo.ch\/fr\/wp-json\/wp\/v2\/vendi?post=881046"},{"taxonomy":"content_country","embeddable":true,"href":"https:\/\/www.albinfo.ch\/fr\/wp-json\/wp\/v2\/content_country?post=881046"}],"curies":[{"name":"wp","href":"https:\/\/api.w.org\/{rel}","templated":true}]}}