{"id":882085,"date":"2025-12-09T19:30:48","date_gmt":"2025-12-09T18:30:48","guid":{"rendered":"https:\/\/www.albinfo.ch\/?p=882085"},"modified":"2025-12-09T20:58:54","modified_gmt":"2025-12-09T19:58:54","slug":"asllani-est-nominee-pour-la-meilleure-milieu-de-terrain-en-suede","status":"publish","type":"post","link":"https:\/\/www.albinfo.ch\/fr\/asllani-est-nominee-pour-la-meilleure-milieu-de-terrain-en-suede\/","title":{"rendered":"Asllani est nomin\u00e9e pour la meilleure milieu de terrain en Su\u00e8de"},"content":{"rendered":"<p class=\"p1\">La F\u00e9d\u00e9ration su\u00e9doise de football a publi\u00e9 la liste des nomin\u00e9s pour les prix des meilleurs joueurs de l\u2019ann\u00e9e 2025 dans le football su\u00e9dois, o\u00f9 figure aussi la joueuse d\u2019origine albanaise Kosovare Asllani, rapporte albinfo.ch.<br data-start=\"241\" data-end=\"244\" \/>Asllani est nomin\u00e9e dans la cat\u00e9gorie de la meilleure milieu de terrain, ce qui confirme une fois de plus sa grande forme sur la sc\u00e8ne internationale.<br data-start=\"394\" data-end=\"397\" \/>La star du football su\u00e9dois est capitaine de la Su\u00e8de et demeure \u00e9galement l\u2019une des figures centrales du club anglais London City Lionesses, o\u00f9 elle a apport\u00e9 une contribution importante durant la saison.<br data-start=\"602\" data-end=\"605\" \/>Les gagnants devraient \u00eatre annonc\u00e9s plus tard dans le mois.<\/p>\n","protected":false},"excerpt":{"rendered":"<p>Kosovare Asllani est nomin\u00e9e pour le prix de la meilleure milieu de terrain en Su\u00e8de<\/p>\n","protected":false},"author":6,"featured_media":846596,"comment_status":"closed","ping_status":"closed","sticky":false,"template":"","format":"standard","meta":{"footnotes":""},"categories":[24630,1169],"tags":[],"vendi":[],"content_country":[],"class_list":["post-882085","post","type-post","status-publish","format-standard","has-post-thumbnail","hentry","category-nouvelles","category-sport-fr"],"acf":[],"_links":{"self":[{"href":"https:\/\/www.albinfo.ch\/fr\/wp-json\/wp\/v2\/posts\/882085","targetHints":{"allow":["GET"]}}],"collection":[{"href":"https:\/\/www.albinfo.ch\/fr\/wp-json\/wp\/v2\/posts"}],"about":[{"href":"https:\/\/www.albinfo.ch\/fr\/wp-json\/wp\/v2\/types\/post"}],"author":[{"embeddable":true,"href":"https:\/\/www.albinfo.ch\/fr\/wp-json\/wp\/v2\/users\/6"}],"replies":[{"embeddable":true,"href":"https:\/\/www.albinfo.ch\/fr\/wp-json\/wp\/v2\/comments?post=882085"}],"version-history":[{"count":1,"href":"https:\/\/www.albinfo.ch\/fr\/wp-json\/wp\/v2\/posts\/882085\/revisions"}],"predecessor-version":[{"id":882086,"href":"https:\/\/www.albinfo.ch\/fr\/wp-json\/wp\/v2\/posts\/882085\/revisions\/882086"}],"wp:featuredmedia":[{"embeddable":true,"href":"https:\/\/www.albinfo.ch\/fr\/wp-json\/wp\/v2\/media\/846596"}],"wp:attachment":[{"href":"https:\/\/www.albinfo.ch\/fr\/wp-json\/wp\/v2\/media?parent=882085"}],"wp:term":[{"taxonomy":"category","embeddable":true,"href":"https:\/\/www.albinfo.ch\/fr\/wp-json\/wp\/v2\/categories?post=882085"},{"taxonomy":"post_tag","embeddable":true,"href":"https:\/\/www.albinfo.ch\/fr\/wp-json\/wp\/v2\/tags?post=882085"},{"taxonomy":"vendi","embeddable":true,"href":"https:\/\/www.albinfo.ch\/fr\/wp-json\/wp\/v2\/vendi?post=882085"},{"taxonomy":"content_country","embeddable":true,"href":"https:\/\/www.albinfo.ch\/fr\/wp-json\/wp\/v2\/content_country?post=882085"}],"curies":[{"name":"wp","href":"https:\/\/api.w.org\/{rel}","templated":true}]}}