{"id":882095,"date":"2025-12-09T20:00:10","date_gmt":"2025-12-09T19:00:10","guid":{"rendered":"https:\/\/www.albinfo.ch\/?p=882095"},"modified":"2025-12-09T21:09:45","modified_gmt":"2025-12-09T20:09:45","slug":"la-suisse-presente-son-nouveau-maillot-pour-la-coupe-du-monde","status":"publish","type":"post","link":"https:\/\/www.albinfo.ch\/fr\/la-suisse-presente-son-nouveau-maillot-pour-la-coupe-du-monde\/","title":{"rendered":"La Suisse pr\u00e9sente son nouveau maillot pour la Coupe du monde"},"content":{"rendered":"<p class=\"p1\">La Suisse pr\u00e9sente son nouveau maillot pour la Coupe du monde, inspir\u00e9 par le passeport national, rapporte albinfo.ch.<br data-start=\"131\" data-end=\"134\" \/>L\u2019\u00e9quipe nationale suisse de football a d\u00e9voil\u00e9 le maillot officiel qu\u2019elle portera lors de la Coupe du monde qui se tiendra l\u2019\u00e9t\u00e9 prochain aux \u00c9tats Unis. \u00c0 travers une vid\u00e9o publi\u00e9e sur les r\u00e9seaux sociaux, la F\u00e9d\u00e9ration suisse a pr\u00e9sent\u00e9 cette nouvelle tenue, con\u00e7ue sur la base des \u00e9l\u00e9ments visuels du passeport suisse.<br data-start=\"457\" data-end=\"460\" \/>Le maillot combine des \u00e9l\u00e9ments traditionnels avec un style moderne pour refl\u00e9ter l\u2019identit\u00e9 nationale et l\u2019histoire du pays. La devise officielle de cette tenue sportive est &#8220;Notre rouge, notre fiert\u00e9 &#8220;, un symbole d\u2019unit\u00e9 et d\u2019esprit national, rapporte encore albinfo.ch.<br data-start=\"734\" data-end=\"737\" \/>Le capitaine de la s\u00e9lection, Granit Xhaka, a d\u00e9clar\u00e9 que ce nouveau design repr\u00e9sente bien plus qu\u2019un simple maillot.<br data-start=\"855\" data-end=\"858\" \/>&#8220;Les d\u00e9tails du maillot me rappellent d\u2019o\u00f9 nous venons et ce que nous repr\u00e9sentons, une Suisse capable d\u2019accomplir de grandes choses gr\u00e2ce \u00e0 l\u2019unit\u00e9 et \u00e0 la d\u00e9termination. &#8220;<br data-start=\"1032\" data-end=\"1035\" \/>Aux c\u00f4t\u00e9s de Xhaka ont \u00e9galement particip\u00e9 \u00e0 la pr\u00e9sentation le d\u00e9fenseur Nico Elvedi et l\u2019attaquant Dan Ndoye.<br data-start=\"1146\" data-end=\"1149\" \/>Toute l\u2019attention de l\u2019\u00e9quipe dirig\u00e9e par l\u2019entra\u00eeneur Murat Yakin est d\u00e9sormais tourn\u00e9e vers le tirage au sort de vendredi, o\u00f9 seront annonc\u00e9s les adversaires de la phase de groupes.<\/p>\n","protected":false},"excerpt":{"rendered":"<p>Le nouveau maillot de la Suisse, inspir\u00e9 par le passeport suisse<\/p>\n","protected":false},"author":6,"featured_media":881154,"comment_status":"closed","ping_status":"closed","sticky":false,"template":"","format":"standard","meta":{"footnotes":""},"categories":[34914,24632,24671,1169],"tags":[],"vendi":[],"content_country":[],"class_list":["post-882095","post","type-post","status-publish","format-standard","has-post-thumbnail","hentry","category-la-vie-en-allemagne","category-nouvelles-fr","category-football","category-sport-fr"],"acf":[],"_links":{"self":[{"href":"https:\/\/www.albinfo.ch\/fr\/wp-json\/wp\/v2\/posts\/882095","targetHints":{"allow":["GET"]}}],"collection":[{"href":"https:\/\/www.albinfo.ch\/fr\/wp-json\/wp\/v2\/posts"}],"about":[{"href":"https:\/\/www.albinfo.ch\/fr\/wp-json\/wp\/v2\/types\/post"}],"author":[{"embeddable":true,"href":"https:\/\/www.albinfo.ch\/fr\/wp-json\/wp\/v2\/users\/6"}],"replies":[{"embeddable":true,"href":"https:\/\/www.albinfo.ch\/fr\/wp-json\/wp\/v2\/comments?post=882095"}],"version-history":[{"count":1,"href":"https:\/\/www.albinfo.ch\/fr\/wp-json\/wp\/v2\/posts\/882095\/revisions"}],"predecessor-version":[{"id":882096,"href":"https:\/\/www.albinfo.ch\/fr\/wp-json\/wp\/v2\/posts\/882095\/revisions\/882096"}],"wp:featuredmedia":[{"embeddable":true,"href":"https:\/\/www.albinfo.ch\/fr\/wp-json\/wp\/v2\/media\/881154"}],"wp:attachment":[{"href":"https:\/\/www.albinfo.ch\/fr\/wp-json\/wp\/v2\/media?parent=882095"}],"wp:term":[{"taxonomy":"category","embeddable":true,"href":"https:\/\/www.albinfo.ch\/fr\/wp-json\/wp\/v2\/categories?post=882095"},{"taxonomy":"post_tag","embeddable":true,"href":"https:\/\/www.albinfo.ch\/fr\/wp-json\/wp\/v2\/tags?post=882095"},{"taxonomy":"vendi","embeddable":true,"href":"https:\/\/www.albinfo.ch\/fr\/wp-json\/wp\/v2\/vendi?post=882095"},{"taxonomy":"content_country","embeddable":true,"href":"https:\/\/www.albinfo.ch\/fr\/wp-json\/wp\/v2\/content_country?post=882095"}],"curies":[{"name":"wp","href":"https:\/\/api.w.org\/{rel}","templated":true}]}}