{"id":882398,"date":"2025-12-10T18:00:58","date_gmt":"2025-12-10T17:00:58","guid":{"rendered":"https:\/\/www.albinfo.ch\/?p=882398"},"modified":"2025-12-10T22:08:16","modified_gmt":"2025-12-10T21:08:16","slug":"shaqiri-brille-avec-la-note-de-8-3-et-offre-la-victoire-a-bale-contre-winterthur","status":"publish","type":"post","link":"https:\/\/www.albinfo.ch\/fr\/shaqiri-brille-avec-la-note-de-8-3-et-offre-la-victoire-a-bale-contre-winterthur\/","title":{"rendered":"Shaqiri brille avec la note de 8.3 et offre la victoire \u00e0 B\u00e2le contre Winterthur"},"content":{"rendered":"<p data-start=\"138\" data-end=\"333\">Xherdan Shaqiri a \u00e9t\u00e9 le principal protagoniste de la victoire d\u2019hier de B\u00e2le en d\u00e9placement contre le FC Winterthur, menant son \u00e9quipe vers un triomphe 2-1, rapporte albinfo.ch.<\/p>\n<p data-start=\"335\" data-end=\"651\">La star albanaise a inscrit le premier but pour son \u00e9quipe \u00e0 la 29e minute, d\u00e9bloquant ainsi la rencontre et donnant le rythme du jeu pour B\u00e2le. Sa prestation a \u00e9t\u00e9 d\u00e9terminante tout au long du match, avec des mouvements dangereux, une excellente organisation du jeu et une influence notable dans la phase offensive.<\/p>\n<p data-start=\"653\" data-end=\"758\">\u00c0 la fin de la rencontre, Shaqiri a \u00e9t\u00e9 not\u00e9 8.3, se classant parmi les meilleurs joueurs sur le terrain.<\/p>\n<p data-start=\"760\" data-end=\"935\">Avec cette victoire en d\u00e9placement, B\u00e2le poursuit sa bonne dynamique, tandis que Xherdan Shaqiri confirme une nouvelle fois son r\u00f4le de leader au sein de l\u2019\u00e9quipe. \/Albinfo.ch<\/p>\n","protected":false},"excerpt":{"rendered":"<p>La note de 8.3 pour Shaqiri apr\u00e8s sa prestation brillante dans la victoire de B\u00e2le<\/p>\n","protected":false},"author":6,"featured_media":882198,"comment_status":"closed","ping_status":"closed","sticky":false,"template":"","format":"standard","meta":{"footnotes":""},"categories":[23271,23277,23270,24671,1159,1169],"tags":[],"vendi":[],"content_country":[],"class_list":["post-882398","post","type-post","status-publish","format-standard","has-post-thumbnail","hentry","category-kosovo","category-news-fr","category-at-balkani-fr","category-football","category-ch-balkans","category-sport-fr"],"acf":[],"_links":{"self":[{"href":"https:\/\/www.albinfo.ch\/fr\/wp-json\/wp\/v2\/posts\/882398","targetHints":{"allow":["GET"]}}],"collection":[{"href":"https:\/\/www.albinfo.ch\/fr\/wp-json\/wp\/v2\/posts"}],"about":[{"href":"https:\/\/www.albinfo.ch\/fr\/wp-json\/wp\/v2\/types\/post"}],"author":[{"embeddable":true,"href":"https:\/\/www.albinfo.ch\/fr\/wp-json\/wp\/v2\/users\/6"}],"replies":[{"embeddable":true,"href":"https:\/\/www.albinfo.ch\/fr\/wp-json\/wp\/v2\/comments?post=882398"}],"version-history":[{"count":1,"href":"https:\/\/www.albinfo.ch\/fr\/wp-json\/wp\/v2\/posts\/882398\/revisions"}],"predecessor-version":[{"id":882399,"href":"https:\/\/www.albinfo.ch\/fr\/wp-json\/wp\/v2\/posts\/882398\/revisions\/882399"}],"wp:featuredmedia":[{"embeddable":true,"href":"https:\/\/www.albinfo.ch\/fr\/wp-json\/wp\/v2\/media\/882198"}],"wp:attachment":[{"href":"https:\/\/www.albinfo.ch\/fr\/wp-json\/wp\/v2\/media?parent=882398"}],"wp:term":[{"taxonomy":"category","embeddable":true,"href":"https:\/\/www.albinfo.ch\/fr\/wp-json\/wp\/v2\/categories?post=882398"},{"taxonomy":"post_tag","embeddable":true,"href":"https:\/\/www.albinfo.ch\/fr\/wp-json\/wp\/v2\/tags?post=882398"},{"taxonomy":"vendi","embeddable":true,"href":"https:\/\/www.albinfo.ch\/fr\/wp-json\/wp\/v2\/vendi?post=882398"},{"taxonomy":"content_country","embeddable":true,"href":"https:\/\/www.albinfo.ch\/fr\/wp-json\/wp\/v2\/content_country?post=882398"}],"curies":[{"name":"wp","href":"https:\/\/api.w.org\/{rel}","templated":true}]}}