{"id":882435,"date":"2025-12-10T19:30:20","date_gmt":"2025-12-10T18:30:20","guid":{"rendered":"https:\/\/www.albinfo.ch\/?p=882435"},"modified":"2025-12-10T22:49:23","modified_gmt":"2025-12-10T21:49:23","slug":"diana-sherifi-aliji-de-tetovo-remporte-le-prix-mondial-women-in-tech-community-award-2025","status":"publish","type":"post","link":"https:\/\/www.albinfo.ch\/fr\/diana-sherifi-aliji-de-tetovo-remporte-le-prix-mondial-women-in-tech-community-award-2025\/","title":{"rendered":"Diana Sherifi Aliji de Tetovo remporte le prix mondial \u201cWomen in Tech Community Award 2025\u201d"},"content":{"rendered":"<p>L\u2019importance mondiale du prix \u201cWomen in Tech Community Award 2025\u201d prend cette ann\u00e9e nj\u00eb dimension particuli\u00e8re. Parmi une comp\u00e9tition internationale r\u00e9unissant des participantes de 128 pays, l\u2019ing\u00e9nieure en logiciels Diana Sherifi Aliji a \u00e9t\u00e9 d\u00e9clar\u00e9e laur\u00e9ate de cette distinction prestigieuse du WomenTech Network, \u00e9crit albinfo.ch. Le prix honore les projets qui cr\u00e9ent un impact significatif dans la communaut\u00e9 et qui renforcent la pr\u00e9sence des femmes dans l\u2019\u00e9cosyst\u00e8me technologique mondial.<\/p>\n<p><a href=\"https:\/\/www.albinfo.ch\/wp-content\/uploads\/2025\/12\/foto-personale-nga-diana.webp\"><img loading=\"lazy\" decoding=\"async\" class=\"alignnone wp-image-882271\" src=\"https:\/\/www.albinfo.ch\/wp-content\/uploads\/2025\/12\/foto-personale-nga-diana.webp\" alt=\"\" width=\"450\" height=\"454\" srcset=\"https:\/\/www.albinfo.ch\/wp-content\/uploads\/2025\/12\/foto-personale-nga-diana.webp 1378w, https:\/\/www.albinfo.ch\/wp-content\/uploads\/2025\/12\/foto-personale-nga-diana-297x300.webp 297w, https:\/\/www.albinfo.ch\/wp-content\/uploads\/2025\/12\/foto-personale-nga-diana-1015x1024.webp 1015w, https:\/\/www.albinfo.ch\/wp-content\/uploads\/2025\/12\/foto-personale-nga-diana-150x150.webp 150w, https:\/\/www.albinfo.ch\/wp-content\/uploads\/2025\/12\/foto-personale-nga-diana-768x775.webp 768w, https:\/\/www.albinfo.ch\/wp-content\/uploads\/2025\/12\/foto-personale-nga-diana-393x396.webp 393w, https:\/\/www.albinfo.ch\/wp-content\/uploads\/2025\/12\/foto-personale-nga-diana-99x100.webp 99w, https:\/\/www.albinfo.ch\/wp-content\/uploads\/2025\/12\/foto-personale-nga-diana-173x175.webp 173w\" sizes=\"auto, (max-width: 450px) 100vw, 450px\" \/><\/a><\/p>\n<p>Au c\u0153ur de cette distinction se trouve \u201cMama\u2019s Feelings Tracker\u201d, l\u2019application cr\u00e9\u00e9e par Sherifi Aliji, qui offre un espace num\u00e9rique s\u00fbr o\u00f9 les m\u00e8res peuvent exprimer leurs \u00e9motions quotidiennes, recevoir un soutien pratique et prendre soin de leur bien \u00eatre mental. L\u2019application s\u2019appuie sur une approche scientifique et sur des algorithmes simples \u00e0 utiliser, offrant aux m\u00e8res des recommandations personnalis\u00e9es adapt\u00e9es \u00e0 la phase de maternit\u00e9 dans laquelle elles se trouvent. Elle inclut des exercices de respiration apaisants, un journal guid\u00e9, de la m\u00e9ditation, de la relaxation musculaire ainsi que des articles r\u00e9dig\u00e9s par des psychologues am\u00e9ricains agr\u00e9\u00e9s, portant sur la p\u00e9riode postnatale, le d\u00e9veloppement pr\u00e9coce et les enfants neurodivergents.<\/p>\n<p><a href=\"https:\/\/www.albinfo.ch\/wp-content\/uploads\/2025\/12\/aplikacioni.webp\"><img loading=\"lazy\" decoding=\"async\" class=\"alignnone wp-image-882277\" src=\"https:\/\/www.albinfo.ch\/wp-content\/uploads\/2025\/12\/aplikacioni.webp\" alt=\"\" width=\"322\" height=\"699\" srcset=\"https:\/\/www.albinfo.ch\/wp-content\/uploads\/2025\/12\/aplikacioni.webp 943w, https:\/\/www.albinfo.ch\/wp-content\/uploads\/2025\/12\/aplikacioni-138x300.webp 138w, https:\/\/www.albinfo.ch\/wp-content\/uploads\/2025\/12\/aplikacioni-472x1024.webp 472w, https:\/\/www.albinfo.ch\/wp-content\/uploads\/2025\/12\/aplikacioni-768x1668.webp 768w, https:\/\/www.albinfo.ch\/wp-content\/uploads\/2025\/12\/aplikacioni-707x1536.webp 707w, https:\/\/www.albinfo.ch\/wp-content\/uploads\/2025\/12\/aplikacioni-182x396.webp 182w, https:\/\/www.albinfo.ch\/wp-content\/uploads\/2025\/12\/aplikacioni-46x100.webp 46w, https:\/\/www.albinfo.ch\/wp-content\/uploads\/2025\/12\/aplikacioni-81x175.webp 81w\" sizes=\"auto, (max-width: 322px) 100vw, 322px\" \/><\/a><\/p>\n<p data-start=\"86\" data-end=\"505\">Dans sa r\u00e9action apr\u00e8s l\u2019annonce de la gagnante, Sherifi Aliji a d\u00e9clar\u00e9 que ce prix la motive \u00e0 poursuivre sa mission. \u201cCe prix est directement li\u00e9 \u00e0 mon travail pour la communaut\u00e9 des m\u00e8res \u00e0 travers Mama\u2019s Feelings Tracker. C\u2019est un privil\u00e8ge de faire partie d\u2019un r\u00e9seau qui valorise et c\u00e9l\u00e8bre la contribution des femmes dans la technologie. Ce prix m\u2019appartient, mais il est tout autant le v\u00f4tre.\u201d<\/p>\n<p data-start=\"507\" data-end=\"648\">\u201cMama\u2019s Feelings Tracker\u201d est d\u00e9j\u00e0 actif sur l\u2019App Store et sur Google Play. Plus d\u2019informations se trouvent sur <a class=\"decorated-link\" href=\"http:\/\/www.mamasfeelingstracker.com\" target=\"_new\" rel=\"noopener\" data-start=\"620\" data-end=\"648\">www.mamasfeelingstracker.com<\/a><\/p>\n<p data-start=\"650\" data-end=\"1054\">Dans un paysage technologique en pleine \u00e9volution, ce type de distinction montre clairement que l\u2019innovation ne se mesure pas uniquement par les avanc\u00e9es techniques, mais aussi par la capacit\u00e9 \u00e0 cr\u00e9er du soutien, de l\u2019acc\u00e8s et du bien \u00eatre. Les femmes qui m\u00e8nent de telles initiatives d\u00e9montrent que la technologie est plus compl\u00e8te lorsqu\u2019elle est construite sur l\u2019empathie et la responsabilit\u00e9 sociale.<\/p>\n<p data-start=\"1056\" data-end=\"1062\">(L.A.)<\/p>\n<p>&nbsp;<\/p>\n","protected":false},"excerpt":{"rendered":"<p>Parmi 1 650 candidates provenant de 128 pays, l\u2019ing\u00e9nieure en logiciels est r\u00e9compens\u00e9e pour son impact sur la sant\u00e9 mentale des m\u00e8res gr\u00e2ce \u00e0 l\u2019innovation num\u00e9rique<\/p>\n","protected":false},"author":6,"featured_media":882275,"comment_status":"closed","ping_status":"closed","sticky":false,"template":"","format":"standard","meta":{"footnotes":""},"categories":[24627,1160,1159],"tags":[],"vendi":[],"content_country":[],"class_list":["post-882435","post","type-post","status-publish","format-standard","has-post-thumbnail","hentry","category-macedoine-du-nord-fr-2","category-actuel","category-ch-balkans"],"acf":[],"_links":{"self":[{"href":"https:\/\/www.albinfo.ch\/fr\/wp-json\/wp\/v2\/posts\/882435","targetHints":{"allow":["GET"]}}],"collection":[{"href":"https:\/\/www.albinfo.ch\/fr\/wp-json\/wp\/v2\/posts"}],"about":[{"href":"https:\/\/www.albinfo.ch\/fr\/wp-json\/wp\/v2\/types\/post"}],"author":[{"embeddable":true,"href":"https:\/\/www.albinfo.ch\/fr\/wp-json\/wp\/v2\/users\/6"}],"replies":[{"embeddable":true,"href":"https:\/\/www.albinfo.ch\/fr\/wp-json\/wp\/v2\/comments?post=882435"}],"version-history":[{"count":1,"href":"https:\/\/www.albinfo.ch\/fr\/wp-json\/wp\/v2\/posts\/882435\/revisions"}],"predecessor-version":[{"id":882437,"href":"https:\/\/www.albinfo.ch\/fr\/wp-json\/wp\/v2\/posts\/882435\/revisions\/882437"}],"wp:featuredmedia":[{"embeddable":true,"href":"https:\/\/www.albinfo.ch\/fr\/wp-json\/wp\/v2\/media\/882275"}],"wp:attachment":[{"href":"https:\/\/www.albinfo.ch\/fr\/wp-json\/wp\/v2\/media?parent=882435"}],"wp:term":[{"taxonomy":"category","embeddable":true,"href":"https:\/\/www.albinfo.ch\/fr\/wp-json\/wp\/v2\/categories?post=882435"},{"taxonomy":"post_tag","embeddable":true,"href":"https:\/\/www.albinfo.ch\/fr\/wp-json\/wp\/v2\/tags?post=882435"},{"taxonomy":"vendi","embeddable":true,"href":"https:\/\/www.albinfo.ch\/fr\/wp-json\/wp\/v2\/vendi?post=882435"},{"taxonomy":"content_country","embeddable":true,"href":"https:\/\/www.albinfo.ch\/fr\/wp-json\/wp\/v2\/content_country?post=882435"}],"curies":[{"name":"wp","href":"https:\/\/api.w.org\/{rel}","templated":true}]}}