{"id":882459,"date":"2025-12-10T20:30:27","date_gmt":"2025-12-10T19:30:27","guid":{"rendered":"https:\/\/www.albinfo.ch\/?p=882459"},"modified":"2025-12-10T23:17:02","modified_gmt":"2025-12-10T22:17:02","slug":"guy-parmelin-est-elu-nouveau-president-de-la-suisse-avec-203-voix-un-resultat-record","status":"publish","type":"post","link":"https:\/\/www.albinfo.ch\/fr\/guy-parmelin-est-elu-nouveau-president-de-la-suisse-avec-203-voix-un-resultat-record\/","title":{"rendered":"Guy Parmelin est \u00e9lu nouveau pr\u00e9sident de la Suisse avec 203 voix, un r\u00e9sultat record"},"content":{"rendered":"<p data-start=\"141\" data-end=\"439\">Lors de la session d\u2019hiver, le Parlement suisse examine le budget pour l\u2019ann\u00e9e 2026 et proc\u00e8de aux \u00e9lections pour la Pr\u00e9sidence f\u00e9d\u00e9rale. Figurent \u00e9galement \u00e0 l\u2019ordre du jour l\u2019initiative \u201cPas une Suisse \u00e0 10 millions d\u2019habitants\u201d ainsi que l\u2019initiative contre les feux d\u2019artifice.<\/p>\n<p data-start=\"441\" data-end=\"635\">Dans ce contexte, Guy Parmelin a \u00e9t\u00e9 \u00e9lu nouveau pr\u00e9sident de la Conf\u00e9d\u00e9ration suisse avec 203 voix, un r\u00e9sultat exceptionnel et le meilleur de ces vingt cinq derni\u00e8res ann\u00e9es, \u00e9crit albinfo.ch.<\/p>\n<p data-start=\"637\" data-end=\"812\">\u00c0 titre de comparaison, l\u2019an dernier Karin Keller Sutter avait obtenu 168 voix, tandis qu\u2019en 2019 Ueli Maurer avait atteint 201 voix, un record d\u00e9sormais d\u00e9pass\u00e9 par Parmelin.<\/p>\n<p data-start=\"814\" data-end=\"859\">Reconnaissance pour le ministre de l\u2019\u00c9conomie<\/p>\n<p data-start=\"861\" data-end=\"1138\">Ce r\u00e9sultat \u00e9lev\u00e9 est \u00e9galement per\u00e7u comme nj\u00eb signe de reconnaissance pour le travail de Parmelin en tant que ministre de l\u2019\u00c9conomie. Il a r\u00e9cemment annonc\u00e9 la conclusion d\u2019un accord sur les droits de douane avec les \u00c9tats Unis, une avanc\u00e9e importante pour l\u2019\u00e9conomie suisse.<\/p>\n<p data-start=\"1140\" data-end=\"1304\">Cependant, Parmelin a \u00e9galement fait face \u00e0 des critiques, notamment concernant la communication autour de la visite de plusieurs millionnaires \u00e0 la Maison Blanche.<\/p>\n<p data-start=\"1306\" data-end=\"1357\">Tradition de rotation et \u201ct\u00e9moignage\u201d parlementaire<\/p>\n<p data-start=\"1359\" data-end=\"1616\">L\u2019\u00e9lection du pr\u00e9sident de la Conf\u00e9d\u00e9ration suit g\u00e9n\u00e9ralement une rotation interne et est consid\u00e9r\u00e9e comme une formalit\u00e9. Toutefois, le r\u00e9sultat du vote est souvent interpr\u00e9t\u00e9 comme une sorte de \u201cbulletin\u201d \u00e9valuant le travail des membres du Conseil f\u00e9d\u00e9ral.<\/p>\n<p data-start=\"1618\" data-end=\"1779\">Lors de son premier mandat en tant que pr\u00e9sident, en 2021, Parmelin avait obtenu 188 voix, un bon r\u00e9sultat d\u00e9j\u00e0 \u00e0 l\u2019\u00e9poque, mais pas aussi \u00e9lev\u00e9 que cette ann\u00e9e.<\/p>\n<p data-start=\"1781\" data-end=\"1807\">\u00c9lection du vice pr\u00e9sident<\/p>\n<p data-start=\"1809\" data-end=\"1983\">Apr\u00e8s l\u2019\u00e9lection de Guy Parmelin comme pr\u00e9sident, Ignazio Cassis devrait \u00eatre \u00e9lu vice pr\u00e9sident du Conseil f\u00e9d\u00e9ral. Parmelin adressera ensuite au Parlement un bref discours.<\/p>\n","protected":false},"excerpt":{"rendered":"<p>Lors de la session d\u2019hiver, le Parlement suisse examine le budget pour l\u2019ann\u00e9e 2026 et proc\u00e8de aux \u00e9lections pour la Pr\u00e9sidence f\u00e9d\u00e9rale. Figurent \u00e9galement \u00e0 l\u2019ordre du jour l\u2019initiative \u201cPas une Suisse \u00e0 10 millions d\u2019habitants\u201d ainsi que l\u2019initiative contre les feux d\u2019artifice. Dans ce contexte, Guy Parmelin a \u00e9t\u00e9 \u00e9lu nouveau pr\u00e9sident de la [&hellip;]<\/p>\n","protected":false},"author":6,"featured_media":433799,"comment_status":"closed","ping_status":"closed","sticky":false,"template":"","format":"standard","meta":{"footnotes":""},"categories":[34914,24644],"tags":[],"vendi":[],"content_country":[],"class_list":["post-882459","post","type-post","status-publish","format-standard","has-post-thumbnail","hentry","category-la-vie-en-allemagne","category-thematique-fr"],"acf":[],"_links":{"self":[{"href":"https:\/\/www.albinfo.ch\/fr\/wp-json\/wp\/v2\/posts\/882459","targetHints":{"allow":["GET"]}}],"collection":[{"href":"https:\/\/www.albinfo.ch\/fr\/wp-json\/wp\/v2\/posts"}],"about":[{"href":"https:\/\/www.albinfo.ch\/fr\/wp-json\/wp\/v2\/types\/post"}],"author":[{"embeddable":true,"href":"https:\/\/www.albinfo.ch\/fr\/wp-json\/wp\/v2\/users\/6"}],"replies":[{"embeddable":true,"href":"https:\/\/www.albinfo.ch\/fr\/wp-json\/wp\/v2\/comments?post=882459"}],"version-history":[{"count":1,"href":"https:\/\/www.albinfo.ch\/fr\/wp-json\/wp\/v2\/posts\/882459\/revisions"}],"predecessor-version":[{"id":882460,"href":"https:\/\/www.albinfo.ch\/fr\/wp-json\/wp\/v2\/posts\/882459\/revisions\/882460"}],"wp:featuredmedia":[{"embeddable":true,"href":"https:\/\/www.albinfo.ch\/fr\/wp-json\/wp\/v2\/media\/433799"}],"wp:attachment":[{"href":"https:\/\/www.albinfo.ch\/fr\/wp-json\/wp\/v2\/media?parent=882459"}],"wp:term":[{"taxonomy":"category","embeddable":true,"href":"https:\/\/www.albinfo.ch\/fr\/wp-json\/wp\/v2\/categories?post=882459"},{"taxonomy":"post_tag","embeddable":true,"href":"https:\/\/www.albinfo.ch\/fr\/wp-json\/wp\/v2\/tags?post=882459"},{"taxonomy":"vendi","embeddable":true,"href":"https:\/\/www.albinfo.ch\/fr\/wp-json\/wp\/v2\/vendi?post=882459"},{"taxonomy":"content_country","embeddable":true,"href":"https:\/\/www.albinfo.ch\/fr\/wp-json\/wp\/v2\/content_country?post=882459"}],"curies":[{"name":"wp","href":"https:\/\/api.w.org\/{rel}","templated":true}]}}