{"id":882777,"date":"2025-12-11T18:30:14","date_gmt":"2025-12-11T17:30:14","guid":{"rendered":"https:\/\/www.albinfo.ch\/?p=882777"},"modified":"2025-12-11T21:47:18","modified_gmt":"2025-12-11T20:47:18","slug":"leandro-maksutaj-fait-ses-debuts-en-super-league-suisse-avec-winterthur","status":"publish","type":"post","link":"https:\/\/www.albinfo.ch\/fr\/leandro-maksutaj-fait-ses-debuts-en-super-league-suisse-avec-winterthur\/","title":{"rendered":"Leandro Maksutaj fait ses d\u00e9buts en Super League suisse avec Winterthur"},"content":{"rendered":"<p data-start=\"218\" data-end=\"408\">Le talent de l\u2019\u00e9quipe nationale U19 du Kosovo, Leandro Maksutaj, a fait ses d\u00e9buts avec l\u2019\u00e9quipe premi\u00e8re de Winterthur en Super League suisse lors du match contre B\u00e2le, rapporte albinfo.ch.<\/p>\n<p data-start=\"410\" data-end=\"640\">Le jeune joueur de dix huit ans est entr\u00e9 sur le terrain \u00e0 la quatre vingt neuvi\u00e8me minute, marquant une \u00e9tape importante dans sa carri\u00e8re et confirmant son \u00e9volution comme l\u2019un des talents les plus prometteurs du football suisse.<\/p>\n<p data-start=\"642\" data-end=\"886\">Winterthur s\u2019est inclin\u00e9 1 \u00e0 2 face \u00e0 B\u00e2le dans une rencontre o\u00f9 le principal protagoniste a \u00e9t\u00e9 Xherdan Shaqiri qui a inscrit le premier but pour son \u00e9quipe. Shaqiri a \u00e9galement obtenu un penalty mais l\u2019ex\u00e9cution de Philip Otele a \u00e9t\u00e9 arr\u00eat\u00e9e.<\/p>\n","protected":false},"excerpt":{"rendered":"<p>La jeune \u00e9toile du Kosovo U19 fait ses d\u00e9buts en Super League suisse<\/p>\n","protected":false},"author":6,"featured_media":882598,"comment_status":"closed","ping_status":"closed","sticky":false,"template":"","format":"standard","meta":{"footnotes":""},"categories":[24630,24671,1169],"tags":[],"vendi":[],"content_country":[],"class_list":["post-882777","post","type-post","status-publish","format-standard","has-post-thumbnail","hentry","category-nouvelles","category-football","category-sport-fr"],"acf":[],"_links":{"self":[{"href":"https:\/\/www.albinfo.ch\/fr\/wp-json\/wp\/v2\/posts\/882777","targetHints":{"allow":["GET"]}}],"collection":[{"href":"https:\/\/www.albinfo.ch\/fr\/wp-json\/wp\/v2\/posts"}],"about":[{"href":"https:\/\/www.albinfo.ch\/fr\/wp-json\/wp\/v2\/types\/post"}],"author":[{"embeddable":true,"href":"https:\/\/www.albinfo.ch\/fr\/wp-json\/wp\/v2\/users\/6"}],"replies":[{"embeddable":true,"href":"https:\/\/www.albinfo.ch\/fr\/wp-json\/wp\/v2\/comments?post=882777"}],"version-history":[{"count":1,"href":"https:\/\/www.albinfo.ch\/fr\/wp-json\/wp\/v2\/posts\/882777\/revisions"}],"predecessor-version":[{"id":882779,"href":"https:\/\/www.albinfo.ch\/fr\/wp-json\/wp\/v2\/posts\/882777\/revisions\/882779"}],"wp:featuredmedia":[{"embeddable":true,"href":"https:\/\/www.albinfo.ch\/fr\/wp-json\/wp\/v2\/media\/882598"}],"wp:attachment":[{"href":"https:\/\/www.albinfo.ch\/fr\/wp-json\/wp\/v2\/media?parent=882777"}],"wp:term":[{"taxonomy":"category","embeddable":true,"href":"https:\/\/www.albinfo.ch\/fr\/wp-json\/wp\/v2\/categories?post=882777"},{"taxonomy":"post_tag","embeddable":true,"href":"https:\/\/www.albinfo.ch\/fr\/wp-json\/wp\/v2\/tags?post=882777"},{"taxonomy":"vendi","embeddable":true,"href":"https:\/\/www.albinfo.ch\/fr\/wp-json\/wp\/v2\/vendi?post=882777"},{"taxonomy":"content_country","embeddable":true,"href":"https:\/\/www.albinfo.ch\/fr\/wp-json\/wp\/v2\/content_country?post=882777"}],"curies":[{"name":"wp","href":"https:\/\/api.w.org\/{rel}","templated":true}]}}