{"id":882797,"date":"2025-12-11T19:30:14","date_gmt":"2025-12-11T18:30:14","guid":{"rendered":"https:\/\/www.albinfo.ch\/?p=882797"},"modified":"2025-12-11T21:56:33","modified_gmt":"2025-12-11T20:56:33","slug":"shaqiri-tout-proche-du-titre-de-champion-du-monde-avec-bale","status":"publish","type":"post","link":"https:\/\/www.albinfo.ch\/fr\/shaqiri-tout-proche-du-titre-de-champion-du-monde-avec-bale\/","title":{"rendered":"Shaqiri tout proche du titre de \u201cchampion du monde\u201d avec B\u00e2le"},"content":{"rendered":"<p data-start=\"217\" data-end=\"398\">Xherdan Shaqiri a l\u2019occasion de devenir le \u201cchampion du monde\u201d non officiel jeudi soir avec l\u2019\u00e9quipe de B\u00e2le lors d\u2019une rencontre importante face \u00e0 Aston Villa, rapporte albinfo.ch.<\/p>\n<p data-start=\"400\" data-end=\"622\">B\u00e2le affrontera le club anglais jeudi \u00e0 21h00 dans le cadre de la sixi\u00e8me journ\u00e9e de la Ligue Europa. Selon le m\u00e9dia suisse Blick, une victoire de l\u2019\u00e9quipe suisse lui garantirait le titre symbolique de \u201cchampion du monde\u201d.<\/p>\n<p data-start=\"624\" data-end=\"726\">Avant ce duel, Shaqiri a exprim\u00e9 son enthousiasme pour cette confrontation contre une \u00e9quipe anglaise.<\/p>\n<p data-start=\"728\" data-end=\"1000\">\u201cAston Villa a montr\u00e9 une bonne forme r\u00e9cemment. J\u2019attends ce match avec impatience car j\u2019ai l\u2019occasion de jouer \u00e0 nouveau contre une \u00e9quipe anglaise. Ce sera un d\u00e9fi difficile mais nous sommes forts \u00e0 domicile et pouvons battre n\u2019importe quel adversaire\u201d, a t il d\u00e9clar\u00e9.<\/p>\n<p data-start=\"1002\" data-end=\"1275\">Actuellement, le titre non officiel est d\u00e9tenu par Aston Villa, apr\u00e8s le but d\u2019Emiliano Buend\u00eda inscrit \u00e0 la quatre vingt quinzi\u00e8me minute lors de la victoire 2 \u00e0 1 contre Arsenal le week end dernier. Toutefois, cette situation pourrait changer apr\u00e8s la rencontre de jeudi.<\/p>\n<p data-start=\"1277\" data-end=\"1487\">L\u2019histoire de ce titre particulier remonte \u00e0 environ vingt ans lorsqu\u2019un supporter britannique a cr\u00e9\u00e9 la plateforme Stevesfootballstats qui suit les matchs d\u00e9terminant le passage de cette \u201ccouronne\u201d symbolique.<\/p>\n<p data-start=\"1489\" data-end=\"1701\">Selon les r\u00e8gles de ce concept, toute \u00e9quipe qui bat le champion actuel lors d\u2019un match officiel remporte le titre. Au niveau des \u00e9quipes nationales, ce titre est actuellement d\u00e9tenu officiellement par le Kosovo.<\/p>\n","protected":false},"excerpt":{"rendered":"<p>Shaqiri pr\u00eat pour le duel d\u00e9cisif en Ligue Europa<\/p>\n","protected":false},"author":6,"featured_media":835105,"comment_status":"closed","ping_status":"closed","sticky":false,"template":"","format":"standard","meta":{"footnotes":""},"categories":[24630,24671,1169],"tags":[],"vendi":[],"content_country":[],"class_list":["post-882797","post","type-post","status-publish","format-standard","has-post-thumbnail","hentry","category-nouvelles","category-football","category-sport-fr"],"acf":[],"_links":{"self":[{"href":"https:\/\/www.albinfo.ch\/fr\/wp-json\/wp\/v2\/posts\/882797","targetHints":{"allow":["GET"]}}],"collection":[{"href":"https:\/\/www.albinfo.ch\/fr\/wp-json\/wp\/v2\/posts"}],"about":[{"href":"https:\/\/www.albinfo.ch\/fr\/wp-json\/wp\/v2\/types\/post"}],"author":[{"embeddable":true,"href":"https:\/\/www.albinfo.ch\/fr\/wp-json\/wp\/v2\/users\/6"}],"replies":[{"embeddable":true,"href":"https:\/\/www.albinfo.ch\/fr\/wp-json\/wp\/v2\/comments?post=882797"}],"version-history":[{"count":1,"href":"https:\/\/www.albinfo.ch\/fr\/wp-json\/wp\/v2\/posts\/882797\/revisions"}],"predecessor-version":[{"id":882798,"href":"https:\/\/www.albinfo.ch\/fr\/wp-json\/wp\/v2\/posts\/882797\/revisions\/882798"}],"wp:featuredmedia":[{"embeddable":true,"href":"https:\/\/www.albinfo.ch\/fr\/wp-json\/wp\/v2\/media\/835105"}],"wp:attachment":[{"href":"https:\/\/www.albinfo.ch\/fr\/wp-json\/wp\/v2\/media?parent=882797"}],"wp:term":[{"taxonomy":"category","embeddable":true,"href":"https:\/\/www.albinfo.ch\/fr\/wp-json\/wp\/v2\/categories?post=882797"},{"taxonomy":"post_tag","embeddable":true,"href":"https:\/\/www.albinfo.ch\/fr\/wp-json\/wp\/v2\/tags?post=882797"},{"taxonomy":"vendi","embeddable":true,"href":"https:\/\/www.albinfo.ch\/fr\/wp-json\/wp\/v2\/vendi?post=882797"},{"taxonomy":"content_country","embeddable":true,"href":"https:\/\/www.albinfo.ch\/fr\/wp-json\/wp\/v2\/content_country?post=882797"}],"curies":[{"name":"wp","href":"https:\/\/api.w.org\/{rel}","templated":true}]}}