{"id":882816,"date":"2025-12-11T22:07:03","date_gmt":"2025-12-11T21:07:03","guid":{"rendered":"https:\/\/www.albinfo.ch\/?p=882816"},"modified":"2025-12-11T22:07:20","modified_gmt":"2025-12-11T21:07:20","slug":"le-magazine-albinfo-ch-presente-les-personnalites-albanaises-de-suisse-pour-lannee-2025","status":"publish","type":"post","link":"https:\/\/www.albinfo.ch\/fr\/le-magazine-albinfo-ch-presente-les-personnalites-albanaises-de-suisse-pour-lannee-2025\/","title":{"rendered":"Le magazine albinfo.ch pr\u00e9sente les personnalit\u00e9s albanaises de Suisse pour l\u2019ann\u00e9e 2025"},"content":{"rendered":"<p data-start=\"281\" data-end=\"520\">En suivant la belle tradition de fin d\u2019ann\u00e9e consistant \u00e0 dresser un bilan des r\u00e9alisations les plus marquantes, la r\u00e9daction de la plateforme m\u00e9diatique albinfo.ch a s\u00e9lectionn\u00e9 les personnalit\u00e9s de la diaspora qui lidhen me k\u00ebto arritje.<\/p>\n<p data-start=\"522\" data-end=\"783\">En tant que la plus grande et la plus fiable plateforme de la diaspora albanaise en Suisse et au del\u00e0, albinfo.ch peut affirmer sans fausse modestie que presque toutes ces personnalit\u00e9s sont pass\u00e9es par cette plateforme ou ont \u00e9t\u00e9 mises en lumi\u00e8re gr\u00e2ce \u00e0 elle.<\/p>\n<p data-start=\"785\" data-end=\"1062\">Ainsi, dans le num\u00e9ro sp\u00e9cial du magazine albinfo.ch d\u00e9filent les laur\u00e9ats albanais de l\u2019ann\u00e9e 2025 en Suisse. Il s\u2019agit de personnalit\u00e9s qui ont marqu\u00e9 l\u2019ann\u00e9e \u00e9coul\u00e9e dans des domaines tels que la culture, la politique, le sport, la m\u00e9decine, les affaires et d\u2019autres encore.<\/p>\n<p data-start=\"1064\" data-end=\"1356\">Et ces personnalit\u00e9s dont certaines sont largement connues en Suisse et ailleurs sont Elina Duni culture, Lorik Cana pour l\u2019image des Albanais dans le monde, Merita Pinta affaires, Musa Kamenica politique, Adrian Bajrami sport football, P\u00ebrparim Limani m\u00e9decine et Fehmi Mahalla sport karat\u00e9.<\/p>\n<p data-start=\"1358\" data-end=\"1877\">Ces laur\u00e9ats ont m\u00e9rit\u00e9 leur s\u00e9lection gr\u00e2ce \u00e0 leurs r\u00e9alisations pendant plusieurs ann\u00e9es mais c\u2019est pr\u00e9cis\u00e9ment en cette ann\u00e9e qui s\u2019ach\u00e8ve qu\u2019ils ont atteint les sommets de leurs carri\u00e8res respectives. Ainsi, Elina Duni artiste de jazz hautement reconnue a \u00e9t\u00e9 d\u00e9sign\u00e9e par un prestigieux jury comme la meilleure chanteuse de jazz en Suisse pour l\u2019ann\u00e9e 2025, Lorik Cana a v\u00e9cu une ann\u00e9e tr\u00e8s riche avec l\u2019initiative Rr\u00ebnj\u00ebt tona, Adrian Bajrami a \u00e9t\u00e9 convoqu\u00e9 en \u00e9quipe premi\u00e8re de football de Suisse, entre autres.<\/p>\n<p data-start=\"1879\" data-end=\"2199\">Dans ce num\u00e9ro actuel, le dernier de l\u2019ann\u00e9e pour albinfo.ch nous avons interview\u00e9 toutes ces personnalit\u00e9s ainsi que d\u2019autres encore qui m\u00e9ritojn\u00eb l\u2019attention de la diaspora albanaise de Suisse. On y retrouve \u00e9galement les rubriques habituelles du magazine enrichies d\u2019articles li\u00e9s \u00e0 l\u2019ambiance festive de fin d\u2019ann\u00e9e.<\/p>\n<p data-start=\"2201\" data-end=\"2396\">Pour conclure, la r\u00e9daction d\u2019albinfo.ch vous souhaite une agr\u00e9able lecture et adresse ses meilleurs v\u0153ux pour la nouvelle ann\u00e9e \u00e0 ses lecteurs ainsi qu\u2019\u00e0 tous les Albanais o\u00f9 qu\u2019ils se trouvent.<\/p>\n","protected":false},"excerpt":{"rendered":"<p>Dans le num\u00e9ro solennel du magazine albinfo.ch d\u00e9filent les laur\u00e9ats albanais de l\u2019ann\u00e9e en Suisse dans des domaines tels que la culture, la politique, le sport, la m\u00e9decine, les affaires et d\u2019autres encore<\/p>\n","protected":false},"author":6,"featured_media":882952,"comment_status":"closed","ping_status":"closed","sticky":false,"template":"","format":"standard","meta":{"footnotes":""},"categories":[34914,34917,1171,24637,1164,1166,18826,24630,24632,24644,1163,1168,1170,1184],"tags":[],"vendi":[],"content_country":[31835,31838,31840],"class_list":["post-882816","post","type-post","status-publish","format-standard","has-post-thumbnail","hentry","category-la-vie-en-allemagne","category-autres-fr-5","category-thematique","category-nouvelles-fr-4","category-integration-fr","category-langues","category-lajme-jeta-ne-zvicer-fr","category-nouvelles","category-nouvelles-fr","category-thematique-fr","category-fr-e-diaspora","category-culture","category-vivre-en-suisse","category-fotolajmi-fr","content_country-austria-fr","content_country-germany-fr","content_country-zvicer-fr"],"acf":[],"_links":{"self":[{"href":"https:\/\/www.albinfo.ch\/fr\/wp-json\/wp\/v2\/posts\/882816","targetHints":{"allow":["GET"]}}],"collection":[{"href":"https:\/\/www.albinfo.ch\/fr\/wp-json\/wp\/v2\/posts"}],"about":[{"href":"https:\/\/www.albinfo.ch\/fr\/wp-json\/wp\/v2\/types\/post"}],"author":[{"embeddable":true,"href":"https:\/\/www.albinfo.ch\/fr\/wp-json\/wp\/v2\/users\/6"}],"replies":[{"embeddable":true,"href":"https:\/\/www.albinfo.ch\/fr\/wp-json\/wp\/v2\/comments?post=882816"}],"version-history":[{"count":1,"href":"https:\/\/www.albinfo.ch\/fr\/wp-json\/wp\/v2\/posts\/882816\/revisions"}],"predecessor-version":[{"id":882817,"href":"https:\/\/www.albinfo.ch\/fr\/wp-json\/wp\/v2\/posts\/882816\/revisions\/882817"}],"wp:featuredmedia":[{"embeddable":true,"href":"https:\/\/www.albinfo.ch\/fr\/wp-json\/wp\/v2\/media\/882952"}],"wp:attachment":[{"href":"https:\/\/www.albinfo.ch\/fr\/wp-json\/wp\/v2\/media?parent=882816"}],"wp:term":[{"taxonomy":"category","embeddable":true,"href":"https:\/\/www.albinfo.ch\/fr\/wp-json\/wp\/v2\/categories?post=882816"},{"taxonomy":"post_tag","embeddable":true,"href":"https:\/\/www.albinfo.ch\/fr\/wp-json\/wp\/v2\/tags?post=882816"},{"taxonomy":"vendi","embeddable":true,"href":"https:\/\/www.albinfo.ch\/fr\/wp-json\/wp\/v2\/vendi?post=882816"},{"taxonomy":"content_country","embeddable":true,"href":"https:\/\/www.albinfo.ch\/fr\/wp-json\/wp\/v2\/content_country?post=882816"}],"curies":[{"name":"wp","href":"https:\/\/api.w.org\/{rel}","templated":true}]}}