{"id":883095,"date":"2025-12-12T18:30:41","date_gmt":"2025-12-12T17:30:41","guid":{"rendered":"https:\/\/www.albinfo.ch\/?p=883095"},"modified":"2025-12-13T01:13:38","modified_gmt":"2025-12-13T00:13:38","slug":"le-kosovo-revient-a-davos-en-suisse-avec-la-house-of-kosova-2026","status":"publish","type":"post","link":"https:\/\/www.albinfo.ch\/fr\/le-kosovo-revient-a-davos-en-suisse-avec-la-house-of-kosova-2026\/","title":{"rendered":"Le Kosovo revient \u00e0 Davos en Suisse avec la \u201cHouse of Kosova\u201d 2026"},"content":{"rendered":"<div dir=\"auto\">\n<p data-start=\"0\" data-end=\"291\">Au c\u0153ur de Davos en Suisse, l\u00e0 o\u00f9 chaque ann\u00e9e se r\u00e9unissent les leaders mondiaux pour d\u00e9battre des d\u00e9fis et de l\u2019avenir du monde, la House of Kosova s\u2019imposera \u00e0 nouveau comme une plateforme unique pour pr\u00e9senter le potentiel \u00e9conomique, culturel et diplomatique de notre pays.<\/p>\n<p data-start=\"293\" data-end=\"654\">Le gouvernement de la R\u00e9publique du Kosovo a entam\u00e9 les pr\u00e9paratifs de la maison officielle \u201cHouse of Kosova\u201d \u00e0 Davos qui, comme l\u2019an dernier, servira d\u2019espace o\u00f9 les visiteurs pourront d\u00e9couvrir notre pays dans toutes ses dimensions: ses habitants, son potentiel \u00e9conomique, son art et son patrimoine culturel, ainsi que sa riche gastronomie, \u00e9crit albinfo.ch.<\/p>\n<p data-start=\"656\" data-end=\"971\">Du 21 au 23 janvier 2026, la House of Kosova accueillera des panels et des discussions de type fireside chat sur des th\u00e8mes cl\u00e9s tels que l\u2019\u00e9nergie, l\u2019intelligence artificielle, la num\u00e9risation, la g\u00e9opolitique et leur impact \u00e9conomique, ainsi que les opportunit\u00e9s que ces domaines offrent au Kosovo et \u00e0 la r\u00e9gion.<\/p>\n<p data-start=\"973\" data-end=\"1232\">En soir\u00e9e, cet espace se transformera en un lieu de rencontre dynamique avec de la musique traditionnelle et contemporaine, des performances artistiques et des pr\u00e9sentations culturelles, toujours accompagn\u00e9es de mets et de boissons soigneusement s\u00e9lectionn\u00e9s.<\/p>\n<p data-start=\"1234\" data-end=\"1567\">Les entreprises kosovares y auront une pr\u00e9sence marqu\u00e9e, illustrant pourquoi le Kosovo s\u2019affirme comme l\u2019un des p\u00f4les les plus dynamiques de la r\u00e9gion pour l\u2019investissement, l\u2019innovation et la coop\u00e9ration, gr\u00e2ce \u00e0 un fort potentiel de nearshoring, \u00e0 des talents d\u2019ing\u00e9nierie hautement qualifi\u00e9s et \u00e0 un environnement tr\u00e8s comp\u00e9titif.<\/p>\n<p data-start=\"1569\" data-end=\"1635\">La House of Kosova se trouve \u00e0 l\u2019adresse Gr\u00fcenistrasse 18 \u00e0 Davos.<\/p>\n<\/div>\n<p>La House of Kosova l\u2019ann\u00e9e derni\u00e8re:<iframe loading=\"lazy\" style=\"border: none; overflow: hidden;\" src=\"https:\/\/www.facebook.com\/plugins\/video.php?height=314&amp;href=https%3A%2F%2Fwww.facebook.com%2Falbinfo.ch%2Fvideos%2F633032665869620%2F&amp;show_text=false&amp;width=560&amp;t=0\" width=\"560\" height=\"314\" frameborder=\"0\" scrolling=\"no\" allowfullscreen=\"allowfullscreen\" data-mce-fragment=\"1\"><\/iframe><\/p>\n<p>&nbsp;<\/p>\n","protected":false},"excerpt":{"rendered":"<p>Au c\u0153ur de Davos en Suisse, l\u00e0 o\u00f9 chaque ann\u00e9e se r\u00e9unissent les leaders mondiaux pour d\u00e9battre des d\u00e9fis et de l\u2019avenir du monde, la House of Kosova s\u2019imposera \u00e0 nouveau comme une plateforme unique pour pr\u00e9senter le potentiel \u00e9conomique, culturel et diplomatique de notre pays. Le gouvernement de la R\u00e9publique du Kosovo a entam\u00e9 [&hellip;]<\/p>\n","protected":false},"author":6,"featured_media":882905,"comment_status":"closed","ping_status":"closed","sticky":false,"template":"","format":"standard","meta":{"footnotes":""},"categories":[34926,34914,33083,23271,3980,24694,3949,23277,3979,19748,23270,24620,24634,24644,1159,1179,1411,2014],"tags":[],"vendi":[],"content_country":[],"class_list":["post-883095","post","type-post","status-publish","format-standard","has-post-thumbnail","hentry","category-thematique-2","category-la-vie-en-allemagne","category-de-balkani-fr","category-kosovo","category-portrait-des-entreprises","category-albinfo-plus-fr","category-kosova-fr","category-news-fr","category-entreprises-cat","category-economie","category-at-balkani-fr","category-kosova-fr-2","category-nouvelles-fr-3","category-thematique-fr","category-ch-balkans","category-albinfo-tv-fr","category-newsletter-fr","category-newsletter-media-fr"],"acf":[],"_links":{"self":[{"href":"https:\/\/www.albinfo.ch\/fr\/wp-json\/wp\/v2\/posts\/883095","targetHints":{"allow":["GET"]}}],"collection":[{"href":"https:\/\/www.albinfo.ch\/fr\/wp-json\/wp\/v2\/posts"}],"about":[{"href":"https:\/\/www.albinfo.ch\/fr\/wp-json\/wp\/v2\/types\/post"}],"author":[{"embeddable":true,"href":"https:\/\/www.albinfo.ch\/fr\/wp-json\/wp\/v2\/users\/6"}],"replies":[{"embeddable":true,"href":"https:\/\/www.albinfo.ch\/fr\/wp-json\/wp\/v2\/comments?post=883095"}],"version-history":[{"count":1,"href":"https:\/\/www.albinfo.ch\/fr\/wp-json\/wp\/v2\/posts\/883095\/revisions"}],"predecessor-version":[{"id":883101,"href":"https:\/\/www.albinfo.ch\/fr\/wp-json\/wp\/v2\/posts\/883095\/revisions\/883101"}],"wp:featuredmedia":[{"embeddable":true,"href":"https:\/\/www.albinfo.ch\/fr\/wp-json\/wp\/v2\/media\/882905"}],"wp:attachment":[{"href":"https:\/\/www.albinfo.ch\/fr\/wp-json\/wp\/v2\/media?parent=883095"}],"wp:term":[{"taxonomy":"category","embeddable":true,"href":"https:\/\/www.albinfo.ch\/fr\/wp-json\/wp\/v2\/categories?post=883095"},{"taxonomy":"post_tag","embeddable":true,"href":"https:\/\/www.albinfo.ch\/fr\/wp-json\/wp\/v2\/tags?post=883095"},{"taxonomy":"vendi","embeddable":true,"href":"https:\/\/www.albinfo.ch\/fr\/wp-json\/wp\/v2\/vendi?post=883095"},{"taxonomy":"content_country","embeddable":true,"href":"https:\/\/www.albinfo.ch\/fr\/wp-json\/wp\/v2\/content_country?post=883095"}],"curies":[{"name":"wp","href":"https:\/\/api.w.org\/{rel}","templated":true}]}}