{"id":883327,"date":"2025-12-13T18:30:03","date_gmt":"2025-12-13T17:30:03","guid":{"rendered":"https:\/\/www.albinfo.ch\/?p=883327"},"modified":"2025-12-14T01:04:13","modified_gmt":"2025-12-14T00:04:13","slug":"my-laser-vision-la-bonne-adresse-pour-ceux-qui-souhaitent-se-debarrasser-de-leurs-lunettes","status":"publish","type":"post","link":"https:\/\/www.albinfo.ch\/fr\/my-laser-vision-la-bonne-adresse-pour-ceux-qui-souhaitent-se-debarrasser-de-leurs-lunettes\/","title":{"rendered":"MY LASER VISION, la bonne adresse pour ceux qui souhaitent se d\u00e9barrasser de leurs lunettes"},"content":{"rendered":"<p data-start=\"0\" data-end=\"284\">\u00c0 une \u00e9poque o\u00f9 la correction de la vue est devenue plus s\u00fbre que jamais et o\u00f9 les technologies avanc\u00e9es offrent des r\u00e9sultats imm\u00e9diats, la clinique MY LASER VISION \u00e0 Wallisellen attire de plus en plus de patients, notamment au sein de la communaut\u00e9 albanaise en Suisse.<\/p>\n<p data-start=\"286\" data-end=\"587\">Avec des consultations gratuites, deux m\u00e9decins ophtalmologues disposant de plus de 20 ans d\u2019exp\u00e9rience, ainsi qu\u2019un optom\u00e9triste fort de plus de 27 ans de pratique, cette clinique est devenue une adresse de r\u00e9f\u00e9rence pour celles et ceux qui souhaitent se d\u00e9barrasser d\u00e9finitivement de leurs lunettes.<\/p>\n<p><strong><a href=\"https:\/\/www.albinfo.ch\/wp-content\/uploads\/2025\/12\/img_9316-scaled.jpg\"><img loading=\"lazy\" decoding=\"async\" class=\"alignnone size-large wp-image-883147\" src=\"https:\/\/www.albinfo.ch\/wp-content\/uploads\/2025\/12\/img_9316-1024x768.jpg\" alt=\"\" width=\"640\" height=\"480\" srcset=\"https:\/\/www.albinfo.ch\/wp-content\/uploads\/2025\/12\/img_9316-1024x768.jpg 1024w, https:\/\/www.albinfo.ch\/wp-content\/uploads\/2025\/12\/img_9316-300x225.jpg 300w, https:\/\/www.albinfo.ch\/wp-content\/uploads\/2025\/12\/img_9316-768x576.jpg 768w, https:\/\/www.albinfo.ch\/wp-content\/uploads\/2025\/12\/img_9316-1536x1152.jpg 1536w, https:\/\/www.albinfo.ch\/wp-content\/uploads\/2025\/12\/img_9316-2048x1536.jpg 2048w, https:\/\/www.albinfo.ch\/wp-content\/uploads\/2025\/12\/img_9316-528x396.jpg 528w, https:\/\/www.albinfo.ch\/wp-content\/uploads\/2025\/12\/img_9316-133x100.jpg 133w, https:\/\/www.albinfo.ch\/wp-content\/uploads\/2025\/12\/img_9316-233x175.jpg 233w\" sizes=\"auto, (max-width: 640px) 100vw, 640px\" \/><\/a><\/strong><\/p>\n<p data-start=\"0\" data-end=\"82\">Une \u00e9quipe d\u2019experts avec plus de 25 ans d\u2019exp\u00e9rience professionnelle<\/p>\n<p data-start=\"84\" data-end=\"470\">Le Dr Med Univ Arno B Sailer est chirurgien ophtalmologue avec plus de 20 ans d\u2019exp\u00e9rience dans les interventions au laser et l\u2019implantation de lentilles intraoculaires. Bedri Sadiku, fondateur de la clinique, est optom\u00e9triste et opticien avec 27 ans d\u2019exp\u00e9rience, depuis 1998. Cette \u00e9quipe repr\u00e9sente une combinaison id\u00e9ale de technologie moderne, d\u2019exp\u00e9rience et de professionnalisme.<\/p>\n<p data-start=\"472\" data-end=\"541\">Une consultation gratuite, le premier pas vers une vie sans lunettes.<\/p>\n<p data-start=\"543\" data-end=\"969\">Le patient b\u00e9n\u00e9ficie de : mesures pr\u00e9cises des yeux \u00e0 l\u2019aide des \u00e9quipements les plus modernes ; une analyse approfondie r\u00e9alis\u00e9e par un optom\u00e9triste fort de 27 ans d\u2019exp\u00e9rience ; l\u2019avis de deux m\u00e9decins ophtalmologues disposant d\u2019une longue pratique chirurgicale ; une explication d\u00e9taill\u00e9e de chaque m\u00e9thode de traitement Femto LASIK, Trans PRK, ICL, PRK, RLE MIOL ; un conseil personnalis\u00e9 adapt\u00e9 au mode de vie du patient.<\/p>\n<p data-start=\"971\" data-end=\"1115\">&#8220;Le premier traitement est gratuit et nous disposons d\u2019excellentes r\u00e9f\u00e9rences sur Google &#8220;, souligne le directeur de la clinique, Bedri Sadiku.<\/p>\n<p><strong><a href=\"https:\/\/www.albinfo.ch\/wp-content\/uploads\/2025\/12\/img_2249-1.heic\"><img decoding=\"async\" class=\"alignnone size-full wp-image-883168\" src=\"https:\/\/www.albinfo.ch\/wp-content\/uploads\/2025\/12\/img_2249-1.heic\" alt=\"\" \/><\/a><a href=\"https:\/\/www.albinfo.ch\/wp-content\/uploads\/2025\/12\/syza.jpg\"><img loading=\"lazy\" decoding=\"async\" class=\"alignnone wp-image-883239\" src=\"https:\/\/www.albinfo.ch\/wp-content\/uploads\/2025\/12\/syza-768x1024.jpg\" alt=\"\" width=\"600\" height=\"800\" srcset=\"https:\/\/www.albinfo.ch\/wp-content\/uploads\/2025\/12\/syza-768x1024.jpg 768w, https:\/\/www.albinfo.ch\/wp-content\/uploads\/2025\/12\/syza-225x300.jpg 225w, https:\/\/www.albinfo.ch\/wp-content\/uploads\/2025\/12\/syza-1152x1536.jpg 1152w, https:\/\/www.albinfo.ch\/wp-content\/uploads\/2025\/12\/syza-297x396.jpg 297w, https:\/\/www.albinfo.ch\/wp-content\/uploads\/2025\/12\/syza-75x100.jpg 75w, https:\/\/www.albinfo.ch\/wp-content\/uploads\/2025\/12\/syza-131x175.jpg 131w, https:\/\/www.albinfo.ch\/wp-content\/uploads\/2025\/12\/syza.jpg 1536w\" sizes=\"auto, (max-width: 600px) 100vw, 600px\" \/><\/a> <\/strong><\/p>\n<p data-start=\"0\" data-end=\"67\">Une ann\u00e9e record avec plus de 700 traitements r\u00e9alis\u00e9s<\/p>\n<p data-start=\"69\" data-end=\"390\">Rien que cette ann\u00e9e, la clinique a d\u00e9j\u00e0 atteint un chiffre impressionnant : plus de 700 traitements men\u00e9s avec succ\u00e8s. Cette progression s\u2019explique notamment par la grande confiance de la communaut\u00e9 albanaise en Suisse, ainsi que par les patients venant du Kosovo et de Mac\u00e9doine du Nord pour se faire traiter sur place.<\/p>\n<p data-start=\"392\" data-end=\"666\">&#8220;Le prix n\u2019est pas inf\u00e9rieur \u00e0 celui pratiqu\u00e9 dans nos pays d\u2019origine. C\u2019est justement pour cela que de nombreux patients choisissent de r\u00e9aliser l\u2019intervention ici, avec des standards suisses, un haut niveau de s\u00e9curit\u00e9 et un suivi m\u00e9dical \u00e0 long terme &#8220;, explique Sadiku.<\/p>\n<p data-start=\"668\" data-end=\"755\">Pourquoi les patients choisissent l\u2019intervention, non pas par obligation mais par choix<\/p>\n<p data-start=\"757\" data-end=\"1043\">La correction de la vue au laser est une intervention \u00e9lective. Elle n\u2019est pas m\u00e9dicalement obligatoire. &#8220;Le principe est simple. Les gens ne le font pas parce qu\u2019ils y sont contraints. Ils le font parce qu\u2019ils souhaitent se d\u00e9barrasser des lunettes et des lentilles &#8220;, pr\u00e9cise Sadiku.<\/p>\n<p data-start=\"1045\" data-end=\"1200\">Certaines assurances compl\u00e9mentaires prennent en charge une partie des co\u00fbts du traitement, en particulier lorsqu\u2019il existe une indication m\u00e9dicale claire.<\/p>\n<p data-start=\"1202\" data-end=\"1241\">Technologie de pointe et risque minimal<\/p>\n<p data-start=\"1243\" data-end=\"1702\">La clinique op\u00e8re dans des locaux modernes de 280 m\u00e8tres carr\u00e9s et dispose des \u00e9quipements les plus r\u00e9cents. Selon les m\u00e9decins, le risque de complications graves est inf\u00e9rieur \u00e0 0.02 pour cent. Les complications mineures sont rares, bien ma\u00eetris\u00e9es et faciles \u00e0 traiter. Les r\u00e9sultats sont durables et, dans la grande majorit\u00e9 des cas, une seconde intervention n\u2019est pas n\u00e9cessaire, sauf dans des situations tr\u00e8s sp\u00e9cifiques ou chez des patients tr\u00e8s jeunes.<\/p>\n<p><strong><a href=\"https:\/\/www.albinfo.ch\/wp-content\/uploads\/2025\/12\/bedri-sadiku.jpg\"><img loading=\"lazy\" decoding=\"async\" class=\"alignnone wp-image-883177\" src=\"https:\/\/www.albinfo.ch\/wp-content\/uploads\/2025\/12\/bedri-sadiku.jpg\" alt=\"\" width=\"626\" height=\"430\" srcset=\"https:\/\/www.albinfo.ch\/wp-content\/uploads\/2025\/12\/bedri-sadiku.jpg 938w, https:\/\/www.albinfo.ch\/wp-content\/uploads\/2025\/12\/bedri-sadiku-300x206.jpg 300w, https:\/\/www.albinfo.ch\/wp-content\/uploads\/2025\/12\/bedri-sadiku-768x527.jpg 768w, https:\/\/www.albinfo.ch\/wp-content\/uploads\/2025\/12\/bedri-sadiku-577x396.jpg 577w, https:\/\/www.albinfo.ch\/wp-content\/uploads\/2025\/12\/bedri-sadiku-146x100.jpg 146w, https:\/\/www.albinfo.ch\/wp-content\/uploads\/2025\/12\/bedri-sadiku-255x175.jpg 255w\" sizes=\"auto, (max-width: 626px) 100vw, 626px\" \/><\/a><\/strong><\/p>\n<p data-start=\"0\" data-end=\"63\">L\u2019histoire de Bedri Sadiku, une carri\u00e8re de 27 ans<\/p>\n<p data-start=\"65\" data-end=\"153\">Bedri, aujourd\u2019hui \u00e2g\u00e9 de 44 ans, a d\u00e9but\u00e9 sa carri\u00e8re en 1998 comme opticien en Suisse.<\/p>\n<p data-start=\"155\" data-end=\"343\">Il a travaill\u00e9 dans diff\u00e9rentes optiques, occup\u00e9 des postes de direction et exerc\u00e9 dans des centres r\u00e9fractifs tels que FokusLaser, o\u00f9 il a gagn\u00e9 la confiance de nombreux clients albanais.<\/p>\n<p data-start=\"345\" data-end=\"531\">&#8220;Gr\u00e2ce aux clients albanais, j\u2019ai eu le courage d\u2019ouvrir ce cabinet et c\u2019est gr\u00e2ce \u00e0 eux que je travaille aujourd\u2019hui dans la clinique que vous voyez &#8220;, explique t il, \u00e9crit albinfo.ch.<\/p>\n<p data-start=\"533\" data-end=\"670\">La clinique est reconnue par les assurances maladie et fonctionne selon les standards suisses en mati\u00e8re de s\u00e9curit\u00e9 et de documentation.<\/p>\n<p><strong><a href=\"https:\/\/www.albinfo.ch\/wp-content\/uploads\/2025\/12\/my-vision-2.jpg\"><img loading=\"lazy\" decoding=\"async\" class=\"alignnone size-full wp-image-883174\" src=\"https:\/\/www.albinfo.ch\/wp-content\/uploads\/2025\/12\/my-vision-2.jpg\" alt=\"\" width=\"626\" height=\"646\" srcset=\"https:\/\/www.albinfo.ch\/wp-content\/uploads\/2025\/12\/my-vision-2.jpg 626w, https:\/\/www.albinfo.ch\/wp-content\/uploads\/2025\/12\/my-vision-2-291x300.jpg 291w, https:\/\/www.albinfo.ch\/wp-content\/uploads\/2025\/12\/my-vision-2-384x396.jpg 384w, https:\/\/www.albinfo.ch\/wp-content\/uploads\/2025\/12\/my-vision-2-97x100.jpg 97w, https:\/\/www.albinfo.ch\/wp-content\/uploads\/2025\/12\/my-vision-2-170x175.jpg 170w\" sizes=\"auto, (max-width: 626px) 100vw, 626px\" \/><\/a><\/strong><\/p>\n<p data-start=\"0\" data-end=\"54\">Esth\u00e9tique, confort et philosophie claire<\/p>\n<p data-start=\"56\" data-end=\"283\">Bedri poss\u00e8de un sens remarquable du design int\u00e9rieur, perceptible dans chaque d\u00e9tail. L\u2019ambiance ressemble davantage \u00e0 une galerie d\u2019art, inspirante et apaisante, qu\u2019\u00e0 une clinique o\u00f9 l\u2019on vient recevoir un traitement m\u00e9dical.<\/p>\n<p data-start=\"285\" data-end=\"825\">Ce qui frappe \u00e9galement dans cette clinique, c\u2019est la pr\u00e9sence exclusive de lunettes de soleil et l\u2019absence de lunettes optiques. Lorsque nous demandons \u00e0 Bedri pourquoi il n\u2019en propose pas, il r\u00e9pond clairement : &#8220;Notre philosophie est d\u2019enlever les lunettes aux gens, pas de les leur vendre &#8220;. Les Albanais de Suisse, du Kosovo et de Mac\u00e9doine du Nord viennent sp\u00e9cialement pour des traitements au laser et recommandent souvent la clinique \u00e0 leurs proches et amis, en raison de la longue exp\u00e9rience et du haut standard suisse de travail.<\/p>\n<p data-start=\"827\" data-end=\"844\">Adresse &amp; contact<\/p>\n<p data-start=\"846\" data-end=\"899\">MY LASER VISION<br data-start=\"861\" data-end=\"864\" \/>Richtiarkade 1, 8304 Wallisellen ZH<\/p>\n<p><a href=\"http:\/\/www.mylaservision.ch\">www.mylaservision.ch<\/a><\/p>\n<p>&nbsp;<\/p>\n<p>&nbsp;<\/p>\n<p>&nbsp;<\/p>\n","protected":false},"excerpt":{"rendered":"<p>MY LASER VISION, traitement gratuit et une \u00e9quipe avec plus de 20 ans d\u2019exp\u00e9rience, la clinique qui gagne la confiance des Albanais dans toute la Suisse<\/p>\n","protected":false},"author":6,"featured_media":883157,"comment_status":"closed","ping_status":"closed","sticky":false,"template":"","format":"standard","meta":{"footnotes":""},"categories":[34916,34925,1171,3980,24637,1164,3979,18826,24655,24672,1163,1170],"tags":[],"vendi":[],"content_country":[31835,31838,31840],"class_list":["post-883327","post","type-post","status-publish","format-standard","has-post-thumbnail","hentry","category-marketing-jeta-ne-zvicer-fr","category-portraits-dentreprises","category-thematique","category-portrait-des-entreprises","category-nouvelles-fr-4","category-integration-fr","category-entreprises-cat","category-lajme-jeta-ne-zvicer-fr","category-medecins-albanais-en-suisse","category-sante-fr-2","category-fr-e-diaspora","category-vivre-en-suisse","content_country-austria-fr","content_country-germany-fr","content_country-zvicer-fr"],"acf":[],"_links":{"self":[{"href":"https:\/\/www.albinfo.ch\/fr\/wp-json\/wp\/v2\/posts\/883327","targetHints":{"allow":["GET"]}}],"collection":[{"href":"https:\/\/www.albinfo.ch\/fr\/wp-json\/wp\/v2\/posts"}],"about":[{"href":"https:\/\/www.albinfo.ch\/fr\/wp-json\/wp\/v2\/types\/post"}],"author":[{"embeddable":true,"href":"https:\/\/www.albinfo.ch\/fr\/wp-json\/wp\/v2\/users\/6"}],"replies":[{"embeddable":true,"href":"https:\/\/www.albinfo.ch\/fr\/wp-json\/wp\/v2\/comments?post=883327"}],"version-history":[{"count":1,"href":"https:\/\/www.albinfo.ch\/fr\/wp-json\/wp\/v2\/posts\/883327\/revisions"}],"predecessor-version":[{"id":883328,"href":"https:\/\/www.albinfo.ch\/fr\/wp-json\/wp\/v2\/posts\/883327\/revisions\/883328"}],"wp:featuredmedia":[{"embeddable":true,"href":"https:\/\/www.albinfo.ch\/fr\/wp-json\/wp\/v2\/media\/883157"}],"wp:attachment":[{"href":"https:\/\/www.albinfo.ch\/fr\/wp-json\/wp\/v2\/media?parent=883327"}],"wp:term":[{"taxonomy":"category","embeddable":true,"href":"https:\/\/www.albinfo.ch\/fr\/wp-json\/wp\/v2\/categories?post=883327"},{"taxonomy":"post_tag","embeddable":true,"href":"https:\/\/www.albinfo.ch\/fr\/wp-json\/wp\/v2\/tags?post=883327"},{"taxonomy":"vendi","embeddable":true,"href":"https:\/\/www.albinfo.ch\/fr\/wp-json\/wp\/v2\/vendi?post=883327"},{"taxonomy":"content_country","embeddable":true,"href":"https:\/\/www.albinfo.ch\/fr\/wp-json\/wp\/v2\/content_country?post=883327"}],"curies":[{"name":"wp","href":"https:\/\/api.w.org\/{rel}","templated":true}]}}