{"id":883691,"date":"2025-12-15T18:30:45","date_gmt":"2025-12-15T17:30:45","guid":{"rendered":"https:\/\/www.albinfo.ch\/?p=883691"},"modified":"2025-12-15T23:14:58","modified_gmt":"2025-12-15T22:14:58","slug":"la-ministre-albanaise-annonce-des-initiatives-pour-les-droits-de-la-diaspora-en-grece","status":"publish","type":"post","link":"https:\/\/www.albinfo.ch\/fr\/la-ministre-albanaise-annonce-des-initiatives-pour-les-droits-de-la-diaspora-en-grece\/","title":{"rendered":"La ministre albanaise annonce des initiatives pour les droits de la diaspora en Gr\u00e8ce"},"content":{"rendered":"<p data-start=\"14\" data-end=\"342\">Avec un accent particulier sur la diaspora albanaise en Gr\u00e8ce, la ministre albanaise de l\u2019Europe et des Affaires \u00e9trang\u00e8res, Eliza Spiropali, devrait effectuer apr\u00e8s-demain sa premi\u00e8re visite officielle \u00e0 Ath\u00e8nes, une visite suivie avec un grand int\u00e9r\u00eat tant par les milieux politiques que par la communaut\u00e9 albanaise sur place.<\/p>\n<p data-start=\"344\" data-end=\"639\">Un exemple clair de cette approche est son interview accord\u00e9e au journal grec Ta Nea, dans laquelle Spiropali se montre d\u00e9termin\u00e9e \u00e0 venir dans la capitale grecque pour discuter de &#8220;tout&#8221; avec son homologue grec, Yorgos Gerapetritis, qualifiant la Gr\u00e8ce de partenaire strat\u00e9gique pour l\u2019Albanie.<\/p>\n<p data-start=\"641\" data-end=\"1144\">Dans cette interview, la ministre albanaise accorde \u00e9galement une importance particuli\u00e8re au r\u00f4le de la diaspora albanaise en Gr\u00e8ce, d\u00e9clarant qu\u2019elle soul\u00e8vera des questions li\u00e9es \u00e0 la simplification des proc\u00e9dures administratives, \u00e0 l\u2019introduction de la langue albanaise comme mati\u00e8re optionnelle dans les \u00e9coles grecques, ainsi qu\u2019\u00e0 la finalisation de l\u2019accord sur les assurances sociales, lequel garantirait la reconnaissance \u00e9quitable des pensions et des cotisations des migrants albanais en Gr\u00e8ce.<\/p>\n<p data-start=\"1146\" data-end=\"1499\">Dans deux des quatre questions de l\u2019interview, en r\u00e9f\u00e9rence \u00e0 l\u2019agenda des discussions, la cheffe de la diplomatie albanaise souligne que le dialogue sera global, &#8220;\u00e0 360 degr\u00e9s&#8221;, selon ses propres termes, incluant aussi bien la coop\u00e9ration existante que les domaines o\u00f9 il existe une marge d\u2019am\u00e9lioration suppl\u00e9mentaire, rapportent les m\u00e9dias de Tirana.<\/p>\n<p data-start=\"1501\" data-end=\"1883\">Spiropali s\u2019attarde \u00e9galement sur le processus d\u2019int\u00e9gration europ\u00e9enne, qu\u2019elle qualifie d\u2019objectif strat\u00e9gique et de n\u00e9cessit\u00e9 pratique pour l\u2019Albanie. Elle appr\u00e9cie le soutien de la Gr\u00e8ce, tant par le pass\u00e9 qu\u2019aujourd\u2019hui, et se dit optimiste quant au fait que la pr\u00e9sidence grecque de l\u2019UE en 2027 placera l\u2019\u00e9largissement et les Balkans occidentaux au c\u0153ur de l\u2019agenda europ\u00e9en.<\/p>\n","protected":false},"excerpt":{"rendered":"<p>La premi\u00e8re visite officielle de la ministre albanaise de l\u2019Europe et des Affaires \u00e9trang\u00e8res, Eliza Spiropali, pr\u00e9vue apr\u00e8s-demain \u00e0 Ath\u00e8nes, est attendue avec un grand int\u00e9r\u00eat.<\/p>\n","protected":false},"author":6,"featured_media":883649,"comment_status":"closed","ping_status":"closed","sticky":false,"template":"","format":"standard","meta":{"footnotes":""},"categories":[33083,24637,1164,1160,3943,24623,24634,1159,1163],"tags":[],"vendi":[],"content_country":[],"class_list":["post-883691","post","type-post","status-publish","format-standard","has-post-thumbnail","hentry","category-de-balkani-fr","category-nouvelles-fr-4","category-integration-fr","category-actuel","category-shqiperia-fr","category-albanie-fr","category-nouvelles-fr-3","category-ch-balkans","category-fr-e-diaspora"],"acf":[],"_links":{"self":[{"href":"https:\/\/www.albinfo.ch\/fr\/wp-json\/wp\/v2\/posts\/883691","targetHints":{"allow":["GET"]}}],"collection":[{"href":"https:\/\/www.albinfo.ch\/fr\/wp-json\/wp\/v2\/posts"}],"about":[{"href":"https:\/\/www.albinfo.ch\/fr\/wp-json\/wp\/v2\/types\/post"}],"author":[{"embeddable":true,"href":"https:\/\/www.albinfo.ch\/fr\/wp-json\/wp\/v2\/users\/6"}],"replies":[{"embeddable":true,"href":"https:\/\/www.albinfo.ch\/fr\/wp-json\/wp\/v2\/comments?post=883691"}],"version-history":[{"count":1,"href":"https:\/\/www.albinfo.ch\/fr\/wp-json\/wp\/v2\/posts\/883691\/revisions"}],"predecessor-version":[{"id":883693,"href":"https:\/\/www.albinfo.ch\/fr\/wp-json\/wp\/v2\/posts\/883691\/revisions\/883693"}],"wp:featuredmedia":[{"embeddable":true,"href":"https:\/\/www.albinfo.ch\/fr\/wp-json\/wp\/v2\/media\/883649"}],"wp:attachment":[{"href":"https:\/\/www.albinfo.ch\/fr\/wp-json\/wp\/v2\/media?parent=883691"}],"wp:term":[{"taxonomy":"category","embeddable":true,"href":"https:\/\/www.albinfo.ch\/fr\/wp-json\/wp\/v2\/categories?post=883691"},{"taxonomy":"post_tag","embeddable":true,"href":"https:\/\/www.albinfo.ch\/fr\/wp-json\/wp\/v2\/tags?post=883691"},{"taxonomy":"vendi","embeddable":true,"href":"https:\/\/www.albinfo.ch\/fr\/wp-json\/wp\/v2\/vendi?post=883691"},{"taxonomy":"content_country","embeddable":true,"href":"https:\/\/www.albinfo.ch\/fr\/wp-json\/wp\/v2\/content_country?post=883691"}],"curies":[{"name":"wp","href":"https:\/\/api.w.org\/{rel}","templated":true}]}}