{"id":883890,"date":"2025-12-16T22:02:38","date_gmt":"2025-12-16T21:02:38","guid":{"rendered":"https:\/\/www.albinfo.ch\/?p=883890"},"modified":"2025-12-17T00:21:23","modified_gmt":"2025-12-16T23:21:23","slug":"merita-pinta-une-femme-forte-avec-tant-de-merites","status":"publish","type":"post","link":"https:\/\/www.albinfo.ch\/fr\/merita-pinta-une-femme-forte-avec-tant-de-merites\/","title":{"rendered":"Merita Pinta, une femme forte, avec tant de m\u00e9rites"},"content":{"rendered":"<p data-start=\"14\" data-end=\"341\">Merita Pinta est aujourd\u2019hui un nom incontournable au sein de la communaut\u00e9 albanaise de Suisse et au del\u00e0. En fondant et en dirigeant une entreprise, Prima Pflege, qui g\u00e8re deux maisons pour personnes \u00e2g\u00e9es et qui emploie pr\u00e8s de cent personnes, elle est devenue une employeuse respect\u00e9e dans sa r\u00e9gion et bien plus largement.<\/p>\n<p data-start=\"343\" data-end=\"521\">Pour ces m\u00e9rites et d\u2019autres encore, la plateforme m\u00e9diatique l\u2019a d\u00e9sign\u00e9e Personnalit\u00e9 de l\u2019ann\u00e9e 2025 dans le domaine de la sant\u00e9. Voici l\u2019interview r\u00e9alis\u00e9e avec Merita Pinta.<\/p>\n<p data-start=\"523\" data-end=\"794\"><strong>albinfo.ch:<\/strong> Vous avez commenc\u00e9 votre parcours professionnel comme infirmi\u00e8re, alors qu\u2019aujourd\u2019hui vous dirigez une entreprise comptant pr\u00e8s de cent employ\u00e9s dans le secteur de la sant\u00e9. Comment vivez vous cette transformation et quel a \u00e9t\u00e9 le secret de votre r\u00e9ussite?<\/p>\n<p><a href=\"https:\/\/www.albinfo.ch\/wp-content\/uploads\/2025\/12\/merita-pinta-3.jpg\"><img loading=\"lazy\" decoding=\"async\" class=\"alignnone wp-image-883778\" src=\"https:\/\/www.albinfo.ch\/wp-content\/uploads\/2025\/12\/merita-pinta-3.jpg\" alt=\"\" width=\"600\" height=\"800\" srcset=\"https:\/\/www.albinfo.ch\/wp-content\/uploads\/2025\/12\/merita-pinta-3.jpg 1536w, https:\/\/www.albinfo.ch\/wp-content\/uploads\/2025\/12\/merita-pinta-3-225x300.jpg 225w, https:\/\/www.albinfo.ch\/wp-content\/uploads\/2025\/12\/merita-pinta-3-768x1024.jpg 768w, https:\/\/www.albinfo.ch\/wp-content\/uploads\/2025\/12\/merita-pinta-3-1152x1536.jpg 1152w, https:\/\/www.albinfo.ch\/wp-content\/uploads\/2025\/12\/merita-pinta-3-297x396.jpg 297w, https:\/\/www.albinfo.ch\/wp-content\/uploads\/2025\/12\/merita-pinta-3-75x100.jpg 75w, https:\/\/www.albinfo.ch\/wp-content\/uploads\/2025\/12\/merita-pinta-3-131x175.jpg 131w\" sizes=\"auto, (max-width: 600px) 100vw, 600px\" \/><\/a><\/p>\n<p data-start=\"14\" data-end=\"589\"><strong>Merita Pinta:<\/strong> Mon parcours, depuis ma position d\u2019infirmi\u00e8re jusqu\u2019\u00e0 la direction d\u2019une entreprise, a \u00e9t\u00e9 une exp\u00e9rience exceptionnelle et pleine de d\u00e9fis. Chaque \u00e9tape a exig\u00e9 engagement, discipline et patience, mais m\u2019a \u00e9galement permis d\u2019apprendre \u00e9norm\u00e9ment, non seulement sur mon m\u00e9tier, mais aussi sur le leadership, la gestion et les relations humaines. Je vis cette transformation comme une combinaison de fiert\u00e9 et de responsabilit\u00e9. Fiert\u00e9 pour tout ce que j\u2019ai accompli, mais aussi responsabilit\u00e9 envers mon \u00e9quipe, nos r\u00e9sidents et la communaut\u00e9 que nous servons.<\/p>\n<p data-start=\"591\" data-end=\"961\">Selon moi, la cl\u00e9 du succ\u00e8s n\u2019est pas un \u00e9l\u00e9ment unique, mais le r\u00e9sultat d\u2019une combinaison de facteurs qui, r\u00e9unis, ouvrent la voie vers la r\u00e9ussite. L\u2019un des \u00e9l\u00e9ments essentiels a sans doute \u00e9t\u00e9 la confiance en soi, l\u2019amour pour la profession et une vision claire: offrir des services de soins de haute qualit\u00e9, mais aussi empreints de chaleur humaine et d\u2019humanisme.<\/p>\n<p data-start=\"963\" data-end=\"1189\">Un r\u00f4le important a \u00e9t\u00e9 jou\u00e9 par les personnes qui m\u2019ont accompagn\u00e9e, celles qui m\u2019ont soutenue, inspir\u00e9e et guid\u00e9e \u00e0 chaque \u00e9tape de ce parcours. Sans le soutien de ma famille, beaucoup de choses n\u2019auraient pas \u00e9t\u00e9 possibles.<\/p>\n<p data-start=\"1191\" data-end=\"1563\">De plus, la capacit\u00e9 d\u2019apprendre de chaque d\u00e9fi, de rester concentr\u00e9e sur mes objectifs et de pr\u00e9server la passion pour mon travail a \u00e9t\u00e9 et reste le fondement de ma r\u00e9ussite. C\u2019est un processus continu, qui me motive chaque jour \u00e0 donner le meilleur de moi-m\u00eame. Le succ\u00e8s n\u2019est pas une destination, mais un cheminement constant fait d\u2019efforts et d\u2019am\u00e9lioration continue.<\/p>\n<p data-start=\"1565\" data-end=\"1774\"><strong>Albinfo.ch:<\/strong> Vous avez construit une carri\u00e8re couronn\u00e9e de succ\u00e8s qui a abouti \u00e0 la cr\u00e9ation de Prima Pflege en 2016. Comment est n\u00e9e l\u2019id\u00e9e de fonder cette entreprise et quelles ont \u00e9t\u00e9 les premi\u00e8res \u00e9tapes?<\/p>\n<p data-start=\"1776\" data-end=\"2205\"><strong>Merita Pinta:<\/strong> Apr\u00e8s avoir termin\u00e9 l\u2019\u00e9cole primaire \u00e0 Aarau, j\u2019ai effectu\u00e9 un stage d\u2019un an \u00e0 l\u2019h\u00f4pital de Baden. C\u2019est durant cette p\u00e9riode que j\u2019ai compris que c\u2019\u00e9tait le domaine dans lequel je voulais poursuivre ma carri\u00e8re. J\u2019ai donc d\u00e9cid\u00e9 de suivre la formation d\u2019assistante en soins. Par la suite, je me suis mari\u00e9e avec Bajram et nous avons fond\u00e9 une famille. Nous avons deux gar\u00e7ons, l\u2019un de 22 ans et l\u2019autre de 14 ans.<\/p>\n<p data-start=\"2207\" data-end=\"2679\">Guid\u00e9e par ma passion pour les soins de sant\u00e9, j\u2019ai termin\u00e9 mes \u00e9tudes d\u2019infirmi\u00e8re et obtenu un dipl\u00f4me d\u2019experte pour \u00e9l\u00e8ves et \u00e9tudiants. Ensuite, j\u2019ai voulu approfondir mes connaissances en \u00e9tudiant la gestion dans les institutions de sant\u00e9, tout en obtenant en parall\u00e8le un dipl\u00f4me en assurance qualit\u00e9. Tout au long de cette p\u00e9riode, j\u2019ai travers\u00e9 de nombreux d\u00e9fis et appris des le\u00e7ons essentielles, qui ont contribu\u00e9 \u00e0 mon d\u00e9veloppement personnel et professionnel.<\/p>\n<p><a href=\"https:\/\/www.albinfo.ch\/wp-content\/uploads\/2025\/12\/shkelzen-doli-2a-lorik-cana-merita-pinta.jpg\"><img loading=\"lazy\" decoding=\"async\" class=\"alignnone wp-image-881983\" src=\"https:\/\/www.albinfo.ch\/wp-content\/uploads\/2025\/12\/shkelzen-doli-2a-lorik-cana-merita-pinta.jpg\" alt=\"\" width=\"600\" height=\"399\" srcset=\"https:\/\/www.albinfo.ch\/wp-content\/uploads\/2025\/12\/shkelzen-doli-2a-lorik-cana-merita-pinta.jpg 1500w, https:\/\/www.albinfo.ch\/wp-content\/uploads\/2025\/12\/shkelzen-doli-2a-lorik-cana-merita-pinta-300x200.jpg 300w, https:\/\/www.albinfo.ch\/wp-content\/uploads\/2025\/12\/shkelzen-doli-2a-lorik-cana-merita-pinta-1024x681.jpg 1024w, https:\/\/www.albinfo.ch\/wp-content\/uploads\/2025\/12\/shkelzen-doli-2a-lorik-cana-merita-pinta-768x511.jpg 768w, https:\/\/www.albinfo.ch\/wp-content\/uploads\/2025\/12\/shkelzen-doli-2a-lorik-cana-merita-pinta-586x389.jpg 586w, https:\/\/www.albinfo.ch\/wp-content\/uploads\/2025\/12\/shkelzen-doli-2a-lorik-cana-merita-pinta-210x141.jpg 210w, https:\/\/www.albinfo.ch\/wp-content\/uploads\/2025\/12\/shkelzen-doli-2a-lorik-cana-merita-pinta-587x391.jpg 587w, https:\/\/www.albinfo.ch\/wp-content\/uploads\/2025\/12\/shkelzen-doli-2a-lorik-cana-merita-pinta-150x100.jpg 150w, https:\/\/www.albinfo.ch\/wp-content\/uploads\/2025\/12\/shkelzen-doli-2a-lorik-cana-merita-pinta-263x175.jpg 263w\" sizes=\"auto, (max-width: 600px) 100vw, 600px\" \/><\/a><\/p>\n<p data-start=\"14\" data-end=\"519\">En 2016, j\u2019ai fond\u00e9 ma propre entreprise, Prima Pflege. Avant cela, je travaillais dans le &#8221; Betreutes Wohnen &#8221; (habitat encadr\u00e9), o\u00f9 je dirigeais deux centres \u00e0 Tegerfelden et Mellingen. Le centre de Tegerfelden a \u00e9t\u00e9 r\u00e9nov\u00e9 en 2016 et, \u00e0 la suite de ces travaux, les anciens exploitants ont mis fin \u00e0 leur contrat. Par la suite, ils ont exprim\u00e9 le souhait d\u2019une collaboration \u00e0 long terme avec moi. C\u2019est ainsi qu\u2019est n\u00e9e l\u2019id\u00e9e de cr\u00e9er ma propre entreprise et d\u2019ouvrir le premier centre \u00e0 Tegerfelden.<\/p>\n<p data-start=\"521\" data-end=\"951\">Un an apr\u00e8s la fondation, je me suis engag\u00e9e dans un projet de collaboration avec le Regionales Pflegezentrum Baden, ce qui m\u2019a permis d\u2019augmenter les capacit\u00e9s du centre, d\u2019accro\u00eetre le nombre des r\u00e9sidents et, en parall\u00e8le, d\u2019\u00e9largir les possibilit\u00e9s d\u2019emploi. Ce fut une \u00e9tape essentielle dans le d\u00e9veloppement de l\u2019entreprise et dans la r\u00e9alisation de mon objectif d\u2019offrir des soins de haute qualit\u00e9 \u00e0 ceux qui en ont besoin.<\/p>\n<p data-start=\"953\" data-end=\"1180\">Ce fut une p\u00e9riode marqu\u00e9e \u00e0 la fois par des efforts importants et de belles r\u00e9ussites, et je suis heureuse d\u2019avoir pu contribuer au domaine des soins de sant\u00e9 et de cr\u00e9er des opportunit\u00e9s d\u2019emploi pour de nombreuses personnes.<\/p>\n<p data-start=\"1182\" data-end=\"1397\"><strong>albinfo.ch:<\/strong> Aujourd\u2019hui, Prima Pflege dispose de deux centres pour personnes \u00e2g\u00e9es et compte pr\u00e8s de cent employ\u00e9s. Quelles sont les valeurs et la philosophie qui guident votre travail au sein de cette entreprise?<\/p>\n<p><a href=\"https:\/\/www.albinfo.ch\/wp-content\/uploads\/2025\/12\/merita-pinta-2a-e1765298620533.jpg\"><img loading=\"lazy\" decoding=\"async\" class=\"alignnone wp-image-881842\" src=\"https:\/\/www.albinfo.ch\/wp-content\/uploads\/2025\/12\/merita-pinta-2a-e1765298620533.jpg\" alt=\"\" width=\"602\" height=\"750\" srcset=\"https:\/\/www.albinfo.ch\/wp-content\/uploads\/2025\/12\/merita-pinta-2a-e1765298620533.jpg 1000w, https:\/\/www.albinfo.ch\/wp-content\/uploads\/2025\/12\/merita-pinta-2a-e1765298620533-241x300.jpg 241w, https:\/\/www.albinfo.ch\/wp-content\/uploads\/2025\/12\/merita-pinta-2a-e1765298620533-822x1024.jpg 822w, https:\/\/www.albinfo.ch\/wp-content\/uploads\/2025\/12\/merita-pinta-2a-e1765298620533-768x956.jpg 768w, https:\/\/www.albinfo.ch\/wp-content\/uploads\/2025\/12\/merita-pinta-2a-e1765298620533-318x396.jpg 318w, https:\/\/www.albinfo.ch\/wp-content\/uploads\/2025\/12\/merita-pinta-2a-e1765298620533-80x100.jpg 80w, https:\/\/www.albinfo.ch\/wp-content\/uploads\/2025\/12\/merita-pinta-2a-e1765298620533-141x175.jpg 141w\" sizes=\"auto, (max-width: 602px) 100vw, 602px\" \/><\/a><\/p>\n<p data-start=\"14\" data-end=\"118\"><strong>Merita Pinta:<\/strong> Les valeurs que nous cultivons envers nos r\u00e9sidents et leurs proches sont les suivantes :<\/p>\n<p data-start=\"120\" data-end=\"264\">Respect et dignit\u00e9 pour chaque individu<br data-start=\"159\" data-end=\"162\" \/>Joie de vivre et chaleur humaine<br data-start=\"194\" data-end=\"197\" \/>S\u00e9curit\u00e9 et responsabilit\u00e9<br data-start=\"223\" data-end=\"226\" \/>Transparence et devoir d\u2019information<\/p>\n<p data-start=\"266\" data-end=\"399\">Ces valeurs sont essentielles pour cr\u00e9er un environnement fiable et respectueux, o\u00f9 chaque personne se sent valoris\u00e9e et en s\u00e9curit\u00e9.<\/p>\n<p data-start=\"401\" data-end=\"477\">Quant aux valeurs qui guident notre relation avec nos employ\u00e9s, elles sont:<\/p>\n<p data-start=\"479\" data-end=\"578\">Exigence et soutien<br data-start=\"498\" data-end=\"501\" \/>Justice et \u00e9galit\u00e9<br data-start=\"519\" data-end=\"522\" \/>Int\u00e9r\u00eat et effet formateur<br data-start=\"548\" data-end=\"551\" \/>Communication et feedback<\/p>\n<p data-start=\"580\" data-end=\"724\">Ces valeurs orientent notre coop\u00e9ration et cr\u00e9ent un cadre dans lequel chaque employ\u00e9 se sent soutenu et encourag\u00e9 \u00e0 grandir et \u00e0 se d\u00e9velopper.<\/p>\n<p data-start=\"726\" data-end=\"921\"><strong>albinfo.ch:<\/strong> Une grande partie de votre personnel est albanais. Qu\u2019est ce que cela repr\u00e9sente pour vous et que ressentez vous en cr\u00e9ant des opportunit\u00e9s d\u2019emploi pour vos compatriotes en Suisse?<\/p>\n<p data-start=\"923\" data-end=\"1397\"><strong>Merita Pinta:<\/strong> Pour moi, le fait qu\u2019une grande partie de notre personnel soit albanais est une source particuli\u00e8re de fiert\u00e9 et de satisfaction. C\u2019est un sentiment indescriptible de pouvoir offrir des opportunit\u00e9s d\u2019emploi et de cr\u00e9er des espaces professionnels pour nos compatriotes ici en Suisse. J\u2019ai des employ\u00e9s qui sont \u00e0 mes c\u00f4t\u00e9s depuis la fondation de l\u2019entreprise, et je suis extr\u00eamement reconnaissante pour leur travail inlassable et leur d\u00e9vouement au quotidien.<\/p>\n<p data-start=\"1399\" data-end=\"1592\"><strong>albinfo.ch:<\/strong> Le chemin vers le succ\u00e8s n\u2019a certainement pas \u00e9t\u00e9 simple. Quels ont \u00e9t\u00e9 les moments les plus difficiles et qu\u2019est ce qui vous a permis de rester forte tout au long de ce parcours?<\/p>\n<p data-start=\"1594\" data-end=\"2185\"><strong>Merita Pinta:<\/strong> Les difficult\u00e9s ont \u00e9t\u00e9 plus grandes au d\u00e9but de ma carri\u00e8re, surtout lorsque mes enfants \u00e9taient petits. Il n\u2019\u00e9tait pas facile d\u2019\u00eatre m\u00e8re de deux enfants tout en construisant une entreprise avec de grandes responsabilit\u00e9s dans un contexte social nouveau et parfois exigeant. Mais la volont\u00e9 et le d\u00e9sir d\u2019atteindre mes objectifs \u00e9taient plus forts que tous les obstacles, et c\u2019est cela qui m\u2019a soutenue. Apr\u00e8s une p\u00e9riode difficile et beaucoup de sacrifices, j\u2019ai r\u00e9ussi \u00e0 arriver l\u00e0 o\u00f9 je suis aujourd\u2019hui, et chaque pas en avant a \u00e9t\u00e9 une victoire qui a une grande valeur.<\/p>\n<p><a href=\"https:\/\/www.albinfo.ch\/wp-content\/uploads\/2023\/03\/merita-pinta-1.jpg\"><img loading=\"lazy\" decoding=\"async\" class=\"alignnone wp-image-629893\" src=\"https:\/\/www.albinfo.ch\/wp-content\/uploads\/2023\/03\/merita-pinta-1.jpg\" alt=\"\" width=\"600\" height=\"338\" srcset=\"https:\/\/www.albinfo.ch\/wp-content\/uploads\/2023\/03\/merita-pinta-1.jpg 1920w, https:\/\/www.albinfo.ch\/wp-content\/uploads\/2023\/03\/merita-pinta-1-300x169.jpg 300w, https:\/\/www.albinfo.ch\/wp-content\/uploads\/2023\/03\/merita-pinta-1-1024x576.jpg 1024w, https:\/\/www.albinfo.ch\/wp-content\/uploads\/2023\/03\/merita-pinta-1-768x432.jpg 768w, https:\/\/www.albinfo.ch\/wp-content\/uploads\/2023\/03\/merita-pinta-1-1536x864.jpg 1536w, https:\/\/www.albinfo.ch\/wp-content\/uploads\/2023\/03\/merita-pinta-1-587x330.jpg 587w, https:\/\/www.albinfo.ch\/wp-content\/uploads\/2023\/03\/merita-pinta-1-178x100.jpg 178w, https:\/\/www.albinfo.ch\/wp-content\/uploads\/2023\/03\/merita-pinta-1-265x149.jpg 265w\" sizes=\"auto, (max-width: 600px) 100vw, 600px\" \/><\/a><\/p>\n<p data-start=\"14\" data-end=\"319\"><strong>albinfo.ch:<\/strong> \u00c0 quelle fr\u00e9quence voyagez vous au Kosovo et quel sentiment vous apporte le retour dans votre pays natal ? Cette ann\u00e9e, vous avez \u00e9galement envoy\u00e9 vos employ\u00e9s pour visiter les sites touristiques et culturels les plus connus du pays. Comment est n\u00e9e cette id\u00e9e et comment a t elle \u00e9t\u00e9 re\u00e7ue?<\/p>\n<p data-start=\"321\" data-end=\"615\"><strong>Merita Pinta:<\/strong> Mes voyages au Kosovo occupent une place tr\u00e8s particuli\u00e8re et importante dans ma vie personnelle. Malgr\u00e9 mes nombreux engagements professionnels, j\u2019essaie de faire de courts s\u00e9jours plusieurs fois par an, car ce lien avec mon pays natal me donne \u00e9nergie et \u00e9motions inoubliables.<\/p>\n<p data-start=\"617\" data-end=\"1123\">L\u2019id\u00e9e d\u2019envoyer les \u00e9tudiants qui ont effectu\u00e9 leur stage de trois ans dans notre entreprise en voyage au Kosovo est n\u00e9e du d\u00e9sir de cr\u00e9er une exp\u00e9rience unique renfor\u00e7ant la collaboration et l\u2019esprit d\u2019\u00e9quipe. C\u2019\u00e9tait une occasion pour eux de mieux d\u00e9couvrir la culture, l\u2019histoire et les traditions du Kosovo, transformant ce voyage en une exp\u00e9rience enrichissante, \u00e9ducative et \u00e9mouvante. Lors de la visite, nous avons pass\u00e9 des moments formidables \u00e0 Pristina, en profitant de l\u2019atmosph\u00e8re de la ville.<\/p>\n<p data-start=\"1125\" data-end=\"1498\">Un moment particuli\u00e8rement marquant fut la visite du Reporting House, un lieu offrant une perspective profonde sur l\u2019histoire et les \u00e9v\u00e9nements qui ont fa\u00e7onn\u00e9 le Kosovo moderne. Le voyage nous a \u00e9galement conduits \u00e0 Prekaz, un endroit impressionnant qui nous a rappel\u00e9 les sacrifices extraordinaires de la guerre du Kosovo et a renforc\u00e9 notre lien avec l\u2019histoire du pays.<\/p>\n<p data-start=\"1500\" data-end=\"1780\">Je garde aussi un souvenir pr\u00e9cieux de notre visite \u00e0 Gjakova, o\u00f9 nous avons \u00e9t\u00e9 accueillis avec une hospitalit\u00e9 exceptionnelle. Notre arr\u00eat au restaurant de la famille Kryeziu, Avenue, fut l\u2019occasion de savourer la cuisine traditionnelle et de partager de beaux moments ensemble.<\/p>\n<p data-start=\"1782\" data-end=\"2141\">Nous avons poursuivi notre voyage \u00e0 Prizren, une ville magnifique o\u00f9 nous avons visit\u00e9 la Ligue de Prizren, un lieu historique ayant jou\u00e9 un r\u00f4le crucial dans la formation de la nation albanaise. Nous avons \u00e9galement appr\u00e9ci\u00e9 les beaut\u00e9s de la ville et visit\u00e9 la grotte de Gadime, un site naturel fascinant qui nous a impressionn\u00e9s par ses formations uniques.<\/p>\n<p data-start=\"2143\" data-end=\"2564\">Ce voyage a \u00e9t\u00e9 une exp\u00e9rience extraordinaire pour les \u00e9tudiants, non seulement pour les connaissances culturelles acquises, mais aussi pour les moments v\u00e9cus ensemble en tant qu\u2019\u00e9quipe. Leur r\u00e9action a \u00e9t\u00e9 tr\u00e8s positive; ils ont exprim\u00e9 \u00e9motion, respect et admiration pour l\u2019histoire et la nature du Kosovo. Pour moi, cela est tr\u00e8s important, car cela les a aid\u00e9s \u00e0 cr\u00e9er un lien plus profond avec le pays et entre eux.<\/p>\n<p><iframe loading=\"lazy\" style=\"border: none; overflow: hidden;\" src=\"https:\/\/www.facebook.com\/plugins\/video.php?height=314&amp;href=https%3A%2F%2Fwww.facebook.com%2Freel%2F2832479750275459%2F&amp;show_text=false&amp;width=560&amp;t=0\" width=\"560\" height=\"314\" frameborder=\"0\" scrolling=\"no\" allowfullscreen=\"allowfullscreen\" data-mce-fragment=\"1\"><\/iframe><\/p>\n<p data-start=\"14\" data-end=\"275\">De tels moments sont des souvenirs pr\u00e9cieux que nous garderons toute notre vie, et je ressens une immense fiert\u00e9 d\u2019avoir la possibilit\u00e9 d\u2019offrir non seulement un emploi, mais aussi une exp\u00e9rience humaine et culturelle riche \u00e0 ceux qui font partie de mon \u00e9quipe.<\/p>\n<p data-start=\"277\" data-end=\"481\"><strong>albinfo.ch:<\/strong> Cette ann\u00e9e, vous avez pris une d\u00e9cision importante en ouvrant un service sp\u00e9cialement d\u00e9di\u00e9 aux personnes \u00e2g\u00e9es albanaises. Comment cette initiative est elle n\u00e9e et quel est votre objectif?<\/p>\n<p data-start=\"483\" data-end=\"1135\"><strong>Merita Pinta:<\/strong> La d\u00e9cision d\u2019ouvrir un service d\u00e9di\u00e9 aux personnes \u00e2g\u00e9es albanaises est n\u00e9e d\u2019une r\u00e9alit\u00e9 que j\u2019ai observ\u00e9e de pr\u00e8s durant mes ann\u00e9es de travail. Beaucoup de personnes \u00e2g\u00e9es de notre communaut\u00e9 en Suisse, bien qu\u2019elles b\u00e9n\u00e9ficient de soins professionnels appropri\u00e9s, se retrouvent souvent confront\u00e9es \u00e0 un isolement \u00e9motionnel en raison des barri\u00e8res linguistiques, des diff\u00e9rences culturelles et de leurs traditions. Elles ont besoin d\u2019une communication chaleureuse, de personnes qui les comprennent, d\u2019un environnement o\u00f9 la langue, la nourriture, la musique, les croyances et les coutumes font naturellement partie de leur quotidien.<\/p>\n<p data-start=\"1137\" data-end=\"1570\">Dans notre service, les personnes \u00e2g\u00e9es albanaises peuvent se sentir comme chez elles, car nous leur offrons des soins qui respectent pleinement leur identit\u00e9 culturelle. Ce service n\u2019est pas seulement un lieu o\u00f9 elles vivent et re\u00e7oivent des soins, mais un espace o\u00f9 elles peuvent pr\u00e9server leur dignit\u00e9, leur spiritualit\u00e9 et leur appartenance culturelle, des \u00e9l\u00e9ments tout aussi essentiels que les soins m\u00e9dicaux et professionnels.<\/p>\n<p data-start=\"1572\" data-end=\"2015\">Nous ne devons pas oublier que les sacrifices des g\u00e9n\u00e9rations pr\u00e9c\u00e9dentes sont ceux qui nous ont permis d\u2019arriver l\u00e0 o\u00f9 nous sommes aujourd\u2019hui. En tant que membre de cette communaut\u00e9, je consid\u00e8re qu\u2019il est de mon devoir de contribuer et d\u2019offrir le meilleur possible \u00e0 ceux qui ont rendu tout cela possible. Ce projet est n\u00e9 de l\u2019amour et du respect envers notre communaut\u00e9, et il continuera \u00e0 soutenir nos a\u00een\u00e9s de la mani\u00e8re la plus digne.<\/p>\n<p data-start=\"2017\" data-end=\"2305\">\u00c0 cette occasion, je souhaite informer ma communaut\u00e9 de l\u2019ouverture de ce service et des possibilit\u00e9s qu\u2019il offre \u00e0 ceux qui ont besoin de soins et de soutien particuliers. J\u2019esp\u00e8re que cette initiative sera un pas en avant dans l\u2019aide et l\u2019accompagnement de ceux qui nous ont donn\u00e9 tant.<\/p>\n<p data-start=\"2307\" data-end=\"2503\"><strong>albinfo.ch:<\/strong> Aujourd\u2019hui, vous \u00eates un exemple de femme albanaise qui a r\u00e9ussi en Suisse. Quel message souhaitez vous transmettre aux jeunes filles et femmes albanaises qui r\u00eavent de r\u00e9ussir ici?<\/p>\n<p data-start=\"2505\" data-end=\"3423\"><strong>Merita Pinta:<\/strong> Aux jeunes filles et femmes albanaises qui aspirent \u00e0 r\u00e9ussir en Suisse, mon message est le suivant : croyez en vous, travaillez dur et n\u2019ayez pas peur de commencer \u00e0 z\u00e9ro. Le succ\u00e8s ne se mesure pas \u00e0 la vitesse, mais \u00e0 la pers\u00e9v\u00e9rance et \u00e0 l\u2019int\u00e9grit\u00e9. Prenez des risques r\u00e9fl\u00e9chis, investissez dans la connaissance, pr\u00e9servez vos valeurs et votre culture. Cultivez une communication saine avec les personnes proches qui vous soutiennent. Chaque femme poss\u00e8de en elle une force extraordinaire ; il suffit d\u2019y croire, de la nourrir et de la diriger vers ses objectifs. Lorsque nous r\u00e9ussissons, nous ouvrons la voie \u00e0 d\u2019autres. La Suisse offre un syst\u00e8me \u00e9ducatif et des opportunit\u00e9s exceptionnels qu\u2019il faut savoir saisir, alors n\u2019h\u00e9sitez pas \u00e0 faire le premier pas. Il y a ici des possibilit\u00e9s pour celles qui sont pr\u00eates \u00e0 travailler et \u00e0 se d\u00e9passer pour devenir la meilleure version d\u2019elles m\u00eames.<\/p>\n<p data-start=\"3425\" data-end=\"3528\"><strong>albinfo.ch:<\/strong> Que signifie pour vous le fait d\u2019\u00eatre choisie &#8221; Personnalit\u00e9 de l\u2019ann\u00e9e &#8221; par albinfo.ch?<\/p>\n<p data-start=\"3530\" data-end=\"4250\"><strong>Merita Pinta:<\/strong> Pour moi, \u00eatre choisie &#8221; Personnalit\u00e9 de l\u2019ann\u00e9e &#8221; par albinfo.ch est un immense honneur, une reconnaissance que je ne vois pas seulement comme une r\u00e9ussite personnelle, mais comme une appr\u00e9ciation du travail, des sacrifices et de la vision de tous ceux qui ont fait partie de mon parcours. Cette distinction me motive \u00e0 continuer avec encore plus de d\u00e9vouement et de responsabilit\u00e9, car je la consid\u00e8re comme la preuve que le travail de valeur, l\u2019int\u00e9grit\u00e9 et la pers\u00e9v\u00e9rance sont r\u00e9compens\u00e9s. Elle me rend fi\u00e8re de mes origines, de ma communaut\u00e9 et du fait que je puisse contribuer positivement non seulement au d\u00e9veloppement professionnel, mais aussi \u00e0 l\u2019image et \u00e0 l\u2019essor des Albanais de la diaspora.<\/p>\n<p data-start=\"4252\" data-end=\"4376\"><strong>albinfo.ch:<\/strong> Enfin, comment vous voyez vous dans l\u2019avenir, \u00e0 l\u2019occasion du dixi\u00e8me anniversaire de Prima Pflege et au del\u00e0?<\/p>\n<p data-start=\"4378\" data-end=\"4929\"><strong>Merita Pinta:<\/strong> \u00c0 l\u2019avenir, je me vois encore davantage engag\u00e9e dans des projets de croissance, d\u2019innovation et de professionnalisation, non seulement pour Prima Pflege, mais aussi pour moi m\u00eame en tant que leader. Je serai aussi plus active dans l\u2019organisation d\u2019\u00e9v\u00e9nements culturels et artistiques. Je suis d\u00e9termin\u00e9e \u00e0 continuer de construire, de relever des d\u00e9fis, d\u2019apprendre et de cr\u00e9er de nouvelles opportunit\u00e9s. Au fond, mon objectif reste le m\u00eame : construire des valeurs durables et \u00eatre une source d\u2019inspiration pour les g\u00e9n\u00e9rations futures.<\/p>\n<p data-start=\"4931\" data-end=\"4970\"><strong>Service pour personnes \u00e2g\u00e9es albanaises<\/strong><\/p>\n<p data-start=\"4972\" data-end=\"5395\">Dans notre service, les personnes \u00e2g\u00e9es albanaises peuvent se sentir comme chez elles, car nous les accompagnons d\u2019une mani\u00e8re qui respecte leur identit\u00e9 culturelle. Ce service n\u2019est pas seulement un lieu o\u00f9 elles vivent et re\u00e7oivent des soins, mais un espace o\u00f9 elles peuvent pr\u00e9server leur dignit\u00e9, leur spiritualit\u00e9 et leur appartenance culturelle, des \u00e9l\u00e9ments aussi importants que les soins m\u00e9dicaux et professionnels.<\/p>\n","protected":false},"excerpt":{"rendered":"<p>Elle a fond\u00e9 et dirige une entreprise qui g\u00e8re deux maisons pour personnes \u00e2g\u00e9es. Albinfo.ch a choisi Merita Pinta comme Personnalit\u00e9 de l\u2019ann\u00e9e 2025 dans le domaine des affaires<\/p>\n","protected":false},"author":6,"featured_media":880955,"comment_status":"closed","ping_status":"closed","sticky":false,"template":"","format":"standard","meta":{"footnotes":""},"categories":[3932,24637,1164,24694,1165,3617,24630,24672,1163,1179,1411,2014],"tags":[],"vendi":[],"content_country":[31835,31838,31840],"class_list":["post-883890","post","type-post","status-publish","format-standard","has-post-thumbnail","hentry","category-histoires-a-succes","category-nouvelles-fr-4","category-integration-fr","category-albinfo-plus-fr","category-femmes","category-sante-fr","category-nouvelles","category-sante-fr-2","category-fr-e-diaspora","category-albinfo-tv-fr","category-newsletter-fr","category-newsletter-media-fr","content_country-austria-fr","content_country-germany-fr","content_country-zvicer-fr"],"acf":[],"_links":{"self":[{"href":"https:\/\/www.albinfo.ch\/fr\/wp-json\/wp\/v2\/posts\/883890","targetHints":{"allow":["GET"]}}],"collection":[{"href":"https:\/\/www.albinfo.ch\/fr\/wp-json\/wp\/v2\/posts"}],"about":[{"href":"https:\/\/www.albinfo.ch\/fr\/wp-json\/wp\/v2\/types\/post"}],"author":[{"embeddable":true,"href":"https:\/\/www.albinfo.ch\/fr\/wp-json\/wp\/v2\/users\/6"}],"replies":[{"embeddable":true,"href":"https:\/\/www.albinfo.ch\/fr\/wp-json\/wp\/v2\/comments?post=883890"}],"version-history":[{"count":1,"href":"https:\/\/www.albinfo.ch\/fr\/wp-json\/wp\/v2\/posts\/883890\/revisions"}],"predecessor-version":[{"id":883896,"href":"https:\/\/www.albinfo.ch\/fr\/wp-json\/wp\/v2\/posts\/883890\/revisions\/883896"}],"wp:featuredmedia":[{"embeddable":true,"href":"https:\/\/www.albinfo.ch\/fr\/wp-json\/wp\/v2\/media\/880955"}],"wp:attachment":[{"href":"https:\/\/www.albinfo.ch\/fr\/wp-json\/wp\/v2\/media?parent=883890"}],"wp:term":[{"taxonomy":"category","embeddable":true,"href":"https:\/\/www.albinfo.ch\/fr\/wp-json\/wp\/v2\/categories?post=883890"},{"taxonomy":"post_tag","embeddable":true,"href":"https:\/\/www.albinfo.ch\/fr\/wp-json\/wp\/v2\/tags?post=883890"},{"taxonomy":"vendi","embeddable":true,"href":"https:\/\/www.albinfo.ch\/fr\/wp-json\/wp\/v2\/vendi?post=883890"},{"taxonomy":"content_country","embeddable":true,"href":"https:\/\/www.albinfo.ch\/fr\/wp-json\/wp\/v2\/content_country?post=883890"}],"curies":[{"name":"wp","href":"https:\/\/api.w.org\/{rel}","templated":true}]}}