{"id":891097,"date":"2026-01-07T14:07:56","date_gmt":"2026-01-07T13:07:56","guid":{"rendered":"https:\/\/www.albinfo.ch\/?p=891097"},"modified":"2026-01-07T23:23:13","modified_gmt":"2026-01-07T22:23:13","slug":"xherdan-shaqiri-decisif-dans-la-victoire-du-fc-basel","status":"publish","type":"post","link":"https:\/\/www.albinfo.ch\/fr\/xherdan-shaqiri-decisif-dans-la-victoire-du-fc-basel\/","title":{"rendered":"Xherdan Shaqiri d\u00e9cisif dans la victoire du FC Basel"},"content":{"rendered":"<p data-start=\"150\" data-end=\"457\"><span class=\"hover:entity-accent entity-underline inline cursor-pointer align-baseline\"><span class=\"whitespace-normal\">Xherdan Shaqiri<\/span><\/span> a entam\u00e9 l\u2019ann\u00e9e 2026 de mani\u00e8re brillante. La star du <span class=\"hover:entity-accent entity-underline inline cursor-pointer align-baseline\"><span class=\"whitespace-normal\">FC Basel<\/span><\/span> a contribu\u00e9 avec un but, une passe d\u00e9cisive et a provoqu\u00e9 un penalty lors de la victoire spectaculaire 4 \u00e0 3 face au <span class=\"hover:entity-accent entity-underline inline cursor-pointer align-baseline\"><span class=\"whitespace-normal\">Slavia Prague<\/span><\/span>, rapporte albinfo.ch.<\/p>\n<p data-start=\"459\" data-end=\"743\">Le match amical entre les deux \u00e9quipes s\u2019est disput\u00e9 mardi apr\u00e8s midi \u00e0 <span class=\"hover:entity-accent entity-underline inline cursor-pointer align-baseline\"><span class=\"whitespace-normal\">Marbella<\/span><\/span>, en Espagne. Entr\u00e9 en jeu en seconde p\u00e9riode, Shaqiri a imm\u00e9diatement laiss\u00e9 son empreinte en inscrivant le but de l\u2019\u00e9galisation 2 \u00e0 2 \u00e0 la 65e minute d\u2019une frappe splendide.<\/p>\n<p data-start=\"745\" data-end=\"972\">Par la suite, l\u2019international suisse a d\u00e9livr\u00e9 la passe d\u00e9cisive pour le troisi\u00e8me but de B\u00e2le, inscrit par Kaio Eduardo \u00e0 la 82e minute. Cinq minutes plus tard, Shaqiri a obtenu un penalty, transform\u00e9 en but par Ibrahim Salah.<\/p>\n<p data-start=\"974\" data-end=\"1134\">Le premier but de l\u2019\u00e9quipe suisse a \u00e9t\u00e9 marqu\u00e9 par l\u2019attaquant kosovar <span class=\"hover:entity-accent entity-underline inline cursor-pointer align-baseline\"><span class=\"whitespace-normal\">Albian Ajeti<\/span><\/span>. Il s\u2019agissait du premier match du FC B\u00e2le en 2026.<\/p>\n","protected":false},"excerpt":{"rendered":"<p>Xherdan Shaqiri brille en ce d\u00e9but d\u2019ann\u00e9e 2026, le FC Basel s\u2019impose face au Slavia Prague<\/p>\n","protected":false},"author":6,"featured_media":821955,"comment_status":"closed","ping_status":"closed","sticky":false,"template":"","format":"standard","meta":{"footnotes":""},"categories":[24671,1169],"tags":[],"vendi":[],"content_country":[],"class_list":["post-891097","post","type-post","status-publish","format-standard","has-post-thumbnail","hentry","category-football","category-sport-fr"],"acf":[],"_links":{"self":[{"href":"https:\/\/www.albinfo.ch\/fr\/wp-json\/wp\/v2\/posts\/891097","targetHints":{"allow":["GET"]}}],"collection":[{"href":"https:\/\/www.albinfo.ch\/fr\/wp-json\/wp\/v2\/posts"}],"about":[{"href":"https:\/\/www.albinfo.ch\/fr\/wp-json\/wp\/v2\/types\/post"}],"author":[{"embeddable":true,"href":"https:\/\/www.albinfo.ch\/fr\/wp-json\/wp\/v2\/users\/6"}],"replies":[{"embeddable":true,"href":"https:\/\/www.albinfo.ch\/fr\/wp-json\/wp\/v2\/comments?post=891097"}],"version-history":[{"count":1,"href":"https:\/\/www.albinfo.ch\/fr\/wp-json\/wp\/v2\/posts\/891097\/revisions"}],"predecessor-version":[{"id":891098,"href":"https:\/\/www.albinfo.ch\/fr\/wp-json\/wp\/v2\/posts\/891097\/revisions\/891098"}],"wp:featuredmedia":[{"embeddable":true,"href":"https:\/\/www.albinfo.ch\/fr\/wp-json\/wp\/v2\/media\/821955"}],"wp:attachment":[{"href":"https:\/\/www.albinfo.ch\/fr\/wp-json\/wp\/v2\/media?parent=891097"}],"wp:term":[{"taxonomy":"category","embeddable":true,"href":"https:\/\/www.albinfo.ch\/fr\/wp-json\/wp\/v2\/categories?post=891097"},{"taxonomy":"post_tag","embeddable":true,"href":"https:\/\/www.albinfo.ch\/fr\/wp-json\/wp\/v2\/tags?post=891097"},{"taxonomy":"vendi","embeddable":true,"href":"https:\/\/www.albinfo.ch\/fr\/wp-json\/wp\/v2\/vendi?post=891097"},{"taxonomy":"content_country","embeddable":true,"href":"https:\/\/www.albinfo.ch\/fr\/wp-json\/wp\/v2\/content_country?post=891097"}],"curies":[{"name":"wp","href":"https:\/\/api.w.org\/{rel}","templated":true}]}}