{"id":894681,"date":"2026-01-22T11:34:52","date_gmt":"2026-01-22T10:34:52","guid":{"rendered":"https:\/\/www.albinfo.ch\/?p=894681"},"modified":"2026-01-22T13:53:03","modified_gmt":"2026-01-22T12:53:03","slug":"ouverture-de-lecole-albanaise-a-heppenheim-en-allemagne","status":"publish","type":"post","link":"https:\/\/www.albinfo.ch\/fr\/ouverture-de-lecole-albanaise-a-heppenheim-en-allemagne\/","title":{"rendered":"Ouverture de l\u2019\u00e9cole albanaise \u00e0 Heppenheim, en Allemagne"},"content":{"rendered":"<p data-start=\"15\" data-end=\"412\">Dans la ville de Heppenheim (Bergstra\u00dfe), dans le Land de Hesse, l\u2019\u00e9cole de langue albanaise a \u00e9t\u00e9 officiellement inaugur\u00e9e, une initiative d\u2019une importance particuli\u00e8re pour la pr\u00e9servation et la promotion de la langue, de la culture et de l\u2019identit\u00e9 nationale albanaises au sein de la diaspora. Plus de 20 \u00e9l\u00e8ves albanais de cette r\u00e9gion suivront les cours dans cette \u00e9cole, rapporte albinfo.ch.<\/p>\n<p data-start=\"414\" data-end=\"759\">L\u2019ouverture de l\u2019\u00e9cole a \u00e9t\u00e9 marqu\u00e9e par une c\u00e9r\u00e9monie solennelle \u00e0 laquelle a particip\u00e9 le consul g\u00e9n\u00e9ral de la R\u00e9publique du Kosovo \u00e0 Francfort, M. G\u00ebzim Gashi. \u00c9taient \u00e9galement pr\u00e9sents les parents des \u00e9l\u00e8ves, l\u2019enseignante Alma Selimi Zyberi, l\u2019activiste et publiciste Argjend Hasani, ainsi que des repr\u00e9sentants de la communaut\u00e9 albanaise.<\/p>\n<p data-start=\"761\" data-end=\"1231\">Dans son allocution, le consul g\u00e9n\u00e9ral G\u00ebzim Gashi a remerci\u00e9 l\u2019Association des enseignants et des parents albanais en Hesse (LAPSH Hessen) pour son engagement et les succ\u00e8s obtenus dans l\u2019institutionnalisation de l\u2019enseignement de la langue albanaise. Il a soulign\u00e9 que, gr\u00e2ce \u00e0 cette organisation, environ 400 \u00e9l\u00e8ves suivent aujourd\u2019hui l\u2019enseignement en albanais dans le Land de Hesse, couvrant presque tout le territoire, de Kassel au nord jusqu\u2019\u00e0 Heppenheim au sud.<\/p>\n<p data-start=\"1233\" data-end=\"1759\">L\u2019atmosph\u00e8re le jour de l\u2019inauguration \u00e9tait empreinte d\u2019enthousiasme et d\u2019\u00e9motion, en particulier chez les \u00e9l\u00e8ves, dont la classe vibrait de joie. L\u2019espace \u00e9tait d\u00e9cor\u00e9 du drapeau national albanais et du drapeau d\u2019\u00c9tat du Kosovo, tandis que les parents ont exprim\u00e9 leur satisfaction de voir l\u2019\u00e9cole albanaise devenir r\u00e9alit\u00e9 apr\u00e8s un engagement important et une coop\u00e9ration r\u00e9ussie. La contribution de Gani Laj\u00e7i, en \u00e9troite collaboration avec l\u2019enseignante Alma Selimi Zyberi, a \u00e9galement \u00e9t\u00e9 soulign\u00e9e, rapporte albinfo.ch.<\/p>\n<p data-start=\"1761\" data-end=\"2177\">Dans son discours de bienvenue, l\u2019enseignante Alma Selimi Zyberi a souhait\u00e9 la bienvenue aux \u00e9l\u00e8ves, aux parents et aux invit\u00e9s, en soulignant l\u2019\u00e9motion de son retour \u00e0 la profession apr\u00e8s neuf ans d\u2019interruption. Elle a remerci\u00e9 les parents, l\u2019Association des enseignants albanais en Allemagne, le consul G\u00ebzim Gashi et la direction du lyc\u00e9e Starkenburg de Heppenheim pour leur soutien \u00e0 l\u2019ouverture de cette \u00e9cole.<\/p>\n<p data-start=\"2179\" data-end=\"2403\">\u00c0 cette occasion, le consul Gashi et l\u2019\u00e9crivain Argjend Hasani ont salu\u00e9 les participants, mettant en avant l\u2019importance des \u00e9coles albanaises dans la diaspora pour l\u2019\u00e9ducation et l\u2019identit\u00e9 nationale des jeunes g\u00e9n\u00e9rations.<\/p>\n<p data-start=\"2405\" data-end=\"2722\">En conclusion de l\u2019\u00e9v\u00e9nement, l\u2019enseignante Alma Selimi Zyberi, aux c\u00f4t\u00e9s du consul Gashi, a distribu\u00e9 les manuels scolaires aux \u00e9l\u00e8ves. Ces livres sont un don du minist\u00e8re de l\u2019\u00c9ducation de la R\u00e9publique d\u2019Albanie et du minist\u00e8re de l\u2019\u00c9ducation de la R\u00e9publique du Kosovo destin\u00e9 aux enfants albanais de la diaspora.<\/p>\n<p data-start=\"2724\" data-end=\"2954\">Les organisateurs invitent les parents albanais de la r\u00e9gion \u00e0 inscrire leurs enfants \u00e0 l\u2019\u00e9cole albanaise et \u00e0 contribuer \u00e0 la pr\u00e9servation et au renforcement de la langue albanaise aupr\u00e8s des jeunes g\u00e9n\u00e9rations, \u00e9crit albinfo.ch.<\/p>\n<p data-start=\"2956\" data-end=\"2987\">Adresse de l\u2019\u00e9cole albanaise:<\/p>\n<p data-start=\"2989\" data-end=\"3072\">Starkenburg Gymnasium<br data-start=\"3010\" data-end=\"3013\" \/>Gerhart Hauptmann Stra\u00dfe 21<br data-start=\"3040\" data-end=\"3043\" \/>64646 Heppenheim, Allemagne<\/p>\n","protected":false},"excerpt":{"rendered":"<p>Une \u00e9tape importante pour la pr\u00e9servation de la langue et de l\u2019identit\u00e9 albanaises dans la diaspora<\/p>\n","protected":false},"author":6,"featured_media":894538,"comment_status":"closed","ping_status":"closed","sticky":false,"template":"","format":"standard","meta":{"footnotes":""},"categories":[24637,1166,24630,1163],"tags":[],"vendi":[],"content_country":[],"class_list":["post-894681","post","type-post","status-publish","format-standard","has-post-thumbnail","hentry","category-nouvelles-fr-4","category-langues","category-nouvelles","category-fr-e-diaspora"],"acf":[],"_links":{"self":[{"href":"https:\/\/www.albinfo.ch\/fr\/wp-json\/wp\/v2\/posts\/894681","targetHints":{"allow":["GET"]}}],"collection":[{"href":"https:\/\/www.albinfo.ch\/fr\/wp-json\/wp\/v2\/posts"}],"about":[{"href":"https:\/\/www.albinfo.ch\/fr\/wp-json\/wp\/v2\/types\/post"}],"author":[{"embeddable":true,"href":"https:\/\/www.albinfo.ch\/fr\/wp-json\/wp\/v2\/users\/6"}],"replies":[{"embeddable":true,"href":"https:\/\/www.albinfo.ch\/fr\/wp-json\/wp\/v2\/comments?post=894681"}],"version-history":[{"count":1,"href":"https:\/\/www.albinfo.ch\/fr\/wp-json\/wp\/v2\/posts\/894681\/revisions"}],"predecessor-version":[{"id":894686,"href":"https:\/\/www.albinfo.ch\/fr\/wp-json\/wp\/v2\/posts\/894681\/revisions\/894686"}],"wp:featuredmedia":[{"embeddable":true,"href":"https:\/\/www.albinfo.ch\/fr\/wp-json\/wp\/v2\/media\/894538"}],"wp:attachment":[{"href":"https:\/\/www.albinfo.ch\/fr\/wp-json\/wp\/v2\/media?parent=894681"}],"wp:term":[{"taxonomy":"category","embeddable":true,"href":"https:\/\/www.albinfo.ch\/fr\/wp-json\/wp\/v2\/categories?post=894681"},{"taxonomy":"post_tag","embeddable":true,"href":"https:\/\/www.albinfo.ch\/fr\/wp-json\/wp\/v2\/tags?post=894681"},{"taxonomy":"vendi","embeddable":true,"href":"https:\/\/www.albinfo.ch\/fr\/wp-json\/wp\/v2\/vendi?post=894681"},{"taxonomy":"content_country","embeddable":true,"href":"https:\/\/www.albinfo.ch\/fr\/wp-json\/wp\/v2\/content_country?post=894681"}],"curies":[{"name":"wp","href":"https:\/\/api.w.org\/{rel}","templated":true}]}}