{"id":894692,"date":"2026-01-22T12:02:28","date_gmt":"2026-01-22T11:02:28","guid":{"rendered":"https:\/\/www.albinfo.ch\/?p=894692"},"modified":"2026-01-22T13:48:32","modified_gmt":"2026-01-22T12:48:32","slug":"granit-xhaka-raconte-la-decision-inattendue-de-son-retour-en-premier-league","status":"publish","type":"post","link":"https:\/\/www.albinfo.ch\/fr\/granit-xhaka-raconte-la-decision-inattendue-de-son-retour-en-premier-league\/","title":{"rendered":"Granit Xhaka raconte la d\u00e9cision inattendue de son retour en Premier League"},"content":{"rendered":"<p data-start=\"15\" data-end=\"403\">Granit Xhaka a racont\u00e9 que son retour en Premier League a \u00e9t\u00e9 une surprise, mais qu\u2019il s\u2019est concr\u00e9tis\u00e9 rapidement apr\u00e8s l\u2019int\u00e9r\u00eat manifest\u00e9 par Sunderland. Le milieu de terrain albanais a \u00e9t\u00e9 transf\u00e9r\u00e9 cet \u00e9t\u00e9 pour environ 17 millions de livres sterling, devenant ainsi l\u2019une des recrues les plus marquantes depuis le retour des \u00ab Black Cats \u00bb dans l\u2019\u00e9lite anglaise, rapporte albinfo.ch.<\/p>\n<p data-start=\"405\" data-end=\"632\">\u00c2g\u00e9 de 33 ans et ancien joueur d\u2019Arsenal, Xhaka a \u00e9t\u00e9 nomm\u00e9 capitaine d\u00e8s son arriv\u00e9e et affiche une excellente forme sous la direction de l\u2019entra\u00eeneur R\u00e9gis Le Bris, contribuant \u00e0 la bonne position de Sunderland au classement.<\/p>\n<p data-start=\"634\" data-end=\"893\">Xhaka a admis qu\u2019il envisageait de terminer sa carri\u00e8re au Bayer Leverkusen, mais que l\u2019int\u00e9r\u00eat de Sunderland l\u2019a pouss\u00e9 \u00e0 changer ses plans. Les conseils de Jermain Defoe et de Lorik Cana, anciens joueurs du club, ont \u00e9galement jou\u00e9 un r\u00f4le dans sa d\u00e9cision.<\/p>\n<p data-start=\"895\" data-end=\"1112\">&#8221; Je ne m\u2019attendais pas \u00e0 revenir en Premier League, mais la d\u00e9cision a \u00e9t\u00e9 prise rapidement &#8220;, a d\u00e9clar\u00e9 Xhaka, ajoutant que ce choix a \u00e9t\u00e9 arr\u00eat\u00e9 apr\u00e8s des discussions avec sa famille et les repr\u00e9sentants du club.<\/p>\n","protected":false},"excerpt":{"rendered":"<p>Xhaka: la d\u00e9cision de revenir en Premier League a \u00e9t\u00e9 prise en quelques jours<\/p>\n","protected":false},"author":6,"featured_media":894543,"comment_status":"closed","ping_status":"closed","sticky":false,"template":"","format":"standard","meta":{"footnotes":""},"categories":[24630,24671,1169],"tags":[],"vendi":[],"content_country":[],"class_list":["post-894692","post","type-post","status-publish","format-standard","has-post-thumbnail","hentry","category-nouvelles","category-football","category-sport-fr"],"acf":[],"_links":{"self":[{"href":"https:\/\/www.albinfo.ch\/fr\/wp-json\/wp\/v2\/posts\/894692","targetHints":{"allow":["GET"]}}],"collection":[{"href":"https:\/\/www.albinfo.ch\/fr\/wp-json\/wp\/v2\/posts"}],"about":[{"href":"https:\/\/www.albinfo.ch\/fr\/wp-json\/wp\/v2\/types\/post"}],"author":[{"embeddable":true,"href":"https:\/\/www.albinfo.ch\/fr\/wp-json\/wp\/v2\/users\/6"}],"replies":[{"embeddable":true,"href":"https:\/\/www.albinfo.ch\/fr\/wp-json\/wp\/v2\/comments?post=894692"}],"version-history":[{"count":1,"href":"https:\/\/www.albinfo.ch\/fr\/wp-json\/wp\/v2\/posts\/894692\/revisions"}],"predecessor-version":[{"id":894693,"href":"https:\/\/www.albinfo.ch\/fr\/wp-json\/wp\/v2\/posts\/894692\/revisions\/894693"}],"wp:featuredmedia":[{"embeddable":true,"href":"https:\/\/www.albinfo.ch\/fr\/wp-json\/wp\/v2\/media\/894543"}],"wp:attachment":[{"href":"https:\/\/www.albinfo.ch\/fr\/wp-json\/wp\/v2\/media?parent=894692"}],"wp:term":[{"taxonomy":"category","embeddable":true,"href":"https:\/\/www.albinfo.ch\/fr\/wp-json\/wp\/v2\/categories?post=894692"},{"taxonomy":"post_tag","embeddable":true,"href":"https:\/\/www.albinfo.ch\/fr\/wp-json\/wp\/v2\/tags?post=894692"},{"taxonomy":"vendi","embeddable":true,"href":"https:\/\/www.albinfo.ch\/fr\/wp-json\/wp\/v2\/vendi?post=894692"},{"taxonomy":"content_country","embeddable":true,"href":"https:\/\/www.albinfo.ch\/fr\/wp-json\/wp\/v2\/content_country?post=894692"}],"curies":[{"name":"wp","href":"https:\/\/api.w.org\/{rel}","templated":true}]}}