{"id":894977,"date":"2026-01-23T15:54:08","date_gmt":"2026-01-23T14:54:08","guid":{"rendered":"https:\/\/www.albinfo.ch\/?p=894977"},"modified":"2026-01-23T15:54:19","modified_gmt":"2026-01-23T14:54:19","slug":"le-talent-du-kosovo-sur-la-scene-mondiale-anila-aliu-remporte-le-grand-prix-en-thailande","status":"publish","type":"post","link":"https:\/\/www.albinfo.ch\/fr\/le-talent-du-kosovo-sur-la-scene-mondiale-anila-aliu-remporte-le-grand-prix-en-thailande\/","title":{"rendered":"Le talent du Kosovo sur la sc\u00e8ne mondiale, Anila Aliu remporte le grand prix en Tha\u00eflande"},"content":{"rendered":"<p data-start=\"12\" data-end=\"232\">Il s\u2019agit de la pianiste kosovare de 23 ans Anila Aliu, qui brille sur la sc\u00e8ne internationale de la musique classique en remportant plusieurs des prix les plus prestigieux lors de concours mondiaux, rapporte albinfo.ch.<\/p>\n<p data-start=\"234\" data-end=\"514\">R\u00e9cemment, elle a \u00e9t\u00e9 proclam\u00e9e laur\u00e9ate du premier prix lors d\u2019un concours de haut niveau en Tha\u00eflande, o\u00f9 des pianistes du monde entier \u00e9taient en comp\u00e9tition. Ce succ\u00e8s est le fruit d\u2019un travail de longue haleine et du franchissement de plusieurs \u00e9tapes exigeantes depuis 2020.<\/p>\n<p data-start=\"516\" data-end=\"687\">&#8221; La concurrence \u00e9tait extr\u00eamement forte, avec des participants de tous \u00e2ges et de pays diff\u00e9rents, mais gr\u00e2ce \u00e0 mon engagement, j\u2019ai r\u00e9ussi \u00e0 triompher &#8220;, a confi\u00e9 Anila.<\/p>\n<p data-start=\"689\" data-end=\"930\">La pianiste a \u00e9galement partag\u00e9 la nouvelle du prix remport\u00e9 auparavant \u00e0 Belgrade, soulignant que dans la musique classique, l\u2019origine n\u2019a pas d\u2019importance, seul comptent le talent et ce que l\u2019on offre sur sc\u00e8ne, rapporte encore albinfo.ch.<\/p>\n<p data-start=\"932\" data-end=\"1209\">&#8221; Mon succ\u00e8s me fait me sentir reconnue en tant qu\u2019artiste, car dans ce monde, ce n\u2019est pas d\u2019o\u00f9 l\u2019on vient qui compte, mais ce que l\u2019on transmet \u00e0 travers sa performance &#8220;, a d\u00e9clar\u00e9 Aliu, en \u00e9voquant les efforts et la passion qui l\u2019ont men\u00e9e jusqu\u2019aux sc\u00e8nes internationales.<\/p>\n<p data-start=\"1211\" data-end=\"1465\">Anila Aliu continue d\u2019\u00eatre une source d\u2019inspiration pour les jeunes artistes albanais, d\u00e9montrant que le talent et le d\u00e9vouement peuvent d\u00e9passer toutes les fronti\u00e8res et inscrire le nom du Kosovo sur la carte mondiale de la musique classique.\/Albinfo.ch<\/p>\n","protected":false},"excerpt":{"rendered":"<p>Anila Aliu, la pianiste albanaise originaire du Kosovo, triomphe dans des concours internationaux<\/p>\n","protected":false},"author":6,"featured_media":894880,"comment_status":"closed","ping_status":"closed","sticky":false,"template":"","format":"standard","meta":{"footnotes":""},"categories":[34923,24637,1163,1168],"tags":[],"vendi":[],"content_country":[],"class_list":["post-894977","post","type-post","status-publish","format-standard","has-post-thumbnail","hentry","category-music","category-nouvelles-fr-4","category-fr-e-diaspora","category-culture"],"acf":[],"_links":{"self":[{"href":"https:\/\/www.albinfo.ch\/fr\/wp-json\/wp\/v2\/posts\/894977","targetHints":{"allow":["GET"]}}],"collection":[{"href":"https:\/\/www.albinfo.ch\/fr\/wp-json\/wp\/v2\/posts"}],"about":[{"href":"https:\/\/www.albinfo.ch\/fr\/wp-json\/wp\/v2\/types\/post"}],"author":[{"embeddable":true,"href":"https:\/\/www.albinfo.ch\/fr\/wp-json\/wp\/v2\/users\/6"}],"replies":[{"embeddable":true,"href":"https:\/\/www.albinfo.ch\/fr\/wp-json\/wp\/v2\/comments?post=894977"}],"version-history":[{"count":1,"href":"https:\/\/www.albinfo.ch\/fr\/wp-json\/wp\/v2\/posts\/894977\/revisions"}],"predecessor-version":[{"id":894980,"href":"https:\/\/www.albinfo.ch\/fr\/wp-json\/wp\/v2\/posts\/894977\/revisions\/894980"}],"wp:featuredmedia":[{"embeddable":true,"href":"https:\/\/www.albinfo.ch\/fr\/wp-json\/wp\/v2\/media\/894880"}],"wp:attachment":[{"href":"https:\/\/www.albinfo.ch\/fr\/wp-json\/wp\/v2\/media?parent=894977"}],"wp:term":[{"taxonomy":"category","embeddable":true,"href":"https:\/\/www.albinfo.ch\/fr\/wp-json\/wp\/v2\/categories?post=894977"},{"taxonomy":"post_tag","embeddable":true,"href":"https:\/\/www.albinfo.ch\/fr\/wp-json\/wp\/v2\/tags?post=894977"},{"taxonomy":"vendi","embeddable":true,"href":"https:\/\/www.albinfo.ch\/fr\/wp-json\/wp\/v2\/vendi?post=894977"},{"taxonomy":"content_country","embeddable":true,"href":"https:\/\/www.albinfo.ch\/fr\/wp-json\/wp\/v2\/content_country?post=894977"}],"curies":[{"name":"wp","href":"https:\/\/api.w.org\/{rel}","templated":true}]}}