{"id":895067,"date":"2026-01-23T17:12:16","date_gmt":"2026-01-23T16:12:16","guid":{"rendered":"https:\/\/www.albinfo.ch\/?p=895067"},"modified":"2026-01-24T01:01:54","modified_gmt":"2026-01-24T00:01:54","slug":"rinesa-salijaj-originaire-distog-candidate-a-lassemblee-communale-de-st-polten-en-autriche","status":"publish","type":"post","link":"https:\/\/www.albinfo.ch\/fr\/rinesa-salijaj-originaire-distog-candidate-a-lassemblee-communale-de-st-polten-en-autriche\/","title":{"rendered":"Rinesa Salijaj, originaire d\u2019Istog, candidate \u00e0 l\u2019Assembl\u00e9e communale de St. P\u00f6lten en Autriche"},"content":{"rendered":"<p data-start=\"14\" data-end=\"365\">Les \u00e9lections pour l\u2019Assembl\u00e9e de St. P\u00f6lten, connue \u00e9galement comme la capitale de la Basse Autriche, se tiendront le 25 janvier. Lors de ce scrutin, Rinesa Salijaj sollicite \u00e9galement le soutien des \u00e9lecteurs. Originaire de la ville d\u2019Istog, elle pr\u00e9sente sa candidature sous la banni\u00e8re du Parti social d\u00e9mocrate d\u2019Autriche (SP\u00d6), \u00e9crit albinfo.at.<\/p>\n<p data-start=\"367\" data-end=\"512\">Rinesa est \u00e2g\u00e9e de 23 ans. Elle est n\u00e9e et a grandi \u00e0 St. P\u00f6lten. Actuellement, elle travaille \u00e0 l\u2019Assembl\u00e9e communale (Magistrat) de St. P\u00f6lten.<\/p>\n<p data-start=\"514\" data-end=\"583\">Rinesa Salijaj se pr\u00e9sente sur la liste du SP\u00d6 et porte le num\u00e9ro 24.<\/p>\n<p data-start=\"585\" data-end=\"656\">Sa devise pour ces \u00e9lections est: &#8221; L\u2019avenir commence avec ton vote &#8220;.<\/p>\n<p data-start=\"658\" data-end=\"830\">Les \u00e9lecteurs qui souhaitent voter pour Rinesa Salijaj doivent d\u2019abord voter pour le parti SP\u00d6, puis indiquer le num\u00e9ro 24 et le nom de Rinesa Salijaj, rapporte albinfo.at.<\/p>\n<p data-start=\"832\" data-end=\"1032\">La communaut\u00e9 albanaise en Autriche, et en particulier celle vivant en Basse Autriche (Nieder\u00f6sterreich), s\u2019est mobilis\u00e9e pour la soutenir \u00e0 travers les r\u00e9seaux sociaux et appeler \u00e0 voter pour Rinesa.\/Albinfo.at<\/p>\n<p><img loading=\"lazy\" decoding=\"async\" class=\"alignnone wp-image-894894\" src=\"https:\/\/www.albinfo.ch\/wp-content\/uploads\/2026\/01\/att.vdorfcyfzw48esqyxgttcgouehu6wqqjrqd1uaemgam-819x1024.jpeg\" alt=\"\" width=\"500\" height=\"625\" srcset=\"https:\/\/www.albinfo.ch\/wp-content\/uploads\/2026\/01\/att.vdorfcyfzw48esqyxgttcgouehu6wqqjrqd1uaemgam-819x1024.jpeg 819w, https:\/\/www.albinfo.ch\/wp-content\/uploads\/2026\/01\/att.vdorfcyfzw48esqyxgttcgouehu6wqqjrqd1uaemgam-240x300.jpeg 240w, https:\/\/www.albinfo.ch\/wp-content\/uploads\/2026\/01\/att.vdorfcyfzw48esqyxgttcgouehu6wqqjrqd1uaemgam-768x960.jpeg 768w, https:\/\/www.albinfo.ch\/wp-content\/uploads\/2026\/01\/att.vdorfcyfzw48esqyxgttcgouehu6wqqjrqd1uaemgam-317x396.jpeg 317w, https:\/\/www.albinfo.ch\/wp-content\/uploads\/2026\/01\/att.vdorfcyfzw48esqyxgttcgouehu6wqqjrqd1uaemgam-80x100.jpeg 80w, https:\/\/www.albinfo.ch\/wp-content\/uploads\/2026\/01\/att.vdorfcyfzw48esqyxgttcgouehu6wqqjrqd1uaemgam-140x175.jpeg 140w, https:\/\/www.albinfo.ch\/wp-content\/uploads\/2026\/01\/att.vdorfcyfzw48esqyxgttcgouehu6wqqjrqd1uaemgam.jpeg 1150w\" sizes=\"auto, (max-width: 500px) 100vw, 500px\" \/><\/p>\n","protected":false},"excerpt":{"rendered":"<p>Rinesa Salijaj se pr\u00e9sente sur la liste du SP\u00d6 et porte le num\u00e9ro 24 sur la liste.<\/p>\n","protected":false},"author":6,"featured_media":894928,"comment_status":"closed","ping_status":"closed","sticky":false,"template":"","format":"standard","meta":{"footnotes":""},"categories":[34913,24637,1164,1165,24633,1163],"tags":[],"vendi":[],"content_country":[],"class_list":["post-895067","post","type-post","status-publish","format-standard","has-post-thumbnail","hentry","category-la-vie-en-autriche","category-nouvelles-fr-4","category-integration-fr","category-femmes","category-nouvelles-fr-2","category-fr-e-diaspora"],"acf":[],"_links":{"self":[{"href":"https:\/\/www.albinfo.ch\/fr\/wp-json\/wp\/v2\/posts\/895067","targetHints":{"allow":["GET"]}}],"collection":[{"href":"https:\/\/www.albinfo.ch\/fr\/wp-json\/wp\/v2\/posts"}],"about":[{"href":"https:\/\/www.albinfo.ch\/fr\/wp-json\/wp\/v2\/types\/post"}],"author":[{"embeddable":true,"href":"https:\/\/www.albinfo.ch\/fr\/wp-json\/wp\/v2\/users\/6"}],"replies":[{"embeddable":true,"href":"https:\/\/www.albinfo.ch\/fr\/wp-json\/wp\/v2\/comments?post=895067"}],"version-history":[{"count":1,"href":"https:\/\/www.albinfo.ch\/fr\/wp-json\/wp\/v2\/posts\/895067\/revisions"}],"predecessor-version":[{"id":895068,"href":"https:\/\/www.albinfo.ch\/fr\/wp-json\/wp\/v2\/posts\/895067\/revisions\/895068"}],"wp:featuredmedia":[{"embeddable":true,"href":"https:\/\/www.albinfo.ch\/fr\/wp-json\/wp\/v2\/media\/894928"}],"wp:attachment":[{"href":"https:\/\/www.albinfo.ch\/fr\/wp-json\/wp\/v2\/media?parent=895067"}],"wp:term":[{"taxonomy":"category","embeddable":true,"href":"https:\/\/www.albinfo.ch\/fr\/wp-json\/wp\/v2\/categories?post=895067"},{"taxonomy":"post_tag","embeddable":true,"href":"https:\/\/www.albinfo.ch\/fr\/wp-json\/wp\/v2\/tags?post=895067"},{"taxonomy":"vendi","embeddable":true,"href":"https:\/\/www.albinfo.ch\/fr\/wp-json\/wp\/v2\/vendi?post=895067"},{"taxonomy":"content_country","embeddable":true,"href":"https:\/\/www.albinfo.ch\/fr\/wp-json\/wp\/v2\/content_country?post=895067"}],"curies":[{"name":"wp","href":"https:\/\/api.w.org\/{rel}","templated":true}]}}