{"id":895442,"date":"2026-01-25T20:00:18","date_gmt":"2026-01-25T19:00:18","guid":{"rendered":"https:\/\/www.albinfo.ch\/?p=895442"},"modified":"2026-01-25T21:56:11","modified_gmt":"2026-01-25T20:56:11","slug":"shaqiri-brille-dans-le-derby-triple-spectaculaire-et-victoire-dramatique-du-fc-bale-face-a-zurich","status":"publish","type":"post","link":"https:\/\/www.albinfo.ch\/fr\/shaqiri-brille-dans-le-derby-triple-spectaculaire-et-victoire-dramatique-du-fc-bale-face-a-zurich\/","title":{"rendered":"Shaqiri brille dans le derby: tripl\u00e9 spectaculaire et victoire dramatique du FC B\u00e2le face \u00e0 Zurich"},"content":{"rendered":"<p data-start=\"0\" data-end=\"286\">Xherdan Shaqiri a livr\u00e9 une prestation exceptionnelle en devenant le h\u00e9ros absolu du FC B\u00e2le lors du derby face \u00e0 Zurich. L\u2019attaquant kosovar a inscrit un tripl\u00e9, dont le but de la victoire dans les toutes derni\u00e8res minutes, offrant ainsi \u00e0 son \u00e9quipe un succ\u00e8s majeur.<\/p>\n<p data-start=\"288\" data-end=\"564\">Shaqiri a marqu\u00e9 \u00e0 trois reprises durant la rencontre, faisant preuve de classe, d\u2019exp\u00e9rience et de sang-froid dans les moments d\u00e9cisifs. Le dernier but, inscrit dans les instants finaux du match, a scell\u00e9 la victoire de B\u00e2le et d\u00e9clench\u00e9 la f\u00eate des supporters dans le stade.<\/p>\n<p data-start=\"566\" data-end=\"786\">Avec cette performance, la star kosovare a une nouvelle fois d\u00e9montr\u00e9 qu\u2019il reste l\u2019un des joueurs les plus d\u00e9cisifs de la Super League suisse, toujours pr\u00eat \u00e0 faire la diff\u00e9rence et \u00e0 offrir du spectacle sur le terrain.<\/p>\n<p>Video:<\/p>\n<p><a href=\"https:\/\/www.facebook.com\/share\/v\/1FjFYjCTfj\/\">https:\/\/www.facebook.com\/share\/v\/1FjFYjCTfj\/<\/a><\/p>\n","protected":false},"excerpt":{"rendered":"<p>Xherdan Shaqiri a livr\u00e9 une prestation exceptionnelle en devenant le h\u00e9ros absolu du FC B\u00e2le lors du derby face \u00e0 Zurich. L\u2019attaquant kosovar a inscrit un tripl\u00e9, dont le but de la victoire dans les toutes derni\u00e8res minutes, offrant ainsi \u00e0 son \u00e9quipe un succ\u00e8s majeur. Shaqiri a marqu\u00e9 \u00e0 trois reprises durant la rencontre, [&hellip;]<\/p>\n","protected":false},"author":6,"featured_media":823936,"comment_status":"closed","ping_status":"closed","sticky":false,"template":"","format":"standard","meta":{"footnotes":""},"categories":[1187,18826,24630,24671,1169,1170],"tags":[],"vendi":[],"content_country":[31835,31838,31840],"class_list":["post-895442","post","type-post","status-publish","format-standard","has-post-thumbnail","hentry","category-breves","category-lajme-jeta-ne-zvicer-fr","category-nouvelles","category-football","category-sport-fr","category-vivre-en-suisse","content_country-austria-fr","content_country-germany-fr","content_country-zvicer-fr"],"acf":[],"_links":{"self":[{"href":"https:\/\/www.albinfo.ch\/fr\/wp-json\/wp\/v2\/posts\/895442","targetHints":{"allow":["GET"]}}],"collection":[{"href":"https:\/\/www.albinfo.ch\/fr\/wp-json\/wp\/v2\/posts"}],"about":[{"href":"https:\/\/www.albinfo.ch\/fr\/wp-json\/wp\/v2\/types\/post"}],"author":[{"embeddable":true,"href":"https:\/\/www.albinfo.ch\/fr\/wp-json\/wp\/v2\/users\/6"}],"replies":[{"embeddable":true,"href":"https:\/\/www.albinfo.ch\/fr\/wp-json\/wp\/v2\/comments?post=895442"}],"version-history":[{"count":1,"href":"https:\/\/www.albinfo.ch\/fr\/wp-json\/wp\/v2\/posts\/895442\/revisions"}],"predecessor-version":[{"id":895443,"href":"https:\/\/www.albinfo.ch\/fr\/wp-json\/wp\/v2\/posts\/895442\/revisions\/895443"}],"wp:featuredmedia":[{"embeddable":true,"href":"https:\/\/www.albinfo.ch\/fr\/wp-json\/wp\/v2\/media\/823936"}],"wp:attachment":[{"href":"https:\/\/www.albinfo.ch\/fr\/wp-json\/wp\/v2\/media?parent=895442"}],"wp:term":[{"taxonomy":"category","embeddable":true,"href":"https:\/\/www.albinfo.ch\/fr\/wp-json\/wp\/v2\/categories?post=895442"},{"taxonomy":"post_tag","embeddable":true,"href":"https:\/\/www.albinfo.ch\/fr\/wp-json\/wp\/v2\/tags?post=895442"},{"taxonomy":"vendi","embeddable":true,"href":"https:\/\/www.albinfo.ch\/fr\/wp-json\/wp\/v2\/vendi?post=895442"},{"taxonomy":"content_country","embeddable":true,"href":"https:\/\/www.albinfo.ch\/fr\/wp-json\/wp\/v2\/content_country?post=895442"}],"curies":[{"name":"wp","href":"https:\/\/api.w.org\/{rel}","templated":true}]}}