{"id":895721,"date":"2026-01-26T22:04:08","date_gmt":"2026-01-26T21:04:08","guid":{"rendered":"https:\/\/www.albinfo.ch\/?p=895721"},"modified":"2026-01-27T00:10:35","modified_gmt":"2026-01-26T23:10:35","slug":"lotan-demande-a-belgrade-dassumer-ses-responsabilites-pour-les-evenements-de-banjska-et-lattaque-contre-la-kfor","status":"publish","type":"post","link":"https:\/\/www.albinfo.ch\/fr\/lotan-demande-a-belgrade-dassumer-ses-responsabilites-pour-les-evenements-de-banjska-et-lattaque-contre-la-kfor\/","title":{"rendered":"L\u2019OTAN demande \u00e0 Belgrade d\u2019assumer ses responsabilit\u00e9s pour les \u00e9v\u00e9nements de Banjska et l\u2019attaque contre la KFOR"},"content":{"rendered":"<p data-start=\"14\" data-end=\"469\">Le secr\u00e9taire g\u00e9n\u00e9ral de l\u2019<span class=\"hover:entity-accent entity-underline inline cursor-pointer align-baseline\"><span class=\"whitespace-normal\">OTAN<\/span><\/span>, <span class=\"hover:entity-accent entity-underline inline cursor-pointer align-baseline\"><span class=\"whitespace-normal\">Mark Rutte<\/span><\/span>, a demand\u00e9 aux autorit\u00e9s de <span class=\"hover:entity-accent entity-underline inline cursor-pointer align-baseline\"><span class=\"whitespace-normal\">Belgrade<\/span><\/span> d\u2019assumer leurs responsabilit\u00e9s concernant les incidents survenus au <span class=\"hover:entity-accent entity-underline inline cursor-pointer align-baseline\"><span class=\"whitespace-normal\">Kosovo<\/span><\/span>, notamment l\u2019attaque de <span class=\"hover:entity-accent entity-underline inline cursor-pointer align-baseline\"><span class=\"whitespace-normal\">Banjska<\/span><\/span> et les agressions contre les forces de la <span class=\"hover:entity-accent entity-underline inline cursor-pointer align-baseline\"><span class=\"whitespace-normal\">KFOR<\/span><\/span> lors des tensions du printemps 2023.<\/p>\n<p data-start=\"471\" data-end=\"837\">&#8221; J\u2019entretiens une relation personnelle avec le pr\u00e9sident de la Serbie, <span class=\"hover:entity-accent entity-underline inline cursor-pointer align-baseline\"><span class=\"whitespace-normal\">Aleksandar Vu\u010di\u0107<\/span><\/span>, qui remonte \u00e0 plusieurs ann\u00e9es. Mais mon attente est qu\u2019il \u00e9tablisse clairement les responsabilit\u00e9s pour les \u00e9v\u00e9nements pass\u00e9s, en particulier pour deux cas pr\u00e9cis. Pour ces deux \u00e9v\u00e9nements, il a promis de clarifier les responsabilit\u00e9s &#8220;, a d\u00e9clar\u00e9 Rutte.<\/p>\n<p data-start=\"839\" data-end=\"1183\">Il s\u2019est exprim\u00e9 \u00e0 ce sujet lors d\u2019une s\u00e9ance de la commission des affaires \u00e9trang\u00e8res du <span class=\"hover:entity-accent entity-underline inline cursor-pointer align-baseline\"><span class=\"whitespace-normal\">Parlement europ\u00e9en<\/span><\/span> (AFET), rappelant \u00e9galement l\u2019engagement de l\u2019OTAN en faveur de la stabilit\u00e9 dans les Balkans occidentaux et son soutien au dialogue entre le Kosovo et la Serbie, facilit\u00e9 par l\u2019<span class=\"hover:entity-accent entity-underline inline cursor-pointer align-baseline\"><span class=\"whitespace-normal\">Union europ\u00e9enne<\/span><\/span>.<\/p>\n<p data-start=\"1185\" data-end=\"1377\">Rutte a soulign\u00e9 que l\u2019OTAN resterait engag\u00e9e pour garantir la s\u00e9curit\u00e9 dans la r\u00e9gion et qu\u2019elle ne permettrait pas la cr\u00e9ation d\u2019un vide s\u00e9curitaire en <span class=\"hover:entity-accent entity-underline inline cursor-pointer align-baseline\"><span class=\"whitespace-normal\">Bosnie-Herz\u00e9govine<\/span><\/span>.<\/p>\n<p data-start=\"1379\" data-end=\"1755\">Les tensions entre le Kosovo et la Serbie sont rest\u00e9es \u00e9lev\u00e9es ces derni\u00e8res ann\u00e9es. L\u2019incident le plus grave s\u2019est produit en septembre 2023 \u00e0 Banjska, dans la municipalit\u00e9 de <span class=\"hover:entity-accent entity-underline inline cursor-pointer align-baseline\"><span class=\"whitespace-normal\">Zve\u010dan<\/span><\/span>, lorsqu\u2019un groupe de Serbes arm\u00e9s a attaqu\u00e9 la police du Kosovo, tuant un sergent, tandis que trois assaillants serbes ont perdu la vie lors de l\u2019affrontement.<\/p>\n<p data-start=\"1757\" data-end=\"1976\"><span class=\"hover:entity-accent entity-underline inline cursor-pointer align-baseline\"><span class=\"whitespace-normal\">Milan Radoi\u010di\u0107<\/span><\/span>, homme politique et homme d\u2019affaires serbe, a revendiqu\u00e9 la responsabilit\u00e9 de l\u2019attaque et se trouve actuellement en Serbie, o\u00f9 aucune poursuite p\u00e9nale n\u2019a \u00e9t\u00e9 engag\u00e9e contre lui.<\/p>\n<p data-start=\"1978\" data-end=\"2505\">Ces \u00e9v\u00e9nements ont \u00e9t\u00e9 pr\u00e9c\u00e9d\u00e9s par des manifestations serbes dans le nord du Kosovo en mai de la m\u00eame ann\u00e9e, au cours desquelles plus de 90 membres de la KFOR ont \u00e9t\u00e9 bless\u00e9s, dont plusieurs gri\u00e8vement, lors d\u2019affrontements avec des manifestants. Les violences ont \u00e9clat\u00e9 apr\u00e8s l\u2019opposition des Serbes locaux \u00e0 l\u2019entr\u00e9e de maires albanais \u00e9lus dans les b\u00e2timents municipaux de Zve\u010dan, <span class=\"hover:entity-accent entity-underline inline cursor-pointer align-baseline\"><span class=\"whitespace-normal\">Leposavi\u0107<\/span><\/span> et <span class=\"hover:entity-accent entity-underline inline cursor-pointer align-baseline\"><span class=\"whitespace-normal\">Zubin Potok<\/span><\/span>, \u00e0 la suite d\u2019\u00e9lections locales boycott\u00e9es par les Serbes.<\/p>\n<p data-start=\"2507\" data-end=\"2691\">Des dizaines de personnes ont \u00e9t\u00e9 arr\u00eat\u00e9es et certaines condamn\u00e9es dans cette affaire, tandis que l\u2019OTAN a demand\u00e9 que tous les responsables r\u00e9pondent de leurs actes devant la justice.<\/p>\n","protected":false},"excerpt":{"rendered":"<p>Le secr\u00e9taire g\u00e9n\u00e9ral de l\u2019OTAN, Mark Rutte, a demand\u00e9 aux autorit\u00e9s de Belgrade d\u2019assumer leurs responsabilit\u00e9s concernant les incidents survenus au Kosovo, notamment l\u2019attaque de Banjska et les agressions contre les forces de la KFOR lors des tensions du printemps 2023. &#8221; J\u2019entretiens une relation personnelle avec le pr\u00e9sident de la Serbie, Aleksandar Vu\u010di\u0107, qui [&hellip;]<\/p>\n","protected":false},"author":6,"featured_media":776920,"comment_status":"closed","ping_status":"closed","sticky":false,"template":"","format":"standard","meta":{"footnotes":""},"categories":[33083,23271,1160,3949,23277,23270,24620,24634,1159],"tags":[],"vendi":[],"content_country":[],"class_list":["post-895721","post","type-post","status-publish","format-standard","has-post-thumbnail","hentry","category-de-balkani-fr","category-kosovo","category-actuel","category-kosova-fr","category-news-fr","category-at-balkani-fr","category-kosova-fr-2","category-nouvelles-fr-3","category-ch-balkans"],"acf":[],"_links":{"self":[{"href":"https:\/\/www.albinfo.ch\/fr\/wp-json\/wp\/v2\/posts\/895721","targetHints":{"allow":["GET"]}}],"collection":[{"href":"https:\/\/www.albinfo.ch\/fr\/wp-json\/wp\/v2\/posts"}],"about":[{"href":"https:\/\/www.albinfo.ch\/fr\/wp-json\/wp\/v2\/types\/post"}],"author":[{"embeddable":true,"href":"https:\/\/www.albinfo.ch\/fr\/wp-json\/wp\/v2\/users\/6"}],"replies":[{"embeddable":true,"href":"https:\/\/www.albinfo.ch\/fr\/wp-json\/wp\/v2\/comments?post=895721"}],"version-history":[{"count":1,"href":"https:\/\/www.albinfo.ch\/fr\/wp-json\/wp\/v2\/posts\/895721\/revisions"}],"predecessor-version":[{"id":895722,"href":"https:\/\/www.albinfo.ch\/fr\/wp-json\/wp\/v2\/posts\/895721\/revisions\/895722"}],"wp:featuredmedia":[{"embeddable":true,"href":"https:\/\/www.albinfo.ch\/fr\/wp-json\/wp\/v2\/media\/776920"}],"wp:attachment":[{"href":"https:\/\/www.albinfo.ch\/fr\/wp-json\/wp\/v2\/media?parent=895721"}],"wp:term":[{"taxonomy":"category","embeddable":true,"href":"https:\/\/www.albinfo.ch\/fr\/wp-json\/wp\/v2\/categories?post=895721"},{"taxonomy":"post_tag","embeddable":true,"href":"https:\/\/www.albinfo.ch\/fr\/wp-json\/wp\/v2\/tags?post=895721"},{"taxonomy":"vendi","embeddable":true,"href":"https:\/\/www.albinfo.ch\/fr\/wp-json\/wp\/v2\/vendi?post=895721"},{"taxonomy":"content_country","embeddable":true,"href":"https:\/\/www.albinfo.ch\/fr\/wp-json\/wp\/v2\/content_country?post=895721"}],"curies":[{"name":"wp","href":"https:\/\/api.w.org\/{rel}","templated":true}]}}