{"id":896036,"date":"2026-01-27T15:00:01","date_gmt":"2026-01-27T14:00:01","guid":{"rendered":"https:\/\/www.albinfo.ch\/?p=896036"},"modified":"2026-01-27T23:01:41","modified_gmt":"2026-01-27T22:01:41","slug":"kosovo-un-jeune-etat-mais-avec-de-grandes-solutions","status":"publish","type":"post","link":"https:\/\/www.albinfo.ch\/fr\/kosovo-un-jeune-etat-mais-avec-de-grandes-solutions\/","title":{"rendered":"Kosovo, un jeune \u00c9tat, mais avec de grandes solutions"},"content":{"rendered":"<p data-start=\"14\" data-end=\"258\">La participation du <span class=\"hover:entity-accent entity-underline inline cursor-pointer align-baseline\"><span class=\"whitespace-normal\">Kosovo<\/span><\/span> au <span class=\"hover:entity-accent entity-underline inline cursor-pointer align-baseline\"><span class=\"whitespace-normal\">World Economic Forum<\/span><\/span> \u00e0 travers la plateforme <span class=\"hover:entity-accent entity-underline inline cursor-pointer align-baseline\"><span class=\"whitespace-normal\">House of Kosova<\/span><\/span> prend de plus en plus la forme d\u2019une diplomatie \u00e9conomique et technologique active.<\/p>\n<p data-start=\"260\" data-end=\"668\">Lors du panel &#8221; Comment l\u2019Europe rivalise dans la course \u00e0 l\u2019intelligence artificielle par la sp\u00e9cialisation &#8220;, le Kosovo ne s\u2019est pas pr\u00e9sent\u00e9 comme un simple participant symbolique, mais comme un pays proposant des solutions concr\u00e8tes \u00e0 des d\u00e9fis mondiaux tels que la crise du logement, l\u2019urbanisation intelligente et la transformation de l\u2019industrie de la construction gr\u00e2ce \u00e0 l\u2019intelligence artificielle.<\/p>\n<p data-start=\"670\" data-end=\"1049\">La contribution du Kosovo a \u00e9t\u00e9 port\u00e9e par deux repr\u00e9sentants du secteur priv\u00e9, Mentor Pllana, CEO d\u2019Instabuilt, et Ertion Axha, COO de Lika Holding AG, qui ont pr\u00e9sent\u00e9 \u00e0 <span class=\"hover:entity-accent entity-underline inline cursor-pointer align-baseline\"><span class=\"whitespace-normal\">Davos<\/span><\/span> une exp\u00e9rience pratique d\u00e9velopp\u00e9e au fil des ann\u00e9es sur les march\u00e9s europ\u00e9ens et am\u00e9ricains, en reliant la technologie aux besoins r\u00e9els de l\u2019\u00e9conomie et de la soci\u00e9t\u00e9.<\/p>\n<p><a href=\"https:\/\/www.albinfo.ch\/wp-content\/uploads\/2026\/01\/mentor-pllnana.jpg\"><img loading=\"lazy\" decoding=\"async\" class=\"alignnone wp-image-895818\" src=\"https:\/\/www.albinfo.ch\/wp-content\/uploads\/2026\/01\/mentor-pllnana-819x1024.jpg\" alt=\"\" width=\"560\" height=\"700\" srcset=\"https:\/\/www.albinfo.ch\/wp-content\/uploads\/2026\/01\/mentor-pllnana-819x1024.jpg 819w, https:\/\/www.albinfo.ch\/wp-content\/uploads\/2026\/01\/mentor-pllnana-240x300.jpg 240w, https:\/\/www.albinfo.ch\/wp-content\/uploads\/2026\/01\/mentor-pllnana-768x960.jpg 768w, https:\/\/www.albinfo.ch\/wp-content\/uploads\/2026\/01\/mentor-pllnana-1229x1536.jpg 1229w, https:\/\/www.albinfo.ch\/wp-content\/uploads\/2026\/01\/mentor-pllnana-317x396.jpg 317w, https:\/\/www.albinfo.ch\/wp-content\/uploads\/2026\/01\/mentor-pllnana-80x100.jpg 80w, https:\/\/www.albinfo.ch\/wp-content\/uploads\/2026\/01\/mentor-pllnana-140x175.jpg 140w, https:\/\/www.albinfo.ch\/wp-content\/uploads\/2026\/01\/mentor-pllnana.jpg 1638w\" sizes=\"auto, (max-width: 560px) 100vw, 560px\" \/><\/a><\/p>\n<p data-start=\"14\" data-end=\"410\">Mentor Pllana a construit son intervention sur l\u2019exp\u00e9rience concr\u00e8te de son entreprise dans la certification de mod\u00e8les de construction selon des standards internationaux. Il a soulign\u00e9 que l\u2019intelligence artificielle doit \u00eatre plac\u00e9e au c\u0153ur du design, de l\u2019ing\u00e9nierie et des processus de certification afin d\u2019acc\u00e9l\u00e9rer la construction et de garantir une qualit\u00e9 uniforme sur diff\u00e9rents march\u00e9s.<\/p>\n<p data-start=\"412\" data-end=\"792\">&#8221; Nous disposons d\u2019un plan de maison certifi\u00e9 selon les codes de l\u2019<span class=\"hover:entity-accent entity-underline inline cursor-pointer align-baseline\"><span class=\"whitespace-normal\">International Code Council<\/span><\/span> pour la s\u00e9curit\u00e9 au Texas. Cela signifie qu\u2019avec un seul et m\u00eame mod\u00e8le, nous pouvons construire dans pr\u00e8s de 80 \u00c9tats des \u00c9tats Unis, avec une certification, une ing\u00e9nierie et un design conformes aux normes internationales &#8220;, a d\u00e9clar\u00e9 <span class=\"hover:entity-accent entity-underline inline cursor-pointer align-baseline\"><span class=\"whitespace-normal\">Mentor Pllana<\/span><\/span>.<\/p>\n<p data-start=\"794\" data-end=\"996\">Il a ajout\u00e9 que l\u2019Europe et l\u2019Am\u00e9rique s\u2019orientent vers l\u2019industrialisation de la construction, en passant des chantiers traditionnels \u00e0 des usines automatis\u00e9es et \u00e0 des lignes de production robotis\u00e9es.<\/p>\n<p data-start=\"998\" data-end=\"1265\">&#8221; La construction off site est l\u2019avenir. Aujourd\u2019hui, il existe des lignes robotis\u00e9es capables de produire des panneaux en quelques minutes. Ce processus n\u2019est plus uniquement un travail humain, mais un effort commun entre femmes, hommes et robots &#8220;, a t il soulign\u00e9.<\/p>\n<p data-start=\"1267\" data-end=\"1426\">Dans son intervention, Pllana a \u00e9galement mis l\u2019accent sur l\u2019accessibilit\u00e9 au logement, l\u2019un des plus grands d\u00e9fis sociaux et \u00e9conomiques \u00e0 l\u2019\u00e9chelle mondiale.<\/p>\n<p data-start=\"1428\" data-end=\"1887\">&#8221; La crise du logement n\u2019est pas seulement un probl\u00e8me du Kosovo ou de l\u2019Europe. C\u2019est un probl\u00e8me mondial. Et l\u2019accessibilit\u00e9 financi\u00e8re est le d\u00e9fi principal. Nous devons changer notre mani\u00e8re de concevoir et de construire, passer de maisons qui co\u00fbtent 500 euros par an en chauffage ou en refroidissement \u00e0 des maisons qui en co\u00fbtent 100. C\u2019est seulement ainsi que le logement devient abordable, accessible et r\u00e9alisable \u00e0 grande \u00e9chelle &#8220;, a t il d\u00e9clar\u00e9.<\/p>\n<p data-start=\"1889\" data-end=\"2086\">Se r\u00e9f\u00e9rant aux d\u00e9veloppements concrets au Kosovo, Pllana a soulign\u00e9 que son entreprise ne vise pas uniquement la construction de logements, mais la cr\u00e9ation d\u2019un v\u00e9ritable \u00e9cosyst\u00e8me d\u2019innovation.<\/p>\n<p data-start=\"2088\" data-end=\"2451\">&#8221; Nous ne sommes pas les plus grands constructeurs du Kosovo, mais nous ambitionnons d\u2019\u00eatre parmi les plus qualitatifs. Actuellement, nous construisons deux tours r\u00e9sidentielles et, en parall\u00e8le, nous mettons en place un Innovation Hub, qui int\u00e9grera toute la cha\u00eene de valeur: certification, approvisionnement, distribution et acc\u00e8s au march\u00e9 &#8220;, a t il expliqu\u00e9.<\/p>\n<p data-start=\"2453\" data-end=\"2624\">Selon lui, ce mod\u00e8le ouvre de nouvelles perspectives pour les producteurs kosovars et pour l\u2019exportation de produits de construction vers de grands march\u00e9s internationaux.<\/p>\n<p data-start=\"2626\" data-end=\"2879\">&#8221; Si un fabricant de fen\u00eatres au Kosovo produit pour une maison conforme \u00e0 100 pour cent aux codes du Texas, alors ce produit peut \u00eatre vendu sur l\u2019ensemble du march\u00e9 texan. Nous parlons de l\u2019une des plus grandes \u00e9conomies du monde &#8220;, a soulign\u00e9 Pllana.<\/p>\n<p data-start=\"2881\" data-end=\"3208\">La dimension financi\u00e8re et institutionnelle de cette transformation a \u00e9t\u00e9 mise en avant par <span class=\"hover:entity-accent entity-underline inline cursor-pointer align-baseline\"><span class=\"whitespace-normal\">Ertion Axha<\/span><\/span>, COO de <span class=\"hover:entity-accent entity-underline inline cursor-pointer align-baseline\"><span class=\"whitespace-normal\">Lika Holding AG<\/span><\/span>, qui a insist\u00e9 sur le fait que l\u2019intelligence artificielle n\u2019a pas de valeur sans la confiance des march\u00e9s financiers et sans transparence des donn\u00e9es.<\/p>\n<p data-start=\"3210\" data-end=\"3478\">&#8221; L\u2019intelligence artificielle n\u2019est pas seulement un outil technologique, mais un nouveau langage de communication entre d\u00e9veloppeurs, institutions et investisseurs. Sans donn\u00e9es structur\u00e9es et sans standards communs, il ne peut y avoir de confiance &#8220;, a d\u00e9clar\u00e9 Axha.<\/p>\n<p data-start=\"3480\" data-end=\"3634\">Il a soulign\u00e9 que l\u2019un des plus grands d\u00e9fis en Europe reste la planification urbaine et la r\u00e9partition r\u00e9elle de la construction l\u00e0 o\u00f9 la demande existe.<\/p>\n<p data-start=\"3636\" data-end=\"3862\">&#8221; Nous ne manquons pas de b\u00e2timents, mais de construction l\u00e0 o\u00f9 il y a r\u00e9ellement besoin. C\u2019est ici que l\u2019intelligence artificielle peut aider \u00e0 pr\u00e9voir les flux de population et les besoins r\u00e9els en logement &#8220;, a t il ajout\u00e9.<\/p>\n<p data-start=\"3864\" data-end=\"4024\">Selon lui, les longs processus de planification urbaine et d\u2019octroi de permis de construire ont un impact direct sur l\u2019augmentation des co\u00fbts pour les citoyens.<\/p>\n<p data-start=\"4026\" data-end=\"4296\">&#8216; Lorsqu\u2019un projet est retard\u00e9 par des proc\u00e9dures administratives, il devient automatiquement plus cher pour le citoyen. Acc\u00e9l\u00e9rer ces processus gr\u00e2ce \u00e0 des syst\u00e8mes num\u00e9riques est une question d\u2019accessibilit\u00e9 sociale, et pas seulement de technologie &#8220;, a t il soulign\u00e9.<\/p>\n<p data-start=\"4298\" data-end=\"4418\">Axha a ajout\u00e9 que les banques et les fonds d\u2019investissement recherchent des mod\u00e8les \u00e9prouv\u00e9s et une transparence totale.<\/p>\n<p data-start=\"4420\" data-end=\"4647\">&#8221; Les banques et les fonds d\u2019investissement ne financent pas des id\u00e9es, mais des mod\u00e8les test\u00e9s. L\u2019intelligence artificielle nous aide \u00e0 documenter le succ\u00e8s, \u00e0 mesurer le risque et \u00e0 cr\u00e9er de la transparence &#8220;, a t il d\u00e9clar\u00e9.<\/p>\n<p data-start=\"4649\" data-end=\"4784\">Il a conclu en insistant sur la n\u00e9cessit\u00e9 d\u2019une coordination entre le secteur public, le secteur priv\u00e9 et les institutions financi\u00e8res.<\/p>\n<p data-start=\"4786\" data-end=\"5059\">&#8221; La construction intelligente n\u00e9cessite non seulement de la technologie, mais aussi une coordination entre la planification centrale, le secteur priv\u00e9 et les institutions financi\u00e8res. C\u2019est ainsi que l\u2019on cr\u00e9e un march\u00e9 durable pour le logement de demain &#8220;, a conclu Axha.<\/p>\n<p data-start=\"5061\" data-end=\"5384\">La participation du Kosovo \u00e0 ce panel a \u00e9t\u00e9 interpr\u00e9t\u00e9e comme un changement clair dans la mani\u00e8re dont le pays se positionne sur la sc\u00e8ne internationale, passant de la simple pr\u00e9sentation de potentiel \u00e0 l\u2019offre de solutions concr\u00e8tes pour des d\u00e9fis mondiaux tels que le logement, l\u2019urbanisation et le d\u00e9veloppement durable.<\/p>\n<p data-start=\"5386\" data-end=\"5683\">\u00c0 <span class=\"hover:entity-accent entity-underline inline cursor-pointer align-baseline\"><span class=\"whitespace-normal\">Davos<\/span><\/span>, le Kosovo s\u2019est pr\u00e9sent\u00e9 comme un partenaire porteur d\u2019id\u00e9es, de mod\u00e8les pratiques et d\u2019une exp\u00e9rience r\u00e9elle, d\u00e9montrant que l\u2019intelligence artificielle et la construction industrielle peuvent devenir des instruments de d\u00e9veloppement \u00e9conomique et social.<\/p>\n<p data-start=\"5685\" data-end=\"5827\">&#8221; Nous sommes un jeune \u00c9tat, mais avec de grandes solutions. Les probl\u00e8mes mondiaux exigent des solutions mondiales &#8220;, a conclu Mentor Pllana.<\/p>\n<p><iframe loading=\"lazy\" style=\"border: none; overflow: hidden;\" src=\"https:\/\/www.facebook.com\/plugins\/post.php?href=https%3A%2F%2Fwww.facebook.com%2Fpermalink.php%3Fstory_fbid%3Dpfbid02CdkXJDmt1RicHNT4oX5MLKeJAcscv828LrGeKxkuc9VbgDReJGc62sfBmXUCqiFKl%26id%3D61569521087454&amp;show_text=true&amp;width=500\" width=\"500\" height=\"639\" frameborder=\"0\" scrolling=\"no\" allowfullscreen=\"allowfullscreen\" data-mce-fragment=\"1\"><\/iframe><\/p>\n<p data-start=\"14\" data-end=\"349\">Ces sujets, ainsi que d\u2019autres questions li\u00e9es \u00e0 l\u2019intelligence artificielle, ont \u00e9t\u00e9 abord\u00e9s dans le cadre de la plateforme <span class=\"hover:entity-accent entity-underline inline cursor-pointer align-baseline\"><span class=\"whitespace-normal\">House of Kosova<\/span><\/span> lors du <span class=\"hover:entity-accent entity-underline inline cursor-pointer align-baseline\"><span class=\"whitespace-normal\">World Economic Forum<\/span><\/span>, \u00e0 travers le panel intitul\u00e9 &#8221; Comment l\u2019Europe rivalise dans la course \u00e0 l\u2019intelligence artificielle par la sp\u00e9cialisation &#8220;.<\/p>\n<p data-start=\"351\" data-end=\"861\">Le panel a \u00e9t\u00e9 mod\u00e9r\u00e9 par Taria Stephens, CEO et co fondatrice d\u2019Infiqe, et a r\u00e9uni des experts internationaux des domaines de la technologie, de la construction et de la planification urbaine: Sandy Kurth, CEO de Forma Systems et doctorante MIT en Design and Computation, Dimitri Papalexopoulos, pr\u00e9sident du groupe TITAN, Alice Charles, experte mondiale en planification urbaine durable, r\u00e9g\u00e9n\u00e9ration urbaine et design des villes, Mentor Plana, CEO d\u2019Instabuilt, ainsi qu\u2019Ertion Axha, COO de Lika Holding AG.<\/p>\n<p><iframe loading=\"lazy\" style=\"border: none; overflow: hidden;\" src=\"https:\/\/www.facebook.com\/plugins\/video.php?height=316&amp;href=https%3A%2F%2Fwww.facebook.com%2Freel%2F4470641869889321%2F&amp;show_text=false&amp;width=560&amp;t=0\" width=\"560\" height=\"316\" frameborder=\"0\" scrolling=\"no\" allowfullscreen=\"allowfullscreen\" data-mce-fragment=\"1\"><\/iframe><\/p>\n<p data-start=\"14\" data-end=\"388\"><span class=\"hover:entity-accent entity-underline inline cursor-pointer align-baseline\"><span class=\"whitespace-normal\">House of Kosova<\/span><\/span> \u00e0 <span class=\"hover:entity-accent entity-underline inline cursor-pointer align-baseline\"><span class=\"whitespace-normal\">Davos<\/span><\/span> se consolide de plus en plus comme une plateforme diplomatique et \u00e9conomique, o\u00f9 le <span class=\"hover:entity-accent entity-underline inline cursor-pointer align-baseline\"><span class=\"whitespace-normal\">Kosovo<\/span><\/span> ne se contente pas de se pr\u00e9senter, mais contribue activement au dialogue mondial sur l\u2019avenir de la technologie, de la construction intelligente et du d\u00e9veloppement durable.<\/p>\n<p data-start=\"390\" data-end=\"421\">Pour albinfo.ch Luljeta Ademi<\/p>\n<p>&nbsp;<\/p>\n","protected":false},"excerpt":{"rendered":"<p>La participation du Kosovo au World Economic Forum \u00e0 travers la plateforme House of Kosova prend de plus en plus la forme d\u2019une diplomatie \u00e9conomique et technologique active. Lors du panel &#8221; Comment l\u2019Europe rivalise dans la course \u00e0 l\u2019intelligence artificielle par la sp\u00e9cialisation &#8220;, le Kosovo ne s\u2019est pas pr\u00e9sent\u00e9 comme un simple participant [&hellip;]<\/p>\n","protected":false},"author":6,"featured_media":895822,"comment_status":"closed","ping_status":"closed","sticky":false,"template":"","format":"standard","meta":{"footnotes":""},"categories":[33083,3980,23271,24637,1160,3949,23277,8183,19748,23270,24620,24634,1159,1163],"tags":[],"vendi":[],"content_country":[],"class_list":["post-896036","post","type-post","status-publish","format-standard","has-post-thumbnail","hentry","category-de-balkani-fr","category-portrait-des-entreprises","category-kosovo","category-nouvelles-fr-4","category-actuel","category-kosova-fr","category-news-fr","category-finances-fr","category-economie","category-at-balkani-fr","category-kosova-fr-2","category-nouvelles-fr-3","category-ch-balkans","category-fr-e-diaspora"],"acf":[],"_links":{"self":[{"href":"https:\/\/www.albinfo.ch\/fr\/wp-json\/wp\/v2\/posts\/896036","targetHints":{"allow":["GET"]}}],"collection":[{"href":"https:\/\/www.albinfo.ch\/fr\/wp-json\/wp\/v2\/posts"}],"about":[{"href":"https:\/\/www.albinfo.ch\/fr\/wp-json\/wp\/v2\/types\/post"}],"author":[{"embeddable":true,"href":"https:\/\/www.albinfo.ch\/fr\/wp-json\/wp\/v2\/users\/6"}],"replies":[{"embeddable":true,"href":"https:\/\/www.albinfo.ch\/fr\/wp-json\/wp\/v2\/comments?post=896036"}],"version-history":[{"count":1,"href":"https:\/\/www.albinfo.ch\/fr\/wp-json\/wp\/v2\/posts\/896036\/revisions"}],"predecessor-version":[{"id":896042,"href":"https:\/\/www.albinfo.ch\/fr\/wp-json\/wp\/v2\/posts\/896036\/revisions\/896042"}],"wp:featuredmedia":[{"embeddable":true,"href":"https:\/\/www.albinfo.ch\/fr\/wp-json\/wp\/v2\/media\/895822"}],"wp:attachment":[{"href":"https:\/\/www.albinfo.ch\/fr\/wp-json\/wp\/v2\/media?parent=896036"}],"wp:term":[{"taxonomy":"category","embeddable":true,"href":"https:\/\/www.albinfo.ch\/fr\/wp-json\/wp\/v2\/categories?post=896036"},{"taxonomy":"post_tag","embeddable":true,"href":"https:\/\/www.albinfo.ch\/fr\/wp-json\/wp\/v2\/tags?post=896036"},{"taxonomy":"vendi","embeddable":true,"href":"https:\/\/www.albinfo.ch\/fr\/wp-json\/wp\/v2\/vendi?post=896036"},{"taxonomy":"content_country","embeddable":true,"href":"https:\/\/www.albinfo.ch\/fr\/wp-json\/wp\/v2\/content_country?post=896036"}],"curies":[{"name":"wp","href":"https:\/\/api.w.org\/{rel}","templated":true}]}}