{"id":897254,"date":"2026-02-01T23:06:58","date_gmt":"2026-02-01T22:06:58","guid":{"rendered":"https:\/\/www.albinfo.ch\/?p=897254"},"modified":"2026-02-01T23:44:46","modified_gmt":"2026-02-01T22:44:46","slug":"lalbanie-participe-pour-la-premiere-fois-aux-jeux-olympiques-dhiver-de-milano-cortina-2026","status":"publish","type":"post","link":"https:\/\/www.albinfo.ch\/fr\/lalbanie-participe-pour-la-premiere-fois-aux-jeux-olympiques-dhiver-de-milano-cortina-2026\/","title":{"rendered":"L\u2019Albanie participe pour la premi\u00e8re fois aux Jeux olympiques d\u2019hiver de Milano Cortina 2026"},"content":{"rendered":"<p data-start=\"0\" data-end=\"307\">L\u2019Albanie sera repr\u00e9sent\u00e9e pour la premi\u00e8re fois de son histoire aux Jeux olympiques d\u2019hiver de Milano Cortina 2026, marquant un moment important pour le sport national. Quatre athl\u00e8tes albanais participeront \u00e0 cet \u00e9v\u00e9nement majeur: Laura Colturi, Denni Xhepa, Semire Dauti et Lisa Brunga.<\/p>\n<p data-start=\"309\" data-end=\"532\">Une attention particuli\u00e8re est accord\u00e9e \u00e0 Lisa Brunga, n\u00e9e et \u00e9lev\u00e9e au Canada, qui gr\u00e2ce \u00e0 ses r\u00e9sultats et \u00e0 ses performances sur la sc\u00e8ne internationale a contribu\u00e9 \u00e0 placer l\u2019Albanie sur la carte du ski d\u2019\u00e9lite mondial.<\/p>\n<p data-start=\"534\" data-end=\"869\">Avant leur d\u00e9part pour Cortina, les sportifs albanais ont \u00e9t\u00e9 re\u00e7us par le pr\u00e9sident de la R\u00e9publique, Bajram Begaj, qui leur a souhait\u00e9 beaucoup de succ\u00e8s et a soulign\u00e9 l\u2019importance de cette repr\u00e9sentation comme une \u00e9tape significative pour le d\u00e9veloppement des sports d\u2019hiver et la promotion de l\u2019Albanie sur la sc\u00e8ne internationale.<\/p>\n<p><a href=\"https:\/\/www.albinfo.ch\/wp-content\/uploads\/2026\/02\/screenshot_20260201_223924_facebook.jpg\"><img loading=\"lazy\" decoding=\"async\" class=\"alignnone size-large wp-image-897234\" src=\"https:\/\/www.albinfo.ch\/wp-content\/uploads\/2026\/02\/screenshot_20260201_223924_facebook-1024x675.jpg\" alt=\"\" width=\"640\" height=\"422\" srcset=\"https:\/\/www.albinfo.ch\/wp-content\/uploads\/2026\/02\/screenshot_20260201_223924_facebook-1024x675.jpg 1024w, https:\/\/www.albinfo.ch\/wp-content\/uploads\/2026\/02\/screenshot_20260201_223924_facebook-300x198.jpg 300w, https:\/\/www.albinfo.ch\/wp-content\/uploads\/2026\/02\/screenshot_20260201_223924_facebook-768x506.jpg 768w, https:\/\/www.albinfo.ch\/wp-content\/uploads\/2026\/02\/screenshot_20260201_223924_facebook-87x56.jpg 87w, https:\/\/www.albinfo.ch\/wp-content\/uploads\/2026\/02\/screenshot_20260201_223924_facebook-587x387.jpg 587w, https:\/\/www.albinfo.ch\/wp-content\/uploads\/2026\/02\/screenshot_20260201_223924_facebook-152x100.jpg 152w, https:\/\/www.albinfo.ch\/wp-content\/uploads\/2026\/02\/screenshot_20260201_223924_facebook-265x175.jpg 265w, https:\/\/www.albinfo.ch\/wp-content\/uploads\/2026\/02\/screenshot_20260201_223924_facebook.jpg 1080w\" sizes=\"auto, (max-width: 640px) 100vw, 640px\" \/><\/a><\/p>\n<p data-start=\"0\" data-end=\"414\">La participation \u00e0 Milano Cortina 2026 est consid\u00e9r\u00e9e comme un tournant pour les sports d\u2019hiver albanais, qui sont pass\u00e9s d\u2019une aspiration de longue date \u00e0 un programme national dot\u00e9 de standards europ\u00e9ens, de professionnalisme et d\u2019ambitions olympiques \u00e0 long terme. Ce succ\u00e8s est le r\u00e9sultat de l\u2019engagement des athl\u00e8tes et des entra\u00eeneurs, ainsi que du soutien institutionnel accord\u00e9 au sport.<\/p>\n<p data-start=\"416\" data-end=\"606\">L\u2019Albanie ouvre ainsi un nouveau chapitre de son histoire sportive, en franchissant une \u00e9tape importante vers la consolidation et le d\u00e9veloppement des sports d\u2019hiver au niveau international.<\/p>\n","protected":false},"excerpt":{"rendered":"<p>L\u2019Albanie sera repr\u00e9sent\u00e9e pour la premi\u00e8re fois de son histoire aux Jeux olympiques d\u2019hiver de Milano Cortina 2026, marquant un moment important pour le sport national. Quatre athl\u00e8tes albanais participeront \u00e0 cet \u00e9v\u00e9nement majeur: Laura Colturi, Denni Xhepa, Semire Dauti et Lisa Brunga. Une attention particuli\u00e8re est accord\u00e9e \u00e0 Lisa Brunga, n\u00e9e et \u00e9lev\u00e9e au [&hellip;]<\/p>\n","protected":false},"author":6,"featured_media":897238,"comment_status":"closed","ping_status":"closed","sticky":false,"template":"","format":"standard","meta":{"footnotes":""},"categories":[33083,34909,23272,24643,3943,23277,23270,24623,24634,1159,1169],"tags":[],"vendi":[],"content_country":[],"class_list":["post-897254","post","type-post","status-publish","format-standard","has-post-thumbnail","hentry","category-de-balkani-fr","category-autres-fr-4","category-albanie","category-autres-fr-3","category-shqiperia-fr","category-news-fr","category-at-balkani-fr","category-albanie-fr","category-nouvelles-fr-3","category-ch-balkans","category-sport-fr"],"acf":[],"_links":{"self":[{"href":"https:\/\/www.albinfo.ch\/fr\/wp-json\/wp\/v2\/posts\/897254","targetHints":{"allow":["GET"]}}],"collection":[{"href":"https:\/\/www.albinfo.ch\/fr\/wp-json\/wp\/v2\/posts"}],"about":[{"href":"https:\/\/www.albinfo.ch\/fr\/wp-json\/wp\/v2\/types\/post"}],"author":[{"embeddable":true,"href":"https:\/\/www.albinfo.ch\/fr\/wp-json\/wp\/v2\/users\/6"}],"replies":[{"embeddable":true,"href":"https:\/\/www.albinfo.ch\/fr\/wp-json\/wp\/v2\/comments?post=897254"}],"version-history":[{"count":1,"href":"https:\/\/www.albinfo.ch\/fr\/wp-json\/wp\/v2\/posts\/897254\/revisions"}],"predecessor-version":[{"id":897261,"href":"https:\/\/www.albinfo.ch\/fr\/wp-json\/wp\/v2\/posts\/897254\/revisions\/897261"}],"wp:featuredmedia":[{"embeddable":true,"href":"https:\/\/www.albinfo.ch\/fr\/wp-json\/wp\/v2\/media\/897238"}],"wp:attachment":[{"href":"https:\/\/www.albinfo.ch\/fr\/wp-json\/wp\/v2\/media?parent=897254"}],"wp:term":[{"taxonomy":"category","embeddable":true,"href":"https:\/\/www.albinfo.ch\/fr\/wp-json\/wp\/v2\/categories?post=897254"},{"taxonomy":"post_tag","embeddable":true,"href":"https:\/\/www.albinfo.ch\/fr\/wp-json\/wp\/v2\/tags?post=897254"},{"taxonomy":"vendi","embeddable":true,"href":"https:\/\/www.albinfo.ch\/fr\/wp-json\/wp\/v2\/vendi?post=897254"},{"taxonomy":"content_country","embeddable":true,"href":"https:\/\/www.albinfo.ch\/fr\/wp-json\/wp\/v2\/content_country?post=897254"}],"curies":[{"name":"wp","href":"https:\/\/api.w.org\/{rel}","templated":true}]}}