{"id":906038,"date":"2026-03-06T11:11:50","date_gmt":"2026-03-06T10:11:50","guid":{"rendered":"https:\/\/www.albinfo.ch\/?p=906038"},"modified":"2026-03-06T15:56:05","modified_gmt":"2026-03-06T14:56:05","slug":"a-berlin-lepopee-de-larmee-de-liberation-du-kosovo-est-commemoree-par-un-concert-festif-pour-la-diaspora","status":"publish","type":"post","link":"https:\/\/www.albinfo.ch\/fr\/a-berlin-lepopee-de-larmee-de-liberation-du-kosovo-est-commemoree-par-un-concert-festif-pour-la-diaspora\/","title":{"rendered":"\u00c0 Berlin, l\u2019\u00c9pop\u00e9e de l\u2019Arm\u00e9e de lib\u00e9ration du Kosovo est comm\u00e9mor\u00e9e par un concert festif pour la diaspora"},"content":{"rendered":"<p data-start=\"19\" data-end=\"239\">L\u2019Ambassade de la R\u00e9publique du Kosovo \u00e0 Berlin a organis\u00e9 un concert festif pour la diaspora albanaise en Allemagne, mettant au centre la comm\u00e9moration de l\u2019\u00c9pop\u00e9e de l\u2019Arm\u00e9e de lib\u00e9ration du Kosovo, \u00e9crit albinfo.ch.<\/p>\n<p data-start=\"241\" data-end=\"521\">La soir\u00e9e a \u00e9t\u00e9 organis\u00e9e dans le cadre de la c\u00e9l\u00e9bration du 18e anniversaire de l\u2019ind\u00e9pendance du Kosovo et du 28e anniversaire de l\u2019\u00c9pop\u00e9e de l\u2019Arm\u00e9e de lib\u00e9ration du Kosovo, r\u00e9unissant compatriotes, amis du Kosovo et amateurs de musique albanaise dans une atmosph\u00e8re festive.<\/p>\n<p data-start=\"523\" data-end=\"841\">\u00c0 travers la musique et l\u2019interpr\u00e9tation de chants patriotiques, les sacrifices et le parcours du peuple albanais vers la libert\u00e9 et la construction de l\u2019\u00c9tat ont \u00e9t\u00e9 rappel\u00e9s. Lors de cette soir\u00e9e, le groupe musical NRG Band a \u00e9galement perform\u00e9, contribuant \u00e0 cr\u00e9er une ambiance particuli\u00e8re pour les participants.<\/p>\n<p data-start=\"843\" data-end=\"1036\">L\u2019Ambassade du Kosovo \u00e0 Berlin a remerci\u00e9 tous les participants et les artistes pour leur contribution \u00e0 cet \u00e9v\u00e9nement comm\u00e9moratif d\u00e9di\u00e9 \u00e0 l\u2019histoire et au sacrifice pour la libert\u00e9 du pays.\/Albinfo.ch<\/p>\n","protected":false},"excerpt":{"rendered":"<p>N\u00eb Berlin sh\u00ebnohet Epopeja e U\u00c7K-s\u00eb me nj\u00eb mbr\u00ebmje festive p\u00ebr diaspor\u00ebn<\/p>\n","protected":false},"author":6,"featured_media":905996,"comment_status":"closed","ping_status":"closed","sticky":false,"template":"","format":"standard","meta":{"footnotes":""},"categories":[24637,24630,1163,1168],"tags":[],"vendi":[],"content_country":[],"class_list":["post-906038","post","type-post","status-publish","format-standard","has-post-thumbnail","hentry","category-nouvelles-fr-4","category-nouvelles","category-fr-e-diaspora","category-culture"],"acf":[],"_links":{"self":[{"href":"https:\/\/www.albinfo.ch\/fr\/wp-json\/wp\/v2\/posts\/906038","targetHints":{"allow":["GET"]}}],"collection":[{"href":"https:\/\/www.albinfo.ch\/fr\/wp-json\/wp\/v2\/posts"}],"about":[{"href":"https:\/\/www.albinfo.ch\/fr\/wp-json\/wp\/v2\/types\/post"}],"author":[{"embeddable":true,"href":"https:\/\/www.albinfo.ch\/fr\/wp-json\/wp\/v2\/users\/6"}],"replies":[{"embeddable":true,"href":"https:\/\/www.albinfo.ch\/fr\/wp-json\/wp\/v2\/comments?post=906038"}],"version-history":[{"count":1,"href":"https:\/\/www.albinfo.ch\/fr\/wp-json\/wp\/v2\/posts\/906038\/revisions"}],"predecessor-version":[{"id":906039,"href":"https:\/\/www.albinfo.ch\/fr\/wp-json\/wp\/v2\/posts\/906038\/revisions\/906039"}],"wp:featuredmedia":[{"embeddable":true,"href":"https:\/\/www.albinfo.ch\/fr\/wp-json\/wp\/v2\/media\/905996"}],"wp:attachment":[{"href":"https:\/\/www.albinfo.ch\/fr\/wp-json\/wp\/v2\/media?parent=906038"}],"wp:term":[{"taxonomy":"category","embeddable":true,"href":"https:\/\/www.albinfo.ch\/fr\/wp-json\/wp\/v2\/categories?post=906038"},{"taxonomy":"post_tag","embeddable":true,"href":"https:\/\/www.albinfo.ch\/fr\/wp-json\/wp\/v2\/tags?post=906038"},{"taxonomy":"vendi","embeddable":true,"href":"https:\/\/www.albinfo.ch\/fr\/wp-json\/wp\/v2\/vendi?post=906038"},{"taxonomy":"content_country","embeddable":true,"href":"https:\/\/www.albinfo.ch\/fr\/wp-json\/wp\/v2\/content_country?post=906038"}],"curies":[{"name":"wp","href":"https:\/\/api.w.org\/{rel}","templated":true}]}}