{"id":906088,"date":"2026-03-06T13:15:44","date_gmt":"2026-03-06T12:15:44","guid":{"rendered":"https:\/\/www.albinfo.ch\/?p=906088"},"modified":"2026-03-06T17:04:51","modified_gmt":"2026-03-06T16:04:51","slug":"ouverture-de-lecole-albanaise-7-marsi-a-calcinato-brescia","status":"publish","type":"post","link":"https:\/\/www.albinfo.ch\/fr\/ouverture-de-lecole-albanaise-7-marsi-a-calcinato-brescia\/","title":{"rendered":"Ouverture de l\u2019\u00e9cole albanaise &#8220;7 Marsi&#8221; \u00e0 Calcinato, Brescia"},"content":{"rendered":"<p data-start=\"19\" data-end=\"548\">Dans un espace mis \u00e0 disposition par les entrepreneurs <span class=\"hover:entity-accent entity-underline inline cursor-pointer align-baseline\"><span class=\"whitespace-normal\">Eduart Cekrezi<\/span><\/span> et <span class=\"hover:entity-accent entity-underline inline cursor-pointer align-baseline\"><span class=\"whitespace-normal\">Dashamir Cekrezi<\/span><\/span>, les activit\u00e9s d\u2019enseignement de l\u2019\u00e9cole albanaise &#8220;7 Marsi&#8221; ont repris \u00e0 <span class=\"hover:entity-accent entity-underline inline cursor-pointer align-baseline\"><span class=\"whitespace-normal\">Calcinato<\/span><\/span>, dans la province de <span class=\"hover:entity-accent entity-underline inline cursor-pointer align-baseline\"><span class=\"whitespace-normal\">Brescia<\/span><\/span>. Ce projet, soutenu par <span class=\"hover:entity-accent entity-underline inline cursor-pointer align-baseline\"><span class=\"whitespace-normal\">Shoqata Alba<\/span><\/span> et <span class=\"hover:entity-accent entity-underline inline cursor-pointer align-baseline\"><span class=\"whitespace-normal\">Centro Culturale ODA<\/span><\/span>, vise \u00e0 pr\u00e9server et \u00e0 cultiver la langue et l\u2019identit\u00e9 albanaises parmi les jeunes du communaut\u00e9, rapporte albinfo.ch.<\/p>\n<p data-start=\"550\" data-end=\"1053\">La c\u00e9r\u00e9monie d\u2019ouverture a d\u00e9but\u00e9 avec l\u2019inscription de 24 \u00e9l\u00e8ves, un chiffre qui refl\u00e8te la confiance des parents et l\u2019engagement du personnel enseignant \u00e0 offrir un enseignement professionnel et d\u00e9vou\u00e9. Les enseignantes <span class=\"hover:entity-accent entity-underline inline cursor-pointer align-baseline\"><span class=\"whitespace-normal\">Landa Gjoni<\/span><\/span> et <span class=\"hover:entity-accent entity-underline inline cursor-pointer align-baseline\"><span class=\"whitespace-normal\">Xhuliana Bardhi<\/span><\/span> ont \u00e9t\u00e9 salu\u00e9es pour leur travail infatigable, tandis que <span class=\"hover:entity-accent entity-underline inline cursor-pointer align-baseline\"><span class=\"whitespace-normal\">Luljeta Cobanaj<\/span><\/span> a assur\u00e9 la fourniture rapide des manuels scolaires, apport\u00e9s par <span class=\"hover:entity-accent entity-underline inline cursor-pointer align-baseline\"><span class=\"whitespace-normal\">Ardit Aliaj<\/span><\/span>.<\/p>\n<p data-start=\"1055\" data-end=\"1501\">Une contribution particuli\u00e8re a \u00e9galement \u00e9t\u00e9 apport\u00e9e par l\u2019activiste <span class=\"hover:entity-accent entity-underline inline cursor-pointer align-baseline\"><span class=\"whitespace-normal\">Petrit Aliaj<\/span><\/span>, qui a suivi et organis\u00e9 chaque \u00e9tape du projet, garantissant sa r\u00e9alisation r\u00e9ussie. La c\u00e9r\u00e9monie a aussi \u00e9t\u00e9 honor\u00e9e par la pr\u00e9sence de <span class=\"hover:entity-accent entity-underline inline cursor-pointer align-baseline\"><span class=\"whitespace-normal\">Anila Berberi<\/span><\/span>, pr\u00e9sidente de la <span class=\"hover:entity-accent entity-underline inline cursor-pointer align-baseline\"><span class=\"whitespace-normal\">Lidhja e Shkollave Shqipe n\u00eb Itali<\/span><\/span>, venue de <span class=\"hover:entity-accent entity-underline inline cursor-pointer align-baseline\"><span class=\"whitespace-normal\">Parma<\/span><\/span> pour saluer le d\u00e9but de cette ann\u00e9e acad\u00e9mique.<\/p>\n<p data-start=\"1503\" data-end=\"1704\">Ce projet vise \u00e0 renforcer le lien des jeunes g\u00e9n\u00e9rations avec la culture et la langue albanaises, en offrant un environnement \u00e9ducatif et culturel riche au c\u0153ur de la communaut\u00e9 albanaise en Italie.\/Albinfo.ch<\/p>\n","protected":false},"excerpt":{"rendered":"<p>N\u00eb kuad\u00ebr t\u00eb ruajtjes s\u00eb gjuh\u00ebs dhe identitetit shqiptar, rifillon aktiviteti m\u00ebsimor p\u00ebr komunitetin shqiptar n\u00eb Itali.<\/p>\n","protected":false},"author":6,"featured_media":906001,"comment_status":"closed","ping_status":"closed","sticky":false,"template":"","format":"standard","meta":{"footnotes":""},"categories":[24637,1166,24630,1163],"tags":[],"vendi":[],"content_country":[],"class_list":["post-906088","post","type-post","status-publish","format-standard","has-post-thumbnail","hentry","category-nouvelles-fr-4","category-langues","category-nouvelles","category-fr-e-diaspora"],"acf":[],"_links":{"self":[{"href":"https:\/\/www.albinfo.ch\/fr\/wp-json\/wp\/v2\/posts\/906088","targetHints":{"allow":["GET"]}}],"collection":[{"href":"https:\/\/www.albinfo.ch\/fr\/wp-json\/wp\/v2\/posts"}],"about":[{"href":"https:\/\/www.albinfo.ch\/fr\/wp-json\/wp\/v2\/types\/post"}],"author":[{"embeddable":true,"href":"https:\/\/www.albinfo.ch\/fr\/wp-json\/wp\/v2\/users\/6"}],"replies":[{"embeddable":true,"href":"https:\/\/www.albinfo.ch\/fr\/wp-json\/wp\/v2\/comments?post=906088"}],"version-history":[{"count":1,"href":"https:\/\/www.albinfo.ch\/fr\/wp-json\/wp\/v2\/posts\/906088\/revisions"}],"predecessor-version":[{"id":906089,"href":"https:\/\/www.albinfo.ch\/fr\/wp-json\/wp\/v2\/posts\/906088\/revisions\/906089"}],"wp:featuredmedia":[{"embeddable":true,"href":"https:\/\/www.albinfo.ch\/fr\/wp-json\/wp\/v2\/media\/906001"}],"wp:attachment":[{"href":"https:\/\/www.albinfo.ch\/fr\/wp-json\/wp\/v2\/media?parent=906088"}],"wp:term":[{"taxonomy":"category","embeddable":true,"href":"https:\/\/www.albinfo.ch\/fr\/wp-json\/wp\/v2\/categories?post=906088"},{"taxonomy":"post_tag","embeddable":true,"href":"https:\/\/www.albinfo.ch\/fr\/wp-json\/wp\/v2\/tags?post=906088"},{"taxonomy":"vendi","embeddable":true,"href":"https:\/\/www.albinfo.ch\/fr\/wp-json\/wp\/v2\/vendi?post=906088"},{"taxonomy":"content_country","embeddable":true,"href":"https:\/\/www.albinfo.ch\/fr\/wp-json\/wp\/v2\/content_country?post=906088"}],"curies":[{"name":"wp","href":"https:\/\/api.w.org\/{rel}","templated":true}]}}