{"id":906341,"date":"2026-03-07T11:13:39","date_gmt":"2026-03-07T10:13:39","guid":{"rendered":"https:\/\/www.albinfo.ch\/?p=906341"},"modified":"2026-03-07T20:38:07","modified_gmt":"2026-03-07T19:38:07","slug":"quatre-eleves-du-kosovo-se-qualifient-pour-la-finale-internationale-de-stem-a-rome","status":"publish","type":"post","link":"https:\/\/www.albinfo.ch\/fr\/quatre-eleves-du-kosovo-se-qualifient-pour-la-finale-internationale-de-stem-a-rome\/","title":{"rendered":"Quatre \u00e9l\u00e8ves du Kosovo se qualifient pour la finale internationale de STEM \u00e0 Rome"},"content":{"rendered":"<p data-start=\"19\" data-end=\"297\">Quatre \u00e9l\u00e8ves de <span class=\"hover:entity-accent entity-underline inline cursor-pointer align-baseline\"><span class=\"whitespace-normal\">Vushtrri<\/span><\/span> ont r\u00e9ussi \u00e0 se qualifier pour la phase finale de la comp\u00e9tition internationale de science et technologie <span class=\"hover:entity-accent entity-underline inline cursor-pointer align-baseline\"><span class=\"whitespace-normal\">STEM Competition<\/span><\/span>, qui se tiendra \u00e0 <span class=\"hover:entity-accent entity-underline inline cursor-pointer align-baseline\"><span class=\"whitespace-normal\">Rome<\/span><\/span>, rapporte albinfo.ch.<\/p>\n<p data-start=\"299\" data-end=\"648\">Les \u00e9l\u00e8ves qui ont obtenu ce succ\u00e8s sont <span class=\"hover:entity-accent entity-underline inline cursor-pointer align-baseline\"><span class=\"whitespace-normal\">Arnis Kasumi<\/span><\/span> de l\u2019\u00e9cole <span class=\"hover:entity-accent entity-underline inline cursor-pointer align-baseline\"><span class=\"whitespace-normal\">SHFMU Migjeni<\/span><\/span>, <span class=\"hover:entity-accent entity-underline inline cursor-pointer align-baseline\"><span class=\"whitespace-normal\">Ibrahim Maloku<\/span><\/span> et <span class=\"hover:entity-accent entity-underline inline cursor-pointer align-baseline\"><span class=\"whitespace-normal\">Eris Azemi<\/span><\/span> de l\u2019\u00e9cole <span class=\"hover:entity-accent entity-underline inline cursor-pointer align-baseline\"><span class=\"whitespace-normal\">Andon Zako \u00c7ajupi School<\/span><\/span>, ainsi que <span class=\"hover:entity-accent entity-underline inline cursor-pointer align-baseline\"><span class=\"whitespace-normal\">Engj\u00ebll Ibrahimi<\/span><\/span> de <span class=\"hover:entity-accent entity-underline inline cursor-pointer align-baseline\"><span class=\"whitespace-normal\">SHMU 2<\/span><\/span>.<\/p>\n<p data-start=\"650\" data-end=\"823\">Leur qualification est le r\u00e9sultat de leurs bons r\u00e9sultats lors du processus de s\u00e9lection, ce qui les place parmi les participants qui concourront au niveau international.<\/p>\n<p data-start=\"825\" data-end=\"1087\">La comp\u00e9tition est organis\u00e9e en collaboration avec <span class=\"hover:entity-accent entity-underline inline cursor-pointer align-baseline\"><span class=\"whitespace-normal\">Infinit Center<\/span><\/span> et la participation des \u00e9l\u00e8ves de Vushtrri est consid\u00e9r\u00e9e comme une repr\u00e9sentation importante du jeune talent kosovar dans le domaine de la science et de la technologie.<\/p>\n","protected":false},"excerpt":{"rendered":"<p>T\u00eb rinjt\u00eb nga shkolla t\u00eb ndryshme t\u00eb qytetit do t\u00eb p\u00ebrfaq\u00ebsojn\u00eb Kosov\u00ebn n\u00eb gar\u00ebn nd\u00ebrkomb\u00ebtare t\u00eb shkenc\u00ebs dhe teknologjis\u00eb<\/p>\n","protected":false},"author":6,"featured_media":906185,"comment_status":"closed","ping_status":"closed","sticky":false,"template":"","format":"standard","meta":{"footnotes":""},"categories":[24637,1160,3949,1159,1163],"tags":[],"vendi":[],"content_country":[],"class_list":["post-906341","post","type-post","status-publish","format-standard","has-post-thumbnail","hentry","category-nouvelles-fr-4","category-actuel","category-kosova-fr","category-ch-balkans","category-fr-e-diaspora"],"acf":[],"_links":{"self":[{"href":"https:\/\/www.albinfo.ch\/fr\/wp-json\/wp\/v2\/posts\/906341","targetHints":{"allow":["GET"]}}],"collection":[{"href":"https:\/\/www.albinfo.ch\/fr\/wp-json\/wp\/v2\/posts"}],"about":[{"href":"https:\/\/www.albinfo.ch\/fr\/wp-json\/wp\/v2\/types\/post"}],"author":[{"embeddable":true,"href":"https:\/\/www.albinfo.ch\/fr\/wp-json\/wp\/v2\/users\/6"}],"replies":[{"embeddable":true,"href":"https:\/\/www.albinfo.ch\/fr\/wp-json\/wp\/v2\/comments?post=906341"}],"version-history":[{"count":1,"href":"https:\/\/www.albinfo.ch\/fr\/wp-json\/wp\/v2\/posts\/906341\/revisions"}],"predecessor-version":[{"id":906350,"href":"https:\/\/www.albinfo.ch\/fr\/wp-json\/wp\/v2\/posts\/906341\/revisions\/906350"}],"wp:featuredmedia":[{"embeddable":true,"href":"https:\/\/www.albinfo.ch\/fr\/wp-json\/wp\/v2\/media\/906185"}],"wp:attachment":[{"href":"https:\/\/www.albinfo.ch\/fr\/wp-json\/wp\/v2\/media?parent=906341"}],"wp:term":[{"taxonomy":"category","embeddable":true,"href":"https:\/\/www.albinfo.ch\/fr\/wp-json\/wp\/v2\/categories?post=906341"},{"taxonomy":"post_tag","embeddable":true,"href":"https:\/\/www.albinfo.ch\/fr\/wp-json\/wp\/v2\/tags?post=906341"},{"taxonomy":"vendi","embeddable":true,"href":"https:\/\/www.albinfo.ch\/fr\/wp-json\/wp\/v2\/vendi?post=906341"},{"taxonomy":"content_country","embeddable":true,"href":"https:\/\/www.albinfo.ch\/fr\/wp-json\/wp\/v2\/content_country?post=906341"}],"curies":[{"name":"wp","href":"https:\/\/api.w.org\/{rel}","templated":true}]}}