{"id":906364,"date":"2026-03-07T12:09:54","date_gmt":"2026-03-07T11:09:54","guid":{"rendered":"https:\/\/www.albinfo.ch\/?p=906364"},"modified":"2026-03-07T20:49:27","modified_gmt":"2026-03-07T19:49:27","slug":"le-albanian-film-festival-berlin-se-tient-pour-la-premiere-fois-au-coeur-de-berlin","status":"publish","type":"post","link":"https:\/\/www.albinfo.ch\/fr\/le-albanian-film-festival-berlin-se-tient-pour-la-premiere-fois-au-coeur-de-berlin\/","title":{"rendered":"Le Albanian Film Festival Berlin se tient pour la premi\u00e8re fois au c\u0153ur de Berlin"},"content":{"rendered":"<p data-start=\"19\" data-end=\"276\">Pour la premi\u00e8re fois au centre de <span class=\"hover:entity-accent entity-underline inline cursor-pointer align-baseline\"><span class=\"whitespace-normal\">Berlin<\/span><\/span> se tiendra le <span class=\"hover:entity-accent entity-underline inline cursor-pointer align-baseline\"><span class=\"whitespace-normal\">Albanian Film Festival Berlin<\/span><\/span>, un \u00e9v\u00e9nement qui vise \u00e0 pr\u00e9senter les histoires et la cr\u00e9ativit\u00e9 du cin\u00e9ma albanais au public international, rapporte albinfo.ch.<\/p>\n<p data-start=\"278\" data-end=\"640\">Le festival se d\u00e9roulera du 5 au 9 mars 2026 dans les espaces de <span class=\"hover:entity-accent entity-underline inline cursor-pointer align-baseline\"><span class=\"whitespace-normal\">ACUDkino<\/span><\/span>, o\u00f9 seront projet\u00e9s des films de fiction, des titres prim\u00e9s ainsi que des programmes sp\u00e9ciaux provenant du <span class=\"hover:entity-accent entity-underline inline cursor-pointer align-baseline\"><span class=\"whitespace-normal\">Kosovo<\/span><\/span>, de <span class=\"hover:entity-accent entity-underline inline cursor-pointer align-baseline\"><span class=\"whitespace-normal\">Albanie<\/span><\/span>, de <span class=\"hover:entity-accent entity-underline inline cursor-pointer align-baseline\"><span class=\"whitespace-normal\">Mac\u00e9doine du Nord<\/span><\/span> et de la diaspora albanaise.<\/p>\n<p data-start=\"642\" data-end=\"934\">Les organisateurs d\u00e9crivent cet \u00e9v\u00e9nement comme bien plus qu\u2019un simple festival de cin\u00e9ma, le pr\u00e9sentant comme une c\u00e9l\u00e9bration de la culture, de l\u2019identit\u00e9 et du cin\u00e9ma albanais, visant \u00e0 rassembler la communaut\u00e9 et \u00e0 promouvoir l\u2019art cin\u00e9matographique albanais sur la sc\u00e8ne internationale. \/Albinfo.ch<\/p>\n<p><img loading=\"lazy\" decoding=\"async\" class=\"alignnone wp-image-906189\" src=\"https:\/\/www.albinfo.ch\/wp-content\/uploads\/2026\/03\/img_7776-731x1024.jpeg\" alt=\"\" width=\"500\" height=\"700\" srcset=\"https:\/\/www.albinfo.ch\/wp-content\/uploads\/2026\/03\/img_7776-731x1024.jpeg 731w, https:\/\/www.albinfo.ch\/wp-content\/uploads\/2026\/03\/img_7776-214x300.jpeg 214w, https:\/\/www.albinfo.ch\/wp-content\/uploads\/2026\/03\/img_7776-768x1075.jpeg 768w, https:\/\/www.albinfo.ch\/wp-content\/uploads\/2026\/03\/img_7776-1097x1536.jpeg 1097w, https:\/\/www.albinfo.ch\/wp-content\/uploads\/2026\/03\/img_7776-283x396.jpeg 283w, https:\/\/www.albinfo.ch\/wp-content\/uploads\/2026\/03\/img_7776-71x100.jpeg 71w, https:\/\/www.albinfo.ch\/wp-content\/uploads\/2026\/03\/img_7776-125x175.jpeg 125w, https:\/\/www.albinfo.ch\/wp-content\/uploads\/2026\/03\/img_7776.jpeg 1290w\" sizes=\"auto, (max-width: 500px) 100vw, 500px\" \/><\/p>\n","protected":false},"excerpt":{"rendered":"<p>Festivali do t\u00eb sjell\u00eb n\u00eb Berlin filma t\u00eb vler\u00ebsuar t\u00eb kinemas\u00eb shqiptare nga Kosova, Shqip\u00ebria, Maqedonia e Veriut dhe diaspora<\/p>\n","protected":false},"author":6,"featured_media":906193,"comment_status":"closed","ping_status":"closed","sticky":false,"template":"","format":"standard","meta":{"footnotes":""},"categories":[34914,24637,24632,1163,1168],"tags":[],"vendi":[],"content_country":[],"class_list":["post-906364","post","type-post","status-publish","format-standard","has-post-thumbnail","hentry","category-la-vie-en-allemagne","category-nouvelles-fr-4","category-nouvelles-fr","category-fr-e-diaspora","category-culture"],"acf":[],"_links":{"self":[{"href":"https:\/\/www.albinfo.ch\/fr\/wp-json\/wp\/v2\/posts\/906364","targetHints":{"allow":["GET"]}}],"collection":[{"href":"https:\/\/www.albinfo.ch\/fr\/wp-json\/wp\/v2\/posts"}],"about":[{"href":"https:\/\/www.albinfo.ch\/fr\/wp-json\/wp\/v2\/types\/post"}],"author":[{"embeddable":true,"href":"https:\/\/www.albinfo.ch\/fr\/wp-json\/wp\/v2\/users\/6"}],"replies":[{"embeddable":true,"href":"https:\/\/www.albinfo.ch\/fr\/wp-json\/wp\/v2\/comments?post=906364"}],"version-history":[{"count":1,"href":"https:\/\/www.albinfo.ch\/fr\/wp-json\/wp\/v2\/posts\/906364\/revisions"}],"predecessor-version":[{"id":906365,"href":"https:\/\/www.albinfo.ch\/fr\/wp-json\/wp\/v2\/posts\/906364\/revisions\/906365"}],"wp:featuredmedia":[{"embeddable":true,"href":"https:\/\/www.albinfo.ch\/fr\/wp-json\/wp\/v2\/media\/906193"}],"wp:attachment":[{"href":"https:\/\/www.albinfo.ch\/fr\/wp-json\/wp\/v2\/media?parent=906364"}],"wp:term":[{"taxonomy":"category","embeddable":true,"href":"https:\/\/www.albinfo.ch\/fr\/wp-json\/wp\/v2\/categories?post=906364"},{"taxonomy":"post_tag","embeddable":true,"href":"https:\/\/www.albinfo.ch\/fr\/wp-json\/wp\/v2\/tags?post=906364"},{"taxonomy":"vendi","embeddable":true,"href":"https:\/\/www.albinfo.ch\/fr\/wp-json\/wp\/v2\/vendi?post=906364"},{"taxonomy":"content_country","embeddable":true,"href":"https:\/\/www.albinfo.ch\/fr\/wp-json\/wp\/v2\/content_country?post=906364"}],"curies":[{"name":"wp","href":"https:\/\/api.w.org\/{rel}","templated":true}]}}