{"id":906466,"date":"2026-03-07T17:04:03","date_gmt":"2026-03-07T16:04:03","guid":{"rendered":"https:\/\/www.albinfo.ch\/?p=906466"},"modified":"2026-03-07T23:18:38","modified_gmt":"2026-03-07T22:18:38","slug":"7-mars-journee-de-lenseignant","status":"publish","type":"post","link":"https:\/\/www.albinfo.ch\/fr\/7-mars-journee-de-lenseignant\/","title":{"rendered":"7 mars, Journ\u00e9e de l\u2019enseignant"},"content":{"rendered":"<p data-start=\"6\" data-end=\"629\">Chaque ann\u00e9e est c\u00e9l\u00e9br\u00e9 le 7 mars, la Journ\u00e9e de l\u2019enseignant, qui nous rappelle la date du 7 mars 1887, lorsque fut ouverte \u00e0 <span class=\"hover:entity-accent entity-underline inline cursor-pointer align-baseline\"><span class=\"whitespace-normal\">Kor\u00e7\u00eb<\/span><\/span>, sous la direction de <span class=\"hover:entity-accent entity-underline inline cursor-pointer align-baseline\"><span class=\"whitespace-normal\">Pandeli Sotiri<\/span><\/span>, la premi\u00e8re \u00e9cole nationale albanaise. Il s\u2019agissait d\u2019une \u00e9cole \u00e0 caract\u00e8re national et la\u00efque, o\u00f9 tous les cours \u00e9taient dispens\u00e9s en langue albanaise. Parmi ses dirigeants figuraient des personnalit\u00e9s connues de la Renaissance nationale albanaise, telles que Pandeli Sotiri, <span class=\"hover:entity-accent entity-underline inline cursor-pointer align-baseline\"><span class=\"whitespace-normal\">Petro Nini Luarasi<\/span><\/span>, <span class=\"hover:entity-accent entity-underline inline cursor-pointer align-baseline\"><span class=\"whitespace-normal\">Nu\u00e7i Na\u00e7i<\/span><\/span> et <span class=\"hover:entity-accent entity-underline inline cursor-pointer align-baseline\"><span class=\"whitespace-normal\">Thoma Avrami<\/span><\/span>.<\/p>\n<p data-start=\"631\" data-end=\"1171\">La Journ\u00e9e de l\u2019enseignant est une f\u00eate nationale. Elle ne concerne pas seulement les travailleurs de l\u2019\u00e9ducation albanaise, mais aussi les \u00e9l\u00e8ves et les \u00e9tudiants. C\u2019est une f\u00eate c\u00e9l\u00e9br\u00e9e dans chaque famille albanaise, une belle tradition ancr\u00e9e dans notre peuple. En ce jour important pour l\u2019\u00e9ducation albanaise, nous nous souvenons avec un profond respect de l\u2019\u0153uvre remarquable des enseignants et des patriotes distingu\u00e9s qui ont travaill\u00e9 avec d\u00e9vouement et ont fait de grands sacrifices pour le d\u00e9veloppement de l\u2019\u00e9ducation nationale.<\/p>\n<p data-start=\"1173\" data-end=\"1546\">En \u00e9voquant le 7 mars, la Journ\u00e9e de l\u2019enseignant, nous ne pouvons pas rester silencieux sans honorer \u00e9galement le r\u00f4le et la contribution des enseignants infatigables et des parents albanais engag\u00e9s qui, par leur propre initiative, maintiennent ouvertes les \u00e9coles albanaises d\u2019enseignement compl\u00e9mentaire dans de nombreux cantons de <span class=\"hover:entity-accent entity-underline inline cursor-pointer align-baseline\"><span class=\"whitespace-normal\">Suisse<\/span><\/span>.<\/p>\n","protected":false},"excerpt":{"rendered":"<p>Chaque ann\u00e9e est c\u00e9l\u00e9br\u00e9 le 7 mars, la Journ\u00e9e de l\u2019enseignant, qui nous rappelle la date du 7 mars 1887, lorsque fut ouverte \u00e0 Kor\u00e7\u00eb, sous la direction de Pandeli Sotiri, la premi\u00e8re \u00e9cole nationale albanaise. Il s\u2019agissait d\u2019une \u00e9cole \u00e0 caract\u00e8re national et la\u00efque, o\u00f9 tous les cours \u00e9taient dispens\u00e9s en langue albanaise. Parmi [&hellip;]<\/p>\n","protected":false},"author":6,"featured_media":906232,"comment_status":"closed","ping_status":"closed","sticky":false,"template":"","format":"standard","meta":{"footnotes":""},"categories":[23271,23272,1160,3943,3949,23277,23270,1159],"tags":[],"vendi":[],"content_country":[],"class_list":["post-906466","post","type-post","status-publish","format-standard","has-post-thumbnail","hentry","category-kosovo","category-albanie","category-actuel","category-shqiperia-fr","category-kosova-fr","category-news-fr","category-at-balkani-fr","category-ch-balkans"],"acf":[],"_links":{"self":[{"href":"https:\/\/www.albinfo.ch\/fr\/wp-json\/wp\/v2\/posts\/906466","targetHints":{"allow":["GET"]}}],"collection":[{"href":"https:\/\/www.albinfo.ch\/fr\/wp-json\/wp\/v2\/posts"}],"about":[{"href":"https:\/\/www.albinfo.ch\/fr\/wp-json\/wp\/v2\/types\/post"}],"author":[{"embeddable":true,"href":"https:\/\/www.albinfo.ch\/fr\/wp-json\/wp\/v2\/users\/6"}],"replies":[{"embeddable":true,"href":"https:\/\/www.albinfo.ch\/fr\/wp-json\/wp\/v2\/comments?post=906466"}],"version-history":[{"count":1,"href":"https:\/\/www.albinfo.ch\/fr\/wp-json\/wp\/v2\/posts\/906466\/revisions"}],"predecessor-version":[{"id":906467,"href":"https:\/\/www.albinfo.ch\/fr\/wp-json\/wp\/v2\/posts\/906466\/revisions\/906467"}],"wp:featuredmedia":[{"embeddable":true,"href":"https:\/\/www.albinfo.ch\/fr\/wp-json\/wp\/v2\/media\/906232"}],"wp:attachment":[{"href":"https:\/\/www.albinfo.ch\/fr\/wp-json\/wp\/v2\/media?parent=906466"}],"wp:term":[{"taxonomy":"category","embeddable":true,"href":"https:\/\/www.albinfo.ch\/fr\/wp-json\/wp\/v2\/categories?post=906466"},{"taxonomy":"post_tag","embeddable":true,"href":"https:\/\/www.albinfo.ch\/fr\/wp-json\/wp\/v2\/tags?post=906466"},{"taxonomy":"vendi","embeddable":true,"href":"https:\/\/www.albinfo.ch\/fr\/wp-json\/wp\/v2\/vendi?post=906466"},{"taxonomy":"content_country","embeddable":true,"href":"https:\/\/www.albinfo.ch\/fr\/wp-json\/wp\/v2\/content_country?post=906466"}],"curies":[{"name":"wp","href":"https:\/\/api.w.org\/{rel}","templated":true}]}}