{"id":906606,"date":"2026-03-08T09:03:44","date_gmt":"2026-03-08T08:03:44","guid":{"rendered":"https:\/\/www.albinfo.ch\/?p=906606"},"modified":"2026-03-08T19:08:19","modified_gmt":"2026-03-08T18:08:19","slug":"la-journee-des-ingenieurs-a-epfl-reunit-etudiants-et-professionnels-albanais-a-lausanne","status":"publish","type":"post","link":"https:\/\/www.albinfo.ch\/fr\/la-journee-des-ingenieurs-a-epfl-reunit-etudiants-et-professionnels-albanais-a-lausanne\/","title":{"rendered":"La Journ\u00e9e des ing\u00e9nieurs \u00e0 EPFL r\u00e9unit \u00e9tudiants et professionnels albanais \u00e0 Lausanne"},"content":{"rendered":"<p data-start=\"6\" data-end=\"262\">L\u2019association <span class=\"hover:entity-accent entity-underline inline cursor-pointer align-baseline\"><span class=\"whitespace-normal\">\u00c9tudiants Albanais de Lausanne<\/span><\/span> a organis\u00e9 avec succ\u00e8s l\u2019\u00e9v\u00e9nement Engineers\u2019 Day 2026, une soir\u00e9e d\u00e9di\u00e9e \u00e0 l\u2019\u00e9change d\u2019exp\u00e9riences et d\u2019id\u00e9es entre \u00e9tudiants et professionnels albanais dans le domaine de l\u2019ing\u00e9nierie, \u00e9crit albinfo.ch.<\/p>\n<p data-start=\"264\" data-end=\"606\">L\u2019\u00e9v\u00e9nement s\u2019est d\u00e9roul\u00e9 dans les locaux de l\u2019<span class=\"hover:entity-accent entity-underline inline cursor-pointer align-baseline\"><span class=\"whitespace-normal\">\u00c9cole Polytechnique F\u00e9d\u00e9rale de Lausanne<\/span><\/span> et a \u00e9t\u00e9 organis\u00e9 en collaboration avec <span class=\"hover:entity-accent entity-underline inline cursor-pointer align-baseline\"><span class=\"whitespace-normal\">Albanian Engineering of Switzerland<\/span><\/span>. L\u2019activit\u00e9 a r\u00e9uni des \u00e9tudiants, des professionnels et des alumni, cr\u00e9ant un espace propice aux discussions inspirantes, aux conseils professionnels et au partage d\u2019exp\u00e9riences.<\/p>\n<p data-start=\"608\" data-end=\"864\">Au cours de la soir\u00e9e, plusieurs anciens \u00e9tudiants de l\u2019EPFL ont partag\u00e9 leur parcours professionnel, leurs exp\u00e9riences sur le march\u00e9 du travail et des conseils pr\u00e9cieux pour les \u00e9tudiants souhaitant construire une carri\u00e8re dans le domaine de l\u2019ing\u00e9nierie.<\/p>\n<p data-start=\"866\" data-end=\"1006\">Les organisateurs ont remerci\u00e9 tous les participants, \u00e9tudiants et invit\u00e9s, qui ont contribu\u00e9 \u00e0 cr\u00e9er une atmosph\u00e8re dynamique et motivante.<\/p>\n<p data-start=\"1008\" data-end=\"1271\">Selon les organisateurs, de telles activit\u00e9s visent \u00e0 renforcer les liens entre les \u00e9tudiants albanais en <span class=\"hover:entity-accent entity-underline inline cursor-pointer align-baseline\"><span class=\"whitespace-normal\">Suisse<\/span><\/span> et les professionnels \u00e0 succ\u00e8s, en cr\u00e9ant des opportunit\u00e9s de coop\u00e9ration et de d\u00e9veloppement professionnel \u00e0 l\u2019avenir.<\/p>\n<p>&nbsp;<\/p>\n<p><img loading=\"lazy\" decoding=\"async\" class=\"\" src=\"https:\/\/scontent.fprn10-1.fna.fbcdn.net\/v\/t51.82787-15\/649218518_18343050682242217_8488978019773691645_n.jpg?stp=dst-jpegr_tt6&amp;_nc_cat=100&amp;ccb=1-7&amp;_nc_sid=13d280&amp;_nc_ohc=xpY5eZZeNbQQ7kNvwGz4GDZ&amp;_nc_oc=Adnn_a2dCVJpUouKEWVsgIZXIA4tIZJvRIYklK1JtBrDVIVwN3H2NfmtW_8tF2Ptz_Y&amp;_nc_zt=23&amp;se=-1&amp;_nc_ht=scontent.fprn10-1.fna&amp;_nc_gid=8G8XioJgRNfef1T02Ngr5A&amp;_nc_ss=8&amp;oh=00_AfymModE5UnrZBzeAr8cz0kNpkKTrfxu5blRK6ezBiCnxg&amp;oe=69B1D504\" alt=\"Mund t\u00eb jet\u00eb nj\u00eb imazh i teksti\" width=\"503\" height=\"407\" \/><\/p>\n<p><img loading=\"lazy\" decoding=\"async\" class=\"\" src=\"https:\/\/scontent.fprn10-1.fna.fbcdn.net\/v\/t51.82787-15\/649227095_18343050673242217_2352582882299206572_n.jpg?_nc_cat=103&amp;ccb=1-7&amp;_nc_sid=13d280&amp;_nc_ohc=IpGAZil1B-QQ7kNvwEcjEL2&amp;_nc_oc=AdkFJ6EsyaTzLChCY0oIJ8zpOE0N1jXBqe9yOG1sldiGL7cFgQF9yJwRIboAZqdXrk8&amp;_nc_zt=23&amp;_nc_ht=scontent.fprn10-1.fna&amp;_nc_gid=SCKVRUB4a0cBhSYcWmnUjw&amp;_nc_ss=8&amp;oh=00_AfwccmSYxj36_gO0BHANSQ1ehSkIospihh8r60_amT5miQ&amp;oe=69B1FE7F\" alt=\"Mund t\u00eb jet\u00eb nj\u00eb imazh i duke studiuar dhe teksti q\u00eb thot\u00eb &quot;Key message Keymessageforstudents for students Be curious and follow your Becurlousandfollwyourcuriosity curiosity&quot;\" width=\"503\" height=\"407\" \/><\/p>\n<p><img loading=\"lazy\" decoding=\"async\" class=\"\" src=\"https:\/\/scontent.fprn10-1.fna.fbcdn.net\/v\/t51.82787-15\/649215217_18343050712242217_2607440350468726462_n.jpg?stp=dst-jpegr_tt6&amp;_nc_cat=100&amp;ccb=1-7&amp;_nc_sid=13d280&amp;_nc_ohc=edJr-zx3BysQ7kNvwE6IIXb&amp;_nc_oc=AdnjBecULq3mD5IK20YcAfUb44q6Acjkvkpc15yJBgw6mzIAPhlikTbJu5LGD29mV44&amp;_nc_zt=23&amp;se=-1&amp;_nc_ht=scontent.fprn10-1.fna&amp;_nc_gid=sKj1uMeJF9QMxo9BLbl3VA&amp;_nc_ss=8&amp;oh=00_Afzr9rdRtYE-rxpo3wpyZ1YPkEGKALWNbc7_PNBW6S7mmg&amp;oe=69B1D4DE\" alt=\"Mund t\u00eb jet\u00eb nj\u00eb imazh i duke studiuar dhe teksti\" width=\"502\" height=\"406\" \/><\/p>\n<p><img loading=\"lazy\" decoding=\"async\" class=\"\" src=\"https:\/\/scontent.fprn10-1.fna.fbcdn.net\/v\/t51.82787-15\/648640949_18343050691242217_435530011598491503_n.jpg?stp=dst-jpegr_tt6&amp;_nc_cat=110&amp;ccb=1-7&amp;_nc_sid=13d280&amp;_nc_ohc=_qiEQzSV2EwQ7kNvwHL5ytc&amp;_nc_oc=AdlpziigGEuDh9jbWgLnlJXskVGcIbpD2zjyLoZuG3AiWYilHkrJSdw0_8pKVI_LGZ8&amp;_nc_zt=23&amp;se=-1&amp;_nc_ht=scontent.fprn10-1.fna&amp;_nc_gid=qptEfY0LEI4qfsjT5ui0bg&amp;_nc_ss=8&amp;oh=00_Afz4ud1iRw0RZf4rRM4TP1a06N31LZ_o2hbrgKuwyOmpRg&amp;oe=69B204E4\" alt=\"Mund t\u00eb jet\u00eb nj\u00eb imazh i duke studiuar, harta dhe teksti\" width=\"502\" height=\"406\" \/><\/p>\n","protected":false},"excerpt":{"rendered":"<p>Student\u00ebt shqiptar\u00eb n\u00eb Lozan\u00eb organizojn\u00eb \u201cEngineers\u2019 Day 2026\u201d n\u00eb EPFL<\/p>\n","protected":false},"author":6,"featured_media":906243,"comment_status":"closed","ping_status":"closed","sticky":false,"template":"","format":"standard","meta":{"footnotes":""},"categories":[24637,24630,1163],"tags":[],"vendi":[],"content_country":[],"class_list":["post-906606","post","type-post","status-publish","format-standard","has-post-thumbnail","hentry","category-nouvelles-fr-4","category-nouvelles","category-fr-e-diaspora"],"acf":[],"_links":{"self":[{"href":"https:\/\/www.albinfo.ch\/fr\/wp-json\/wp\/v2\/posts\/906606","targetHints":{"allow":["GET"]}}],"collection":[{"href":"https:\/\/www.albinfo.ch\/fr\/wp-json\/wp\/v2\/posts"}],"about":[{"href":"https:\/\/www.albinfo.ch\/fr\/wp-json\/wp\/v2\/types\/post"}],"author":[{"embeddable":true,"href":"https:\/\/www.albinfo.ch\/fr\/wp-json\/wp\/v2\/users\/6"}],"replies":[{"embeddable":true,"href":"https:\/\/www.albinfo.ch\/fr\/wp-json\/wp\/v2\/comments?post=906606"}],"version-history":[{"count":1,"href":"https:\/\/www.albinfo.ch\/fr\/wp-json\/wp\/v2\/posts\/906606\/revisions"}],"predecessor-version":[{"id":906607,"href":"https:\/\/www.albinfo.ch\/fr\/wp-json\/wp\/v2\/posts\/906606\/revisions\/906607"}],"wp:featuredmedia":[{"embeddable":true,"href":"https:\/\/www.albinfo.ch\/fr\/wp-json\/wp\/v2\/media\/906243"}],"wp:attachment":[{"href":"https:\/\/www.albinfo.ch\/fr\/wp-json\/wp\/v2\/media?parent=906606"}],"wp:term":[{"taxonomy":"category","embeddable":true,"href":"https:\/\/www.albinfo.ch\/fr\/wp-json\/wp\/v2\/categories?post=906606"},{"taxonomy":"post_tag","embeddable":true,"href":"https:\/\/www.albinfo.ch\/fr\/wp-json\/wp\/v2\/tags?post=906606"},{"taxonomy":"vendi","embeddable":true,"href":"https:\/\/www.albinfo.ch\/fr\/wp-json\/wp\/v2\/vendi?post=906606"},{"taxonomy":"content_country","embeddable":true,"href":"https:\/\/www.albinfo.ch\/fr\/wp-json\/wp\/v2\/content_country?post=906606"}],"curies":[{"name":"wp","href":"https:\/\/api.w.org\/{rel}","templated":true}]}}