{"id":906633,"date":"2026-03-08T11:11:58","date_gmt":"2026-03-08T10:11:58","guid":{"rendered":"https:\/\/www.albinfo.ch\/?p=906633"},"modified":"2026-03-08T20:30:04","modified_gmt":"2026-03-08T19:30:04","slug":"ida-jashari-et-son-engagement-pour-la-preservation-de-la-langue-albanaise-chez-les-enfants-en-suisse","status":"publish","type":"post","link":"https:\/\/www.albinfo.ch\/fr\/ida-jashari-et-son-engagement-pour-la-preservation-de-la-langue-albanaise-chez-les-enfants-en-suisse\/","title":{"rendered":"Ida Jashari et son engagement pour la pr\u00e9servation de la langue albanaise chez les enfants en Suisse"},"content":{"rendered":"<p data-start=\"6\" data-end=\"415\">Dans la communaut\u00e9 albanaise d\u2019<span class=\"hover:entity-accent entity-underline inline cursor-pointer align-baseline\"><span class=\"whitespace-normal\">Ostermundigen<\/span><\/span>, pr\u00e8s de <span class=\"hover:entity-accent entity-underline inline cursor-pointer align-baseline\"><span class=\"whitespace-normal\">Berne<\/span><\/span>, l\u2019enseignement de la langue albanaise reste l\u2019un des piliers essentiels pour pr\u00e9server l\u2019identit\u00e9 et la culture nationales. Gr\u00e2ce \u00e0 l\u2019\u00e9cole albanaise, les enfants d\u2019origine albanaise n\u00e9s et \u00e9lev\u00e9s dans la diaspora maintiennent un lien durable avec leur langue, leur histoire et leurs racines.<\/p>\n<p data-start=\"417\" data-end=\"949\">Dans cet entretien accord\u00e9 \u00e0 albinfo.ch, l\u2019enseignante <span class=\"hover:entity-accent entity-underline inline cursor-pointer align-baseline\"><span class=\"whitespace-normal\">Ida Jashari<\/span><\/span> \u00e9voque son exp\u00e9rience de longue date dans l\u2019enseignement de la langue albanaise en <span class=\"hover:entity-accent entity-underline inline cursor-pointer align-baseline\"><span class=\"whitespace-normal\">Suisse<\/span><\/span>, les d\u00e9fis li\u00e9s \u00e0 l\u2019apprentissage de la langue dans un environnement multilingue et l\u2019importance que l\u2019\u00e9cole albanaise rev\u00eat dans la formation de l\u2019identit\u00e9 des jeunes g\u00e9n\u00e9rations. Pour elle, l\u2019enseignement n\u2019est pas seulement une profession, mais une mission qui relie la langue, la culture et la m\u00e9moire d\u2019un peuple.<\/p>\n<p data-start=\"951\" data-end=\"1023\"><strong>albinfo.ch: <\/strong>Quelle signification a pour vous la Journ\u00e9e de l\u2019enseignant?<\/p>\n<p data-start=\"1025\" data-end=\"1380\"><strong>Ida Jashari:<\/strong> Le 7 mars est une date tr\u00e8s importante pour l\u2019\u00e9ducation albanaise. Elle nous rappelle les efforts et les sacrifices accomplis pour maintenir vivantes notre langue et notre \u00e9cole. Pour une enseignante de la diaspora, cette journ\u00e9e a une signification particuli\u00e8re, car \u00e0 travers la langue nous pr\u00e9servons aussi notre identit\u00e9 et notre culture.<\/p>\n<p data-start=\"1382\" data-end=\"1490\"><strong>albinfo.ch:<\/strong> Comment d\u00e9cririez vous votre exp\u00e9rience en tant qu\u2019enseignante de la langue albanaise en Suisse?<\/p>\n<p data-start=\"1492\" data-end=\"1786\"><strong>Ida Jashari:<\/strong> C\u2019est une exp\u00e9rience tr\u00e8s significative. Chaque heure de cours est une occasion pour les enfants n\u00e9s et \u00e9lev\u00e9s dans la diaspora de se rapprocher de leur langue et de leur culture. C\u2019est un plaisir de voir comment ils prennent confiance et commencent \u00e0 \u00eatre fiers de leurs origines.<\/p>\n<p data-start=\"1788\" data-end=\"1861\"><strong>albinfo.ch:<\/strong> Quelle est l\u2019histoire de l\u2019\u00e9cole albanaise o\u00f9 vous enseignez?<\/p>\n<p data-start=\"1863\" data-end=\"2509\"><strong>Ida Jashari:<\/strong> L\u2019\u00e9cole albanaise d\u2019Ostermundigen a \u00e9t\u00e9 fond\u00e9e il y a environ 35 ans par la <span class=\"hover:entity-accent entity-underline inline cursor-pointer align-baseline\"><span class=\"whitespace-normal\">LAPSH \u2013 Lidhja e Arsimtar\u00ebve dhe Prind\u00ebrve Shqiptar\u00eb<\/span><\/span>, avec pour objectif que les enfants albanais de la diaspora ne perdent pas le lien avec leur langue maternelle. La premi\u00e8re enseignante qui a fond\u00e9 cette classe \u00e9tait Saime Isufi, qui a contribu\u00e9 avec beaucoup de d\u00e9vouement pendant de nombreuses ann\u00e9es. Par la suite, j\u2019ai eu l\u2019honneur de poursuivre ce chemin. Apr\u00e8s 13 ann\u00e9es d\u2019exp\u00e9rience dans l\u2019enseignement albanais \u00e0 <span class=\"hover:entity-accent entity-underline inline cursor-pointer align-baseline\"><span class=\"whitespace-normal\">Tetovo<\/span><\/span>, j\u2019ai accept\u00e9 avec plaisir, il y a environ 18 ans en Suisse, de travailler comme enseignante dans cette \u00e9cole.<\/p>\n<p data-start=\"2511\" data-end=\"2633\"><strong>albinfo.ch:<\/strong> Quelle importance a l\u2019apprentissage et la pr\u00e9servation de la langue albanaise pour les enfants de la diaspora?<\/p>\n<p data-start=\"2635\" data-end=\"2897\"><strong>Ida Jashari:<\/strong> La langue est le fondement de l\u2019identit\u00e9. Lorsqu\u2019un enfant apprend l\u2019albanais, il n\u2019apprend pas seulement une langue, il se relie aussi \u00e0 l\u2019histoire et \u00e0 la culture de son peuple. Cela les aide \u00e0 grandir avec une conscience claire de leurs origines.<\/p>\n<p data-start=\"2899\" data-end=\"3009\"><strong>albinfo.ch:<\/strong> Comment \u00e9valuez vous l\u2019int\u00e9r\u00eat des parents pour l\u2019enseignement compl\u00e9mentaire en langue albanaise?<\/p>\n<p data-start=\"3011\" data-end=\"3242\"><strong>Ida Jashari:<\/strong> L\u2019int\u00e9r\u00eat des parents est tr\u00e8s important. Beaucoup comprennent que la langue albanaise est une richesse et s\u2019efforcent que leurs enfants ne perdent pas le lien avec elle, malgr\u00e9 les engagements dans les \u00e9coles suisses.<\/p>\n<p data-start=\"3244\" data-end=\"3346\"><strong>albinfo.ch:<\/strong> Quels sont les principaux d\u00e9fis de l\u2019enseignement de la langue albanaise dans la diaspora?<\/p>\n<p data-start=\"3348\" data-end=\"3613\"><strong>Ida Jashari:<\/strong> Le plus grand d\u00e9fi est que les enfants grandissent dans un environnement o\u00f9 la langue dominante est l\u2019allemand. De plus, l\u2019enseignement compl\u00e9mentaire ne se d\u00e9roule que quelques heures par semaine, c\u2019est pourquoi le soutien de la famille est essentiel.<\/p>\n<p data-start=\"3615\" data-end=\"3696\"><strong>albinfo.ch:<\/strong> Qu\u2019est ce qui vous motive le plus dans votre travail avec les \u00e9l\u00e8ves?<\/p>\n<p data-start=\"3698\" data-end=\"3872\"><strong>Ida Jashari:<\/strong> Ma plus grande motivation ce sont les \u00e9l\u00e8ves eux m\u00eames. Quand on les voit lire, \u00e9crire ou parler albanais avec fiert\u00e9, on comprend que l\u2019effort en vaut la peine.<\/p>\n<p data-start=\"3874\" data-end=\"4010\"><strong>albinfo.ch:<\/strong> En plus de l\u2019enseignement, vous dirigez aussi le ch\u0153ur f\u00e9minin \u201cLul\u00ebkuqet\u201d. Quelle importance a la culture dans la diaspora?<\/p>\n<p data-start=\"4012\" data-end=\"4358\"><strong>Ida Jashari:<\/strong> La culture et la musique sont une partie importante de notre identit\u00e9. Apr\u00e8s huit ann\u00e9es d\u2019activit\u00e9, le ch\u0153ur f\u00e9minin \u201cLul\u00ebkuqet\u201d a \u00e9t\u00e9 officiellement enregistr\u00e9 comme association culturelle et artistique. \u00c0 travers le chant, nous pr\u00e9servons les traditions et cr\u00e9ons un fort sentiment de communaut\u00e9 parmi les Albanais de la diaspora.<\/p>\n<p data-start=\"4360\" data-end=\"4491\"><strong>albinfo.ch:<\/strong> Quel message adresseriez vous aux parents et aux enfants albanais en Suisse \u00e0 l\u2019occasion de la Journ\u00e9e de l\u2019enseignant?<\/p>\n<p data-start=\"4493\" data-end=\"4832\"><strong>Ida Jashari:<\/strong> Mon message aux parents est de parler autant que possible albanais en famille et de soutenir leurs enfants dans l\u2019apprentissage de la langue. Quant aux enfants, je leur dirais: apprenez et parlez albanais avec fiert\u00e9, car c\u2019est la langue de vos racines et un pont qui vous reliera toujours \u00e0 votre histoire et \u00e0 votre culture.<\/p>\n<p data-start=\"4834\" data-end=\"5204\">\u00c0 la fin, Ida Jashari souligne que la pr\u00e9servation de la langue albanaise dans la diaspora est une responsabilit\u00e9 commune des enseignants, des parents et de la communaut\u00e9. Gr\u00e2ce \u00e0 l\u2019\u00e9cole, \u00e0 la culture et \u00e0 l\u2019engagement quotidien, cette langue continue de vivre m\u00eame loin de la patrie, demeurant un lien fort entre les g\u00e9n\u00e9rations et les racines de l\u2019identit\u00e9 nationale.<\/p>\n<p class=\"p1\"><span class=\"s1\">Pour albinfo.ch: Luljeta Ademi<\/span><\/p>\n<p style=\"text-align: center;\"><img loading=\"lazy\" decoding=\"async\" class=\"alignnone wp-image-906279\" src=\"https:\/\/www.albinfo.ch\/wp-content\/uploads\/2026\/03\/f8ffcb4054caa129789572fe985b0f9c-1024x462.jpeg\" alt=\"\" width=\"500\" height=\"225\" srcset=\"https:\/\/www.albinfo.ch\/wp-content\/uploads\/2026\/03\/f8ffcb4054caa129789572fe985b0f9c-1024x462.jpeg 1024w, https:\/\/www.albinfo.ch\/wp-content\/uploads\/2026\/03\/f8ffcb4054caa129789572fe985b0f9c-300x135.jpeg 300w, https:\/\/www.albinfo.ch\/wp-content\/uploads\/2026\/03\/f8ffcb4054caa129789572fe985b0f9c-768x346.jpeg 768w, https:\/\/www.albinfo.ch\/wp-content\/uploads\/2026\/03\/f8ffcb4054caa129789572fe985b0f9c-1536x692.jpeg 1536w, https:\/\/www.albinfo.ch\/wp-content\/uploads\/2026\/03\/f8ffcb4054caa129789572fe985b0f9c-587x265.jpeg 587w, https:\/\/www.albinfo.ch\/wp-content\/uploads\/2026\/03\/f8ffcb4054caa129789572fe985b0f9c-180x81.jpeg 180w, https:\/\/www.albinfo.ch\/wp-content\/uploads\/2026\/03\/f8ffcb4054caa129789572fe985b0f9c-265x119.jpeg 265w, https:\/\/www.albinfo.ch\/wp-content\/uploads\/2026\/03\/f8ffcb4054caa129789572fe985b0f9c.jpeg 2048w\" sizes=\"auto, (max-width: 500px) 100vw, 500px\" \/> <img loading=\"lazy\" decoding=\"async\" class=\"alignnone wp-image-906282\" src=\"https:\/\/www.albinfo.ch\/wp-content\/uploads\/2026\/03\/2e5a16096336c59f43d1526843a5cb68-1024x768.jpeg\" alt=\"\" width=\"500\" height=\"375\" srcset=\"https:\/\/www.albinfo.ch\/wp-content\/uploads\/2026\/03\/2e5a16096336c59f43d1526843a5cb68-1024x768.jpeg 1024w, https:\/\/www.albinfo.ch\/wp-content\/uploads\/2026\/03\/2e5a16096336c59f43d1526843a5cb68-300x225.jpeg 300w, https:\/\/www.albinfo.ch\/wp-content\/uploads\/2026\/03\/2e5a16096336c59f43d1526843a5cb68-768x576.jpeg 768w, https:\/\/www.albinfo.ch\/wp-content\/uploads\/2026\/03\/2e5a16096336c59f43d1526843a5cb68-1536x1152.jpeg 1536w, https:\/\/www.albinfo.ch\/wp-content\/uploads\/2026\/03\/2e5a16096336c59f43d1526843a5cb68-528x396.jpeg 528w, https:\/\/www.albinfo.ch\/wp-content\/uploads\/2026\/03\/2e5a16096336c59f43d1526843a5cb68-133x100.jpeg 133w, https:\/\/www.albinfo.ch\/wp-content\/uploads\/2026\/03\/2e5a16096336c59f43d1526843a5cb68-233x175.jpeg 233w, https:\/\/www.albinfo.ch\/wp-content\/uploads\/2026\/03\/2e5a16096336c59f43d1526843a5cb68.jpeg 1600w\" sizes=\"auto, (max-width: 500px) 100vw, 500px\" \/> <img loading=\"lazy\" decoding=\"async\" class=\"alignnone wp-image-906285\" src=\"https:\/\/www.albinfo.ch\/wp-content\/uploads\/2026\/03\/309684794b0b508d9c67f00e786fb0db-1024x1024.jpeg\" alt=\"\" width=\"500\" height=\"500\" srcset=\"https:\/\/www.albinfo.ch\/wp-content\/uploads\/2026\/03\/309684794b0b508d9c67f00e786fb0db-1024x1024.jpeg 1024w, https:\/\/www.albinfo.ch\/wp-content\/uploads\/2026\/03\/309684794b0b508d9c67f00e786fb0db-300x300.jpeg 300w, https:\/\/www.albinfo.ch\/wp-content\/uploads\/2026\/03\/309684794b0b508d9c67f00e786fb0db-150x150.jpeg 150w, https:\/\/www.albinfo.ch\/wp-content\/uploads\/2026\/03\/309684794b0b508d9c67f00e786fb0db-768x768.jpeg 768w, https:\/\/www.albinfo.ch\/wp-content\/uploads\/2026\/03\/309684794b0b508d9c67f00e786fb0db-396x396.jpeg 396w, https:\/\/www.albinfo.ch\/wp-content\/uploads\/2026\/03\/309684794b0b508d9c67f00e786fb0db-280x280.jpeg 280w, https:\/\/www.albinfo.ch\/wp-content\/uploads\/2026\/03\/309684794b0b508d9c67f00e786fb0db-100x100.jpeg 100w, https:\/\/www.albinfo.ch\/wp-content\/uploads\/2026\/03\/309684794b0b508d9c67f00e786fb0db-175x175.jpeg 175w, https:\/\/www.albinfo.ch\/wp-content\/uploads\/2026\/03\/309684794b0b508d9c67f00e786fb0db.jpeg 1080w\" sizes=\"auto, (max-width: 500px) 100vw, 500px\" \/> <img loading=\"lazy\" decoding=\"async\" class=\"alignnone wp-image-906288\" src=\"https:\/\/www.albinfo.ch\/wp-content\/uploads\/2026\/03\/4a61f3b9f3ab84cc1902f85933b11be2-1024x776.jpeg\" alt=\"\" width=\"500\" height=\"379\" srcset=\"https:\/\/www.albinfo.ch\/wp-content\/uploads\/2026\/03\/4a61f3b9f3ab84cc1902f85933b11be2-1024x776.jpeg 1024w, https:\/\/www.albinfo.ch\/wp-content\/uploads\/2026\/03\/4a61f3b9f3ab84cc1902f85933b11be2-300x227.jpeg 300w, https:\/\/www.albinfo.ch\/wp-content\/uploads\/2026\/03\/4a61f3b9f3ab84cc1902f85933b11be2-768x582.jpeg 768w, https:\/\/www.albinfo.ch\/wp-content\/uploads\/2026\/03\/4a61f3b9f3ab84cc1902f85933b11be2-1536x1164.jpeg 1536w, https:\/\/www.albinfo.ch\/wp-content\/uploads\/2026\/03\/4a61f3b9f3ab84cc1902f85933b11be2-523x396.jpeg 523w, https:\/\/www.albinfo.ch\/wp-content\/uploads\/2026\/03\/4a61f3b9f3ab84cc1902f85933b11be2-132x100.jpeg 132w, https:\/\/www.albinfo.ch\/wp-content\/uploads\/2026\/03\/4a61f3b9f3ab84cc1902f85933b11be2-231x175.jpeg 231w, https:\/\/www.albinfo.ch\/wp-content\/uploads\/2026\/03\/4a61f3b9f3ab84cc1902f85933b11be2.jpeg 2048w\" sizes=\"auto, (max-width: 500px) 100vw, 500px\" \/> <img loading=\"lazy\" decoding=\"async\" class=\"alignnone wp-image-906291\" src=\"https:\/\/www.albinfo.ch\/wp-content\/uploads\/2026\/03\/dc06eadf104c694dea869fb78e4f96d4-1024x768.jpeg\" alt=\"\" width=\"500\" height=\"375\" srcset=\"https:\/\/www.albinfo.ch\/wp-content\/uploads\/2026\/03\/dc06eadf104c694dea869fb78e4f96d4-1024x768.jpeg 1024w, https:\/\/www.albinfo.ch\/wp-content\/uploads\/2026\/03\/dc06eadf104c694dea869fb78e4f96d4-300x225.jpeg 300w, https:\/\/www.albinfo.ch\/wp-content\/uploads\/2026\/03\/dc06eadf104c694dea869fb78e4f96d4-768x576.jpeg 768w, https:\/\/www.albinfo.ch\/wp-content\/uploads\/2026\/03\/dc06eadf104c694dea869fb78e4f96d4-1536x1152.jpeg 1536w, https:\/\/www.albinfo.ch\/wp-content\/uploads\/2026\/03\/dc06eadf104c694dea869fb78e4f96d4-528x396.jpeg 528w, https:\/\/www.albinfo.ch\/wp-content\/uploads\/2026\/03\/dc06eadf104c694dea869fb78e4f96d4-133x100.jpeg 133w, https:\/\/www.albinfo.ch\/wp-content\/uploads\/2026\/03\/dc06eadf104c694dea869fb78e4f96d4-233x175.jpeg 233w, https:\/\/www.albinfo.ch\/wp-content\/uploads\/2026\/03\/dc06eadf104c694dea869fb78e4f96d4.jpeg 2048w\" sizes=\"auto, (max-width: 500px) 100vw, 500px\" \/> <img loading=\"lazy\" decoding=\"async\" class=\"alignnone wp-image-906294\" src=\"https:\/\/www.albinfo.ch\/wp-content\/uploads\/2026\/03\/df27464514e7ecbd924114f78c47a038-1024x768.jpeg\" alt=\"\" width=\"500\" height=\"375\" srcset=\"https:\/\/www.albinfo.ch\/wp-content\/uploads\/2026\/03\/df27464514e7ecbd924114f78c47a038-1024x768.jpeg 1024w, https:\/\/www.albinfo.ch\/wp-content\/uploads\/2026\/03\/df27464514e7ecbd924114f78c47a038-300x225.jpeg 300w, https:\/\/www.albinfo.ch\/wp-content\/uploads\/2026\/03\/df27464514e7ecbd924114f78c47a038-768x576.jpeg 768w, https:\/\/www.albinfo.ch\/wp-content\/uploads\/2026\/03\/df27464514e7ecbd924114f78c47a038-1536x1152.jpeg 1536w, https:\/\/www.albinfo.ch\/wp-content\/uploads\/2026\/03\/df27464514e7ecbd924114f78c47a038-528x396.jpeg 528w, https:\/\/www.albinfo.ch\/wp-content\/uploads\/2026\/03\/df27464514e7ecbd924114f78c47a038-133x100.jpeg 133w, https:\/\/www.albinfo.ch\/wp-content\/uploads\/2026\/03\/df27464514e7ecbd924114f78c47a038-233x175.jpeg 233w, https:\/\/www.albinfo.ch\/wp-content\/uploads\/2026\/03\/df27464514e7ecbd924114f78c47a038.jpeg 2048w\" sizes=\"auto, (max-width: 500px) 100vw, 500px\" \/> <img loading=\"lazy\" decoding=\"async\" class=\"alignnone wp-image-906297\" src=\"https:\/\/www.albinfo.ch\/wp-content\/uploads\/2026\/03\/6b8fbf9e9ccf8019a836511768fcd7ff.jpeg\" alt=\"\" width=\"500\" height=\"368\" srcset=\"https:\/\/www.albinfo.ch\/wp-content\/uploads\/2026\/03\/6b8fbf9e9ccf8019a836511768fcd7ff.jpeg 987w, https:\/\/www.albinfo.ch\/wp-content\/uploads\/2026\/03\/6b8fbf9e9ccf8019a836511768fcd7ff-300x221.jpeg 300w, https:\/\/www.albinfo.ch\/wp-content\/uploads\/2026\/03\/6b8fbf9e9ccf8019a836511768fcd7ff-768x566.jpeg 768w, https:\/\/www.albinfo.ch\/wp-content\/uploads\/2026\/03\/6b8fbf9e9ccf8019a836511768fcd7ff-538x396.jpeg 538w, https:\/\/www.albinfo.ch\/wp-content\/uploads\/2026\/03\/6b8fbf9e9ccf8019a836511768fcd7ff-136x100.jpeg 136w, https:\/\/www.albinfo.ch\/wp-content\/uploads\/2026\/03\/6b8fbf9e9ccf8019a836511768fcd7ff-238x175.jpeg 238w\" sizes=\"auto, (max-width: 500px) 100vw, 500px\" \/> <img loading=\"lazy\" decoding=\"async\" class=\"alignnone wp-image-906300\" src=\"https:\/\/www.albinfo.ch\/wp-content\/uploads\/2026\/03\/924616c22494a40412ca41071accbd95-1024x1024.jpeg\" alt=\"\" width=\"500\" height=\"500\" srcset=\"https:\/\/www.albinfo.ch\/wp-content\/uploads\/2026\/03\/924616c22494a40412ca41071accbd95-1024x1024.jpeg 1024w, https:\/\/www.albinfo.ch\/wp-content\/uploads\/2026\/03\/924616c22494a40412ca41071accbd95-300x300.jpeg 300w, https:\/\/www.albinfo.ch\/wp-content\/uploads\/2026\/03\/924616c22494a40412ca41071accbd95-150x150.jpeg 150w, https:\/\/www.albinfo.ch\/wp-content\/uploads\/2026\/03\/924616c22494a40412ca41071accbd95-768x768.jpeg 768w, https:\/\/www.albinfo.ch\/wp-content\/uploads\/2026\/03\/924616c22494a40412ca41071accbd95-396x396.jpeg 396w, https:\/\/www.albinfo.ch\/wp-content\/uploads\/2026\/03\/924616c22494a40412ca41071accbd95-280x280.jpeg 280w, https:\/\/www.albinfo.ch\/wp-content\/uploads\/2026\/03\/924616c22494a40412ca41071accbd95-100x100.jpeg 100w, https:\/\/www.albinfo.ch\/wp-content\/uploads\/2026\/03\/924616c22494a40412ca41071accbd95-175x175.jpeg 175w, https:\/\/www.albinfo.ch\/wp-content\/uploads\/2026\/03\/924616c22494a40412ca41071accbd95.jpeg 1059w\" sizes=\"auto, (max-width: 500px) 100vw, 500px\" \/><\/p>\n<p class=\"p1\"><span class=\"s1\">\u00a0<\/span><\/p>\n","protected":false},"excerpt":{"rendered":"<p>Dans la communaut\u00e9 albanaise d\u2019Ostermundigen, pr\u00e8s de Berne, l\u2019enseignement de la langue albanaise reste l\u2019un des piliers essentiels pour pr\u00e9server l\u2019identit\u00e9 et la culture nationales. Gr\u00e2ce \u00e0 l\u2019\u00e9cole albanaise, les enfants d\u2019origine albanaise n\u00e9s et \u00e9lev\u00e9s dans la diaspora maintiennent un lien durable avec leur langue, leur histoire et leurs racines. Dans cet entretien accord\u00e9 [&hellip;]<\/p>\n","protected":false},"author":6,"featured_media":906305,"comment_status":"closed","ping_status":"closed","sticky":false,"template":"","format":"standard","meta":{"footnotes":""},"categories":[24637,1166,24630,1163],"tags":[],"vendi":[],"content_country":[],"class_list":["post-906633","post","type-post","status-publish","format-standard","has-post-thumbnail","hentry","category-nouvelles-fr-4","category-langues","category-nouvelles","category-fr-e-diaspora"],"acf":[],"_links":{"self":[{"href":"https:\/\/www.albinfo.ch\/fr\/wp-json\/wp\/v2\/posts\/906633","targetHints":{"allow":["GET"]}}],"collection":[{"href":"https:\/\/www.albinfo.ch\/fr\/wp-json\/wp\/v2\/posts"}],"about":[{"href":"https:\/\/www.albinfo.ch\/fr\/wp-json\/wp\/v2\/types\/post"}],"author":[{"embeddable":true,"href":"https:\/\/www.albinfo.ch\/fr\/wp-json\/wp\/v2\/users\/6"}],"replies":[{"embeddable":true,"href":"https:\/\/www.albinfo.ch\/fr\/wp-json\/wp\/v2\/comments?post=906633"}],"version-history":[{"count":1,"href":"https:\/\/www.albinfo.ch\/fr\/wp-json\/wp\/v2\/posts\/906633\/revisions"}],"predecessor-version":[{"id":906637,"href":"https:\/\/www.albinfo.ch\/fr\/wp-json\/wp\/v2\/posts\/906633\/revisions\/906637"}],"wp:featuredmedia":[{"embeddable":true,"href":"https:\/\/www.albinfo.ch\/fr\/wp-json\/wp\/v2\/media\/906305"}],"wp:attachment":[{"href":"https:\/\/www.albinfo.ch\/fr\/wp-json\/wp\/v2\/media?parent=906633"}],"wp:term":[{"taxonomy":"category","embeddable":true,"href":"https:\/\/www.albinfo.ch\/fr\/wp-json\/wp\/v2\/categories?post=906633"},{"taxonomy":"post_tag","embeddable":true,"href":"https:\/\/www.albinfo.ch\/fr\/wp-json\/wp\/v2\/tags?post=906633"},{"taxonomy":"vendi","embeddable":true,"href":"https:\/\/www.albinfo.ch\/fr\/wp-json\/wp\/v2\/vendi?post=906633"},{"taxonomy":"content_country","embeddable":true,"href":"https:\/\/www.albinfo.ch\/fr\/wp-json\/wp\/v2\/content_country?post=906633"}],"curies":[{"name":"wp","href":"https:\/\/api.w.org\/{rel}","templated":true}]}}