{"id":906656,"date":"2026-03-08T13:05:09","date_gmt":"2026-03-08T12:05:09","guid":{"rendered":"https:\/\/www.albinfo.ch\/?p=906656"},"modified":"2026-03-08T21:01:45","modified_gmt":"2026-03-08T20:01:45","slug":"berne-une-exposition-de-photographies-qui-evoque-lhistoire-et-la-memoire-de-prekaz","status":"publish","type":"post","link":"https:\/\/www.albinfo.ch\/fr\/berne-une-exposition-de-photographies-qui-evoque-lhistoire-et-la-memoire-de-prekaz\/","title":{"rendered":"Berne: Une exposition de photographies qui \u00e9voque l\u2019histoire et la m\u00e9moire de Prekaz"},"content":{"rendered":"<p data-start=\"6\" data-end=\"374\">Dans le cadre de la manifestation comm\u00e9morative et culturelle &#8220;Kurora e Liris\u00eb&#8221;, qui se tiendra \u00e0 <span class=\"hover:entity-accent entity-underline inline cursor-pointer align-baseline\"><span class=\"whitespace-normal\">Berne<\/span><\/span>, une exposition photographique de l\u2019auteur <span class=\"hover:entity-accent entity-underline inline cursor-pointer align-baseline\"><span class=\"whitespace-normal\">Sefer Ali\u00e7kaj<\/span><\/span> sera pr\u00e9sent\u00e9e pour la premi\u00e8re fois en <span class=\"hover:entity-accent entity-underline inline cursor-pointer align-baseline\"><span class=\"whitespace-normal\">Suisse<\/span><\/span> le 14 mars, sous le titre &#8220;Prekazi \u2013 amour, douleur et fiert\u00e9 nationale&#8221;.<\/p>\n<p data-start=\"376\" data-end=\"845\">L\u2019exposition pr\u00e9sente \u00e0 travers la photographie l\u2019histoire et la m\u00e9moire de <span class=\"hover:entity-accent entity-underline inline cursor-pointer align-baseline\"><span class=\"whitespace-normal\">Prekaz<\/span><\/span>, ainsi que le sacrifice de la <span class=\"hover:entity-accent entity-underline inline cursor-pointer align-baseline\"><span class=\"whitespace-normal\">Famille Jashari<\/span><\/span>, en montrant des moments inoubliables, des lieux et des symboles devenus partie int\u00e9grante de la conscience historique et \u00e9motionnelle du peuple albanais. \u00c0 travers ces images, le public aura l\u2019occasion de se rapprocher de l\u2019une des pages les plus marquantes de notre histoire nationale.<\/p>\n<p data-start=\"847\" data-end=\"1098\">Les dates des 5, 6 et 7 mars pour notre nation repr\u00e9sentent bien plus qu\u2019un simple rappel du sacrifice des 64 martyrs tomb\u00e9s \u00e0 Prekaz en 1998. Elles sont le symbole de la r\u00e9sistance, de l\u2019unit\u00e9 et de la d\u00e9termination, t\u00e9moignant du prix de la libert\u00e9.<\/p>\n<p><a href=\"https:\/\/www.albinfo.ch\/wp-content\/uploads\/2026\/03\/alickaj-prekazi.jpg\"><img loading=\"lazy\" decoding=\"async\" class=\"alignnone wp-image-906324\" src=\"https:\/\/www.albinfo.ch\/wp-content\/uploads\/2026\/03\/alickaj-prekazi.jpg\" alt=\"\" width=\"450\" height=\"450\" srcset=\"https:\/\/www.albinfo.ch\/wp-content\/uploads\/2026\/03\/alickaj-prekazi.jpg 960w, https:\/\/www.albinfo.ch\/wp-content\/uploads\/2026\/03\/alickaj-prekazi-300x300.jpg 300w, https:\/\/www.albinfo.ch\/wp-content\/uploads\/2026\/03\/alickaj-prekazi-150x150.jpg 150w, https:\/\/www.albinfo.ch\/wp-content\/uploads\/2026\/03\/alickaj-prekazi-768x768.jpg 768w, https:\/\/www.albinfo.ch\/wp-content\/uploads\/2026\/03\/alickaj-prekazi-396x396.jpg 396w, https:\/\/www.albinfo.ch\/wp-content\/uploads\/2026\/03\/alickaj-prekazi-280x280.jpg 280w, https:\/\/www.albinfo.ch\/wp-content\/uploads\/2026\/03\/alickaj-prekazi-100x100.jpg 100w, https:\/\/www.albinfo.ch\/wp-content\/uploads\/2026\/03\/alickaj-prekazi-175x175.jpg 175w\" sizes=\"auto, (max-width: 450px) 100vw, 450px\" \/><\/a><\/p>\n<p data-start=\"6\" data-end=\"471\">\u00c0 travers 36 photographies, l\u2019auteur <span class=\"hover:entity-accent entity-underline inline cursor-pointer align-baseline\"><span class=\"whitespace-normal\">Sefer Ali\u00e7kaj<\/span><\/span> nous rapproche de la patrie en apportant au c\u0153ur de la diaspora albanaise l\u2019image embl\u00e9matique de <span class=\"hover:entity-accent entity-underline inline cursor-pointer align-baseline\"><span class=\"whitespace-normal\">Prekaz<\/span><\/span>, dans les quatre saisons et \u00e0 travers le temps, comme symbole du sacrifice des g\u00e9n\u00e9rations de la <span class=\"hover:entity-accent entity-underline inline cursor-pointer align-baseline\"><span class=\"whitespace-normal\">Famille Jashari<\/span><\/span>, qui a marqu\u00e9 de son empreinte la libert\u00e9 tant r\u00eav\u00e9e pendant des si\u00e8cles pour la <span class=\"hover:entity-accent entity-underline inline cursor-pointer align-baseline\"><span class=\"whitespace-normal\">R\u00e9publique du Kosovo<\/span><\/span>.<\/p>\n<p data-start=\"473\" data-end=\"613\">L\u2019ouverture de l\u2019exposition aura lieu \u00e0 13h00 en pr\u00e9sence de l\u2019auteur Sefer Ali\u00e7kaj, qui viendra sp\u00e9cialement de Prekaz pour cette occasion.<\/p>\n<p data-start=\"615\" data-end=\"1025\">Cette exposition fait partie du programme de la manifestation &#8220;Kurora e Liris\u00eb&#8221;, un \u00e9v\u00e9nement comm\u00e9moratif et culturel qui r\u00e9unit des associations culturelles, des artistes et des repr\u00e9sentants de la diaspora albanaise en <span class=\"hover:entity-accent entity-underline inline cursor-pointer align-baseline\"><span class=\"whitespace-normal\">Suisse<\/span><\/span> et du <span class=\"hover:entity-accent entity-underline inline cursor-pointer align-baseline\"><span class=\"whitespace-normal\">Kosovo<\/span><\/span> afin d\u2019honorer le sacrifice sublime de la famille Jashari et des martyrs tomb\u00e9s pour la libert\u00e9 du Kosovo.<\/p>\n<p data-start=\"1027\" data-end=\"1295\">L\u2019exposition se tiendra \u00e9galement demain, le 8 mars, \u00e0 <span class=\"hover:entity-accent entity-underline inline cursor-pointer align-baseline\"><span class=\"whitespace-normal\">Florence<\/span><\/span> en <span class=\"hover:entity-accent entity-underline inline cursor-pointer align-baseline\"><span class=\"whitespace-normal\">Italie<\/span><\/span>, dans le cadre de la manifestation \u201cKushtrimi i liris\u00eb\u201d, un \u00e9v\u00e9nement comm\u00e9moratif \u00e9galement d\u00e9di\u00e9 au sacrifice de la famille Jashari.<\/p>\n<p data-start=\"1297\" data-end=\"1406\">Le sacrifice sublime de la famille Jashari nous oblige \u00e0 rester unis comme une m\u00e9moire vivante de la libert\u00e9.<\/p>\n<p data-start=\"1408\" data-end=\"1632\">Le Conseil organisateur des associations culturelles albanaises en Suisse, avec l\u2019auteur de cette exposition, Sefer Ali\u00e7kaj, vous souhaitent la bienvenue avec respect le samedi 14 mars \u00e0 partir de 13h00 \u00e0 l\u2019adresse suivante:<\/p>\n<p data-start=\"1634\" data-end=\"1707\">Kursaal Arena<br data-start=\"1647\" data-end=\"1650\" \/>Kursaal Bern AG<br data-start=\"1665\" data-end=\"1668\" \/>Kornhausstrasse 3<br data-start=\"1685\" data-end=\"1688\" \/>3013 Bern, Suisse<\/p>\n<p data-start=\"1709\" data-end=\"1719\">Bienvenue!<\/p>\n<p>&nbsp;<\/p>\n","protected":false},"excerpt":{"rendered":"<p>Ekspozita e Sefer Ali\u00e7kajt \u201cPrekazi dashuri, dhimbje dhe krenari komb\u00ebtare\u201d hapet p\u00ebr her\u00eb t\u00eb par\u00eb n\u00eb Zvic\u00ebr n\u00eb kuad\u00ebr t\u00eb manifestimit \u201cKurora e Liris\u00eb\u201d<\/p>\n","protected":false},"author":6,"featured_media":906322,"comment_status":"closed","ping_status":"closed","sticky":false,"template":"","format":"standard","meta":{"footnotes":""},"categories":[34917,24668,24630,1168],"tags":[],"vendi":[],"content_country":[],"class_list":["post-906656","post","type-post","status-publish","format-standard","has-post-thumbnail","hentry","category-autres-fr-5","category-exposition","category-nouvelles","category-culture"],"acf":[],"_links":{"self":[{"href":"https:\/\/www.albinfo.ch\/fr\/wp-json\/wp\/v2\/posts\/906656","targetHints":{"allow":["GET"]}}],"collection":[{"href":"https:\/\/www.albinfo.ch\/fr\/wp-json\/wp\/v2\/posts"}],"about":[{"href":"https:\/\/www.albinfo.ch\/fr\/wp-json\/wp\/v2\/types\/post"}],"author":[{"embeddable":true,"href":"https:\/\/www.albinfo.ch\/fr\/wp-json\/wp\/v2\/users\/6"}],"replies":[{"embeddable":true,"href":"https:\/\/www.albinfo.ch\/fr\/wp-json\/wp\/v2\/comments?post=906656"}],"version-history":[{"count":1,"href":"https:\/\/www.albinfo.ch\/fr\/wp-json\/wp\/v2\/posts\/906656\/revisions"}],"predecessor-version":[{"id":906657,"href":"https:\/\/www.albinfo.ch\/fr\/wp-json\/wp\/v2\/posts\/906656\/revisions\/906657"}],"wp:featuredmedia":[{"embeddable":true,"href":"https:\/\/www.albinfo.ch\/fr\/wp-json\/wp\/v2\/media\/906322"}],"wp:attachment":[{"href":"https:\/\/www.albinfo.ch\/fr\/wp-json\/wp\/v2\/media?parent=906656"}],"wp:term":[{"taxonomy":"category","embeddable":true,"href":"https:\/\/www.albinfo.ch\/fr\/wp-json\/wp\/v2\/categories?post=906656"},{"taxonomy":"post_tag","embeddable":true,"href":"https:\/\/www.albinfo.ch\/fr\/wp-json\/wp\/v2\/tags?post=906656"},{"taxonomy":"vendi","embeddable":true,"href":"https:\/\/www.albinfo.ch\/fr\/wp-json\/wp\/v2\/vendi?post=906656"},{"taxonomy":"content_country","embeddable":true,"href":"https:\/\/www.albinfo.ch\/fr\/wp-json\/wp\/v2\/content_country?post=906656"}],"curies":[{"name":"wp","href":"https:\/\/api.w.org\/{rel}","templated":true}]}}