{"id":906664,"date":"2026-03-08T14:09:18","date_gmt":"2026-03-08T13:09:18","guid":{"rendered":"https:\/\/www.albinfo.ch\/?p=906664"},"modified":"2026-03-08T21:13:07","modified_gmt":"2026-03-08T20:13:07","slug":"la-judokate-du-kosovo-laura-fazliu-remporte-la-medaille-dargent-en-autriche","status":"publish","type":"post","link":"https:\/\/www.albinfo.ch\/fr\/la-judokate-du-kosovo-laura-fazliu-remporte-la-medaille-dargent-en-autriche\/","title":{"rendered":"La judokate du Kosovo Laura Fazliu remporte la m\u00e9daille d\u2019argent en Autriche"},"content":{"rendered":"<p data-start=\"6\" data-end=\"172\">La judokate du <span class=\"hover:entity-accent entity-underline inline cursor-pointer align-baseline\"><span class=\"whitespace-normal\">Kosovo<\/span><\/span>, <span class=\"hover:entity-accent entity-underline inline cursor-pointer align-baseline\"><span class=\"whitespace-normal\">Laura Fazliu<\/span><\/span>, a remport\u00e9 la m\u00e9daille d\u2019argent au <span class=\"hover:entity-accent entity-underline inline cursor-pointer align-baseline\"><span class=\"whitespace-normal\">Grand Prix Upper Austria<\/span><\/span>.<\/p>\n<p data-start=\"174\" data-end=\"477\">&#8220;Laura \u00e9tait libre au premier tour. Au deuxi\u00e8me tour, elle a battu par Ippon <span class=\"hover:entity-accent entity-underline inline cursor-pointer align-baseline\"><span class=\"whitespace-normal\">Leila Mazouzi<\/span><\/span> de <span class=\"hover:entity-accent entity-underline inline cursor-pointer align-baseline\"><span class=\"whitespace-normal\">Slov\u00e9nie<\/span><\/span>. En quart de finale, Laura a battu par Waza ari la Croate <span class=\"hover:entity-accent entity-underline inline cursor-pointer align-baseline\"><span class=\"whitespace-normal\">Nina Cvjetko&#8221;<\/span><\/span>, indique la <span class=\"hover:entity-accent entity-underline inline cursor-pointer align-baseline\"><span class=\"whitespace-normal\">F\u00e9d\u00e9ration de judo du Kosovo<\/span><\/span>.<\/p>\n<p data-start=\"479\" data-end=\"620\">&#8220;En demi finale, Laura a battu par Ippon <span class=\"hover:entity-accent entity-underline inline cursor-pointer align-baseline\"><span class=\"whitespace-normal\">Sara-Joy Bauer<\/span><\/span> d\u2019<span class=\"hover:entity-accent entity-underline inline cursor-pointer align-baseline\"><span class=\"whitespace-normal\">Allemagne&#8221;<\/span><\/span>, rapporte albinfo.ch.<\/p>\n<p data-start=\"622\" data-end=\"784\">En finale, Fazliu s\u2019est inclin\u00e9e face \u00e0 la Br\u00e9silienne <span class=\"hover:entity-accent entity-underline inline cursor-pointer align-baseline\"><span class=\"whitespace-normal\">Rafaela Silva<\/span><\/span>, mais elle rentrera tout de m\u00eame au Kosovo avec la m\u00e9daille d\u2019argent.<\/p>\n","protected":false},"excerpt":{"rendered":"<p>La judokate du Kosovo, Laura Fazliu, a remport\u00e9 la m\u00e9daille d\u2019argent au Grand Prix Upper Austria. &#8220;Laura \u00e9tait libre au premier tour. Au deuxi\u00e8me tour, elle a battu par Ippon Leila Mazouzi de Slov\u00e9nie. En quart de finale, Laura a battu par Waza ari la Croate Nina Cvjetko&#8221;, indique la F\u00e9d\u00e9ration de judo du Kosovo. [&hellip;]<\/p>\n","protected":false},"author":6,"featured_media":906344,"comment_status":"closed","ping_status":"closed","sticky":false,"template":"","format":"standard","meta":{"footnotes":""},"categories":[1169],"tags":[],"vendi":[],"content_country":[],"class_list":["post-906664","post","type-post","status-publish","format-standard","has-post-thumbnail","hentry","category-sport-fr"],"acf":[],"_links":{"self":[{"href":"https:\/\/www.albinfo.ch\/fr\/wp-json\/wp\/v2\/posts\/906664","targetHints":{"allow":["GET"]}}],"collection":[{"href":"https:\/\/www.albinfo.ch\/fr\/wp-json\/wp\/v2\/posts"}],"about":[{"href":"https:\/\/www.albinfo.ch\/fr\/wp-json\/wp\/v2\/types\/post"}],"author":[{"embeddable":true,"href":"https:\/\/www.albinfo.ch\/fr\/wp-json\/wp\/v2\/users\/6"}],"replies":[{"embeddable":true,"href":"https:\/\/www.albinfo.ch\/fr\/wp-json\/wp\/v2\/comments?post=906664"}],"version-history":[{"count":1,"href":"https:\/\/www.albinfo.ch\/fr\/wp-json\/wp\/v2\/posts\/906664\/revisions"}],"predecessor-version":[{"id":906665,"href":"https:\/\/www.albinfo.ch\/fr\/wp-json\/wp\/v2\/posts\/906664\/revisions\/906665"}],"wp:featuredmedia":[{"embeddable":true,"href":"https:\/\/www.albinfo.ch\/fr\/wp-json\/wp\/v2\/media\/906344"}],"wp:attachment":[{"href":"https:\/\/www.albinfo.ch\/fr\/wp-json\/wp\/v2\/media?parent=906664"}],"wp:term":[{"taxonomy":"category","embeddable":true,"href":"https:\/\/www.albinfo.ch\/fr\/wp-json\/wp\/v2\/categories?post=906664"},{"taxonomy":"post_tag","embeddable":true,"href":"https:\/\/www.albinfo.ch\/fr\/wp-json\/wp\/v2\/tags?post=906664"},{"taxonomy":"vendi","embeddable":true,"href":"https:\/\/www.albinfo.ch\/fr\/wp-json\/wp\/v2\/vendi?post=906664"},{"taxonomy":"content_country","embeddable":true,"href":"https:\/\/www.albinfo.ch\/fr\/wp-json\/wp\/v2\/content_country?post=906664"}],"curies":[{"name":"wp","href":"https:\/\/api.w.org\/{rel}","templated":true}]}}