{"id":906737,"date":"2026-03-08T17:16:27","date_gmt":"2026-03-08T16:16:27","guid":{"rendered":"https:\/\/www.albinfo.ch\/?p=906737"},"modified":"2026-03-09T00:00:14","modified_gmt":"2026-03-08T23:00:14","slug":"lambassade-du-kosovo-a-vienne-organise-une-rencontre-avec-les-enseignants-albanais","status":"publish","type":"post","link":"https:\/\/www.albinfo.ch\/fr\/lambassade-du-kosovo-a-vienne-organise-une-rencontre-avec-les-enseignants-albanais\/","title":{"rendered":"L\u2019Ambassade du Kosovo \u00e0 Vienne organise une rencontre avec les enseignants albanais"},"content":{"rendered":"<p data-start=\"6\" data-end=\"387\">\u00c0 l\u2019occasion du 7 mars, la Journ\u00e9e des enseignants, l\u2019Ambassade de la R\u00e9publique du Kosovo \u00e0 Vienne a organis\u00e9 une rencontre avec les enseignants de l\u2019enseignement compl\u00e9mentaire en langue albanaise en Autriche, en signe de reconnaissance pour leur contribution pr\u00e9cieuse \u00e0 la pr\u00e9servation et \u00e0 la transmission de la langue et de l\u2019identit\u00e9 nationale aupr\u00e8s des jeunes g\u00e9n\u00e9rations.<\/p>\n<p data-start=\"389\" data-end=\"583\">Les participants ont \u00e9t\u00e9 accueillis par le Charg\u00e9 d\u2019affaires de l\u2019Ambassade de la R\u00e9publique du Kosovo \u00e0 Vienne, M. Albinot Bimbashi, ainsi que par la Deuxi\u00e8me secr\u00e9taire, Mme Marigon\u00eb Vrajolli.<\/p>\n<p data-start=\"585\" data-end=\"821\">Ont \u00e9galement particip\u00e9 \u00e0 cette rencontre: M. Osman Ademi, pr\u00e9sident de SHMSH \u201cNaim Frash\u00ebri\u201d, MSc. Miradije Berishaj, M. Ibrahim Hasanaj, Mme Merita Ismaili, Mme Anjeza Abazi, Mme Antigone Elshani et Dr. Ina Arapi, rapporte albinfo.at.<\/p>\n<p data-start=\"823\" data-end=\"1050\">Lors de la rencontre, M. Bimbashi a hautement appr\u00e9ci\u00e9 l\u2019engagement et le travail inlassable des enseignants qui, par leur d\u00e9vouement constant, contribuent \u00e0 pr\u00e9server, d\u00e9velopper et transmettre la langue albanaise en Autriche.<\/p>\n<p data-start=\"1052\" data-end=\"1222\">L\u2019Ambassade de la R\u00e9publique du Kosovo \u00e0 Vienne exprime sa profonde reconnaissance \u00e0 tous les enseignants et leur souhaite une joyeuse Journ\u00e9e des enseignants, le 7 mars.<\/p>\n<p><iframe loading=\"lazy\" style=\"border: none; overflow: hidden;\" src=\"https:\/\/www.facebook.com\/plugins\/post.php?href=https%3A%2F%2Fwww.facebook.com%2Fkosovoinaustria%2Fposts%2Fpfbid02U1oREc5AkDJEZ8f4yBBEDJeZtEutMVAGENhkJHtN9YrBxpKUhotzo7LhX1LcsJeEl&amp;show_text=true&amp;width=500\" width=\"500\" height=\"811\" frameborder=\"0\" scrolling=\"no\" allowfullscreen=\"allowfullscreen\" data-mce-fragment=\"1\"><\/iframe><\/p>\n","protected":false},"excerpt":{"rendered":"<p>\u00c0 l\u2019occasion du 7 mars, la Journ\u00e9e des enseignants, l\u2019Ambassade de la R\u00e9publique du Kosovo \u00e0 Vienne a organis\u00e9 une rencontre avec les enseignants de l\u2019enseignement compl\u00e9mentaire en langue albanaise en Autriche, en signe de reconnaissance pour leur contribution pr\u00e9cieuse \u00e0 la pr\u00e9servation et \u00e0 la transmission de la langue et de l\u2019identit\u00e9 nationale aupr\u00e8s [&hellip;]<\/p>\n","protected":false},"author":6,"featured_media":906493,"comment_status":"closed","ping_status":"closed","sticky":false,"template":"","format":"standard","meta":{"footnotes":""},"categories":[34913,24633],"tags":[],"vendi":[],"content_country":[],"class_list":["post-906737","post","type-post","status-publish","format-standard","has-post-thumbnail","hentry","category-la-vie-en-autriche","category-nouvelles-fr-2"],"acf":[],"_links":{"self":[{"href":"https:\/\/www.albinfo.ch\/fr\/wp-json\/wp\/v2\/posts\/906737","targetHints":{"allow":["GET"]}}],"collection":[{"href":"https:\/\/www.albinfo.ch\/fr\/wp-json\/wp\/v2\/posts"}],"about":[{"href":"https:\/\/www.albinfo.ch\/fr\/wp-json\/wp\/v2\/types\/post"}],"author":[{"embeddable":true,"href":"https:\/\/www.albinfo.ch\/fr\/wp-json\/wp\/v2\/users\/6"}],"replies":[{"embeddable":true,"href":"https:\/\/www.albinfo.ch\/fr\/wp-json\/wp\/v2\/comments?post=906737"}],"version-history":[{"count":1,"href":"https:\/\/www.albinfo.ch\/fr\/wp-json\/wp\/v2\/posts\/906737\/revisions"}],"predecessor-version":[{"id":906742,"href":"https:\/\/www.albinfo.ch\/fr\/wp-json\/wp\/v2\/posts\/906737\/revisions\/906742"}],"wp:featuredmedia":[{"embeddable":true,"href":"https:\/\/www.albinfo.ch\/fr\/wp-json\/wp\/v2\/media\/906493"}],"wp:attachment":[{"href":"https:\/\/www.albinfo.ch\/fr\/wp-json\/wp\/v2\/media?parent=906737"}],"wp:term":[{"taxonomy":"category","embeddable":true,"href":"https:\/\/www.albinfo.ch\/fr\/wp-json\/wp\/v2\/categories?post=906737"},{"taxonomy":"post_tag","embeddable":true,"href":"https:\/\/www.albinfo.ch\/fr\/wp-json\/wp\/v2\/tags?post=906737"},{"taxonomy":"vendi","embeddable":true,"href":"https:\/\/www.albinfo.ch\/fr\/wp-json\/wp\/v2\/vendi?post=906737"},{"taxonomy":"content_country","embeddable":true,"href":"https:\/\/www.albinfo.ch\/fr\/wp-json\/wp\/v2\/content_country?post=906737"}],"curies":[{"name":"wp","href":"https:\/\/api.w.org\/{rel}","templated":true}]}}