{"id":906749,"date":"2026-03-08T18:09:34","date_gmt":"2026-03-08T17:09:34","guid":{"rendered":"https:\/\/www.albinfo.ch\/?p=906749"},"modified":"2026-03-09T00:13:09","modified_gmt":"2026-03-08T23:13:09","slug":"aujourdhui-cest-la-journee-internationale-des-femmes","status":"publish","type":"post","link":"https:\/\/www.albinfo.ch\/fr\/aujourdhui-cest-la-journee-internationale-des-femmes\/","title":{"rendered":"Aujourd\u2019hui, c\u2019est la Journ\u00e9e internationale des femmes"},"content":{"rendered":"<p data-start=\"6\" data-end=\"120\">Aujourd\u2019hui est c\u00e9l\u00e9br\u00e9 le 8 mars, la Journ\u00e9e internationale des femmes, \u00e9galement connue comme la F\u00eate des m\u00e8res.<\/p>\n<p data-start=\"122\" data-end=\"378\">Cette journ\u00e9e trouve son origine le 8 mars 1857, lorsque les ouvri\u00e8res du textile \u00e0 New York se sont soulev\u00e9es pour protester et d\u00e9fendre leurs droits contre l\u2019oppression et l\u2019exploitation s\u00e9v\u00e8re auxquelles elles et leurs enfants \u00e9taient soumis au travail.<\/p>\n<p data-start=\"380\" data-end=\"668\">Plus tard, cent femmes provenant de nombreux pays europ\u00e9ens et des \u00c9tats Unis d\u2019Am\u00e9rique, r\u00e9unies \u00e0 Copenhague au Danemark sous la pr\u00e9sidence de <span class=\"hover:entity-accent entity-underline inline cursor-pointer align-baseline\"><span class=\"whitespace-normal\">Clara Zetkin<\/span><\/span>, d\u00e9cid\u00e8rent que le 8 mars serait c\u00e9l\u00e9br\u00e9 comme la Journ\u00e9e internationale des femmes, rapporte albinfo.ch.<\/p>\n<p data-start=\"670\" data-end=\"812\">\u00c0 cette occasion, des cadeaux sont offerts aux m\u00e8res et aux femmes, la fleur \u00e9tant le pr\u00e9sent le plus fr\u00e9quent, symbole de respect et d\u2019amour.<\/p>\n","protected":false},"excerpt":{"rendered":"<p>Aujourd\u2019hui est c\u00e9l\u00e9br\u00e9 le 8 mars, la Journ\u00e9e internationale des femmes, \u00e9galement connue comme la F\u00eate des m\u00e8res. Cette journ\u00e9e trouve son origine le 8 mars 1857, lorsque les ouvri\u00e8res du textile \u00e0 New York se sont soulev\u00e9es pour protester et d\u00e9fendre leurs droits contre l\u2019oppression et l\u2019exploitation s\u00e9v\u00e8re auxquelles elles et leurs enfants \u00e9taient [&hellip;]<\/p>\n","protected":false},"author":6,"featured_media":906499,"comment_status":"closed","ping_status":"closed","sticky":false,"template":"","format":"standard","meta":{"footnotes":""},"categories":[1185],"tags":[],"vendi":[],"content_country":[],"class_list":["post-906749","post","type-post","status-publish","format-standard","has-post-thumbnail","hentry","category-monde"],"acf":[],"_links":{"self":[{"href":"https:\/\/www.albinfo.ch\/fr\/wp-json\/wp\/v2\/posts\/906749","targetHints":{"allow":["GET"]}}],"collection":[{"href":"https:\/\/www.albinfo.ch\/fr\/wp-json\/wp\/v2\/posts"}],"about":[{"href":"https:\/\/www.albinfo.ch\/fr\/wp-json\/wp\/v2\/types\/post"}],"author":[{"embeddable":true,"href":"https:\/\/www.albinfo.ch\/fr\/wp-json\/wp\/v2\/users\/6"}],"replies":[{"embeddable":true,"href":"https:\/\/www.albinfo.ch\/fr\/wp-json\/wp\/v2\/comments?post=906749"}],"version-history":[{"count":1,"href":"https:\/\/www.albinfo.ch\/fr\/wp-json\/wp\/v2\/posts\/906749\/revisions"}],"predecessor-version":[{"id":906750,"href":"https:\/\/www.albinfo.ch\/fr\/wp-json\/wp\/v2\/posts\/906749\/revisions\/906750"}],"wp:featuredmedia":[{"embeddable":true,"href":"https:\/\/www.albinfo.ch\/fr\/wp-json\/wp\/v2\/media\/906499"}],"wp:attachment":[{"href":"https:\/\/www.albinfo.ch\/fr\/wp-json\/wp\/v2\/media?parent=906749"}],"wp:term":[{"taxonomy":"category","embeddable":true,"href":"https:\/\/www.albinfo.ch\/fr\/wp-json\/wp\/v2\/categories?post=906749"},{"taxonomy":"post_tag","embeddable":true,"href":"https:\/\/www.albinfo.ch\/fr\/wp-json\/wp\/v2\/tags?post=906749"},{"taxonomy":"vendi","embeddable":true,"href":"https:\/\/www.albinfo.ch\/fr\/wp-json\/wp\/v2\/vendi?post=906749"},{"taxonomy":"content_country","embeddable":true,"href":"https:\/\/www.albinfo.ch\/fr\/wp-json\/wp\/v2\/content_country?post=906749"}],"curies":[{"name":"wp","href":"https:\/\/api.w.org\/{rel}","templated":true}]}}