{"id":906892,"date":"2026-03-09T11:05:44","date_gmt":"2026-03-09T10:05:44","guid":{"rendered":"https:\/\/www.albinfo.ch\/?p=906892"},"modified":"2026-03-09T21:03:01","modified_gmt":"2026-03-09T20:03:01","slug":"les-ingenieurs-albanais-en-suisse-organisent-un-cycle-de-webinaires-pour-lechange-de-connaissances-professionnelles","status":"publish","type":"post","link":"https:\/\/www.albinfo.ch\/fr\/les-ingenieurs-albanais-en-suisse-organisent-un-cycle-de-webinaires-pour-lechange-de-connaissances-professionnelles\/","title":{"rendered":"Les ing\u00e9nieurs albanais en Suisse organisent un cycle de webinaires pour l\u2019\u00e9change de connaissances professionnelles"},"content":{"rendered":"<p data-start=\"6\" data-end=\"47\">Informations pour participer au webinaire<\/p>\n<p data-start=\"49\" data-end=\"82\">Lien pour rejoindre le webinaire:<\/p>\n<p data-start=\"84\" data-end=\"152\"><a class=\"decorated-link\" href=\"https:\/\/teams.microsoft.com\/meet\/36936444480828?p=FeF7AjhBvNeIqsnz2G\" target=\"_new\" rel=\"noopener\" data-start=\"84\" data-end=\"152\">https:\/\/teams.microsoft.com\/meet\/36936444480828?p=FeF7AjhBvNeIqsnz2G<\/a><\/p>\n<p data-start=\"154\" data-end=\"190\">ID de la r\u00e9union: 369 364 444 808 28<\/p>\n<p data-start=\"192\" data-end=\"214\">Mot de passe: 3yW2A2rz<\/p>\n<p data-start=\"216\" data-end=\"410\">Le lien de participation ainsi que des informations suppl\u00e9mentaires peuvent \u00e9galement \u00eatre trouv\u00e9s sur la page LinkedIn et sur le site de l\u2019association Albanian Engineering of Switzerland (AES).<\/p>\n<p>Join the webinar here:<br \/>\n<a class=\"VBLqHsHvuoZghLmlWyQapBMyykOxWXk \" tabindex=\"0\" href=\"https:\/\/lnkd.in\/ezZhMJ4Z\" target=\"_self\" data-test-app-aware-link=\"\">https:\/\/lnkd.in\/ezZhMJ4Z<\/a><\/p>\n<p><iframe loading=\"lazy\" title=\"Embedded post\" src=\"https:\/\/www.linkedin.com\/embed\/feed\/update\/urn:li:share:7432149495410315264?collapsed=1\" width=\"504\" height=\"669\" frameborder=\"0\" allowfullscreen=\"allowfullscreen\" data-mce-fragment=\"1\"><\/iframe><\/p>\n<p data-start=\"6\" data-end=\"328\">L\u2019association Albanian Engineering of Switzerland (AES) a annonc\u00e9 l\u2019organisation d\u2019un cycle de quatre webinaires durant l\u2019ann\u00e9e 2026, une initiative qui vise \u00e0 cr\u00e9er un espace de collaboration et d\u2019\u00e9change professionnel entre les Albanais engag\u00e9s dans diff\u00e9rents domaines de l\u2019ing\u00e9nierie et des sciences, \u00e9crit albinfo.ch.<\/p>\n<p data-start=\"330\" data-end=\"588\">\u00c0 travers ce cycle d\u2019activit\u00e9s en ligne, AES souhaite renforcer le r\u00e9seautage professionnel au sein de la diaspora albanaise, en cr\u00e9ant une plateforme o\u00f9 les exp\u00e9riences et les connaissances des professionnels peuvent \u00eatre partag\u00e9es et discut\u00e9es ouvertement.<\/p>\n<p data-start=\"590\" data-end=\"938\">Le premier webinaire aura lieu le 11 mars 2026, de 19h00 \u00e0 20h00, et se d\u00e9roulera sur la plateforme Microsoft Teams. L\u2019\u00e9v\u00e9nement devrait rassembler des participants albanais provenant de diff\u00e9rents pays du monde, m\u00eame si l\u2019organisation \u00e9mane de la communaut\u00e9 professionnelle albanaise en Suisse. Le pr\u00e9sentateur de ce webinaire sera Florent Lushta.<\/p>\n<p><a href=\"https:\/\/www.albinfo.ch\/wp-content\/uploads\/2026\/03\/582080445_2390840098053446_1441088162466052083_n.jpg\"><img loading=\"lazy\" decoding=\"async\" class=\"alignnone wp-image-906547\" src=\"https:\/\/www.albinfo.ch\/wp-content\/uploads\/2026\/03\/582080445_2390840098053446_1441088162466052083_n.jpg\" alt=\"\" width=\"500\" height=\"673\" srcset=\"https:\/\/www.albinfo.ch\/wp-content\/uploads\/2026\/03\/582080445_2390840098053446_1441088162466052083_n.jpg 775w, https:\/\/www.albinfo.ch\/wp-content\/uploads\/2026\/03\/582080445_2390840098053446_1441088162466052083_n-223x300.jpg 223w, https:\/\/www.albinfo.ch\/wp-content\/uploads\/2026\/03\/582080445_2390840098053446_1441088162466052083_n-761x1024.jpg 761w, https:\/\/www.albinfo.ch\/wp-content\/uploads\/2026\/03\/582080445_2390840098053446_1441088162466052083_n-768x1034.jpg 768w, https:\/\/www.albinfo.ch\/wp-content\/uploads\/2026\/03\/582080445_2390840098053446_1441088162466052083_n-294x396.jpg 294w, https:\/\/www.albinfo.ch\/wp-content\/uploads\/2026\/03\/582080445_2390840098053446_1441088162466052083_n-74x100.jpg 74w, https:\/\/www.albinfo.ch\/wp-content\/uploads\/2026\/03\/582080445_2390840098053446_1441088162466052083_n-130x175.jpg 130w\" sizes=\"auto, (max-width: 500px) 100vw, 500px\" \/><\/a><\/p>\n<p data-start=\"6\" data-end=\"491\">Dans le cadre de l\u2019organisation de ce cycle de webinaires, les organisateurs ont fait savoir que les informations relatives \u00e0 chaque activit\u00e9 seront publi\u00e9es quelques jours avant sa tenue. Le mat\u00e9riel informatif pour le premier webinaire comprend les donn\u00e9es principales concernant le th\u00e8me, l\u2019horaire et les modalit\u00e9s de participation. Le flyer correspondant pr\u00e9sente de mani\u00e8re concise les informations essentielles et devrait \u00eatre publi\u00e9 dans le cadre de l\u2019annonce de cet \u00e9v\u00e9nement.<\/p>\n<p data-start=\"493\" data-end=\"1038\">L\u2019association Albanian Engineering of Switzerland (AES) est une organisation \u00e0 but non lucratif qui vise \u00e0 rassembler et \u00e0 coordonner les comp\u00e9tences, les connaissances et l\u2019exp\u00e9rience professionnelle de ses membres afin de faire face aux d\u00e9fis du d\u00e9veloppement de la soci\u00e9t\u00e9. Parall\u00e8lement, elle s\u2019engage \u00e0 promouvoir les professionnels albanais dans les domaines de l\u2019ing\u00e9nierie et des sciences, contribuant ainsi au processus d\u2019int\u00e9gration de la communaut\u00e9 albanaise en Suisse et \u00e0 l\u2019augmentation de sa visibilit\u00e9 dans l\u2019espace professionnel.<\/p>\n<p><a href=\"https:\/\/www.albinfo.ch\/wp-content\/uploads\/2026\/03\/642358632_1909169996629795_1363178210188925484_n.jpg\"><img loading=\"lazy\" decoding=\"async\" class=\"alignnone wp-image-906544\" src=\"https:\/\/www.albinfo.ch\/wp-content\/uploads\/2026\/03\/642358632_1909169996629795_1363178210188925484_n.jpg\" alt=\"\" width=\"500\" height=\"282\" srcset=\"https:\/\/www.albinfo.ch\/wp-content\/uploads\/2026\/03\/642358632_1909169996629795_1363178210188925484_n.jpg 1141w, https:\/\/www.albinfo.ch\/wp-content\/uploads\/2026\/03\/642358632_1909169996629795_1363178210188925484_n-300x169.jpg 300w, https:\/\/www.albinfo.ch\/wp-content\/uploads\/2026\/03\/642358632_1909169996629795_1363178210188925484_n-1024x577.jpg 1024w, https:\/\/www.albinfo.ch\/wp-content\/uploads\/2026\/03\/642358632_1909169996629795_1363178210188925484_n-768x433.jpg 768w, https:\/\/www.albinfo.ch\/wp-content\/uploads\/2026\/03\/642358632_1909169996629795_1363178210188925484_n-587x331.jpg 587w, https:\/\/www.albinfo.ch\/wp-content\/uploads\/2026\/03\/642358632_1909169996629795_1363178210188925484_n-177x100.jpg 177w, https:\/\/www.albinfo.ch\/wp-content\/uploads\/2026\/03\/642358632_1909169996629795_1363178210188925484_n-265x149.jpg 265w\" sizes=\"auto, (max-width: 500px) 100vw, 500px\" \/><\/a><\/p>\n<p data-start=\"6\" data-end=\"393\">\u00c0 travers ses activit\u00e9s, AES vise \u00e9galement \u00e0 encourager la coop\u00e9ration ainsi que le transfert de technologies et de connaissances entre la Suisse et les pays d\u2019origine de la diaspora albanaise. L\u2019objectif est de cr\u00e9er des ponts de collaboration pouvant servir au d\u00e9veloppement de projets communs et au renforcement des liens professionnels entre les experts albanais \u00e0 travers le monde.<\/p>\n<p data-start=\"395\" data-end=\"774\">Les webinaires sont organis\u00e9s en langue albanaise et la participation est gratuite. Selon les organisateurs, ces activit\u00e9s visent \u00e0 cr\u00e9er un espace commun o\u00f9 les professionnels albanais peuvent partager leurs exp\u00e9riences, discuter des d\u00e9veloppements les plus r\u00e9cents dans leurs domaines respectifs et contribuer \u00e0 la construction d\u2019un r\u00e9seau professionnel de plus en plus solide.<\/p>\n<p><a href=\"https:\/\/www.albinfo.ch\/wp-content\/uploads\/2026\/03\/634976975_4492872260943848_776070331795454327_n.jpg\"><img loading=\"lazy\" decoding=\"async\" class=\"alignnone wp-image-906541\" src=\"https:\/\/www.albinfo.ch\/wp-content\/uploads\/2026\/03\/634976975_4492872260943848_776070331795454327_n.jpg\" alt=\"\" width=\"500\" height=\"258\" srcset=\"https:\/\/www.albinfo.ch\/wp-content\/uploads\/2026\/03\/634976975_4492872260943848_776070331795454327_n.jpg 1126w, https:\/\/www.albinfo.ch\/wp-content\/uploads\/2026\/03\/634976975_4492872260943848_776070331795454327_n-300x155.jpg 300w, https:\/\/www.albinfo.ch\/wp-content\/uploads\/2026\/03\/634976975_4492872260943848_776070331795454327_n-1024x529.jpg 1024w, https:\/\/www.albinfo.ch\/wp-content\/uploads\/2026\/03\/634976975_4492872260943848_776070331795454327_n-768x397.jpg 768w, https:\/\/www.albinfo.ch\/wp-content\/uploads\/2026\/03\/634976975_4492872260943848_776070331795454327_n-587x303.jpg 587w, https:\/\/www.albinfo.ch\/wp-content\/uploads\/2026\/03\/634976975_4492872260943848_776070331795454327_n-180x93.jpg 180w, https:\/\/www.albinfo.ch\/wp-content\/uploads\/2026\/03\/634976975_4492872260943848_776070331795454327_n-265x137.jpg 265w\" sizes=\"auto, (max-width: 500px) 100vw, 500px\" \/><\/a><\/p>\n<p>&nbsp;<\/p>\n<p>&nbsp;<\/p>\n","protected":false},"excerpt":{"rendered":"<p>Webinaret organizohen n\u00eb gjuh\u00ebn shqipe dhe jan\u00eb t\u00eb hapura p\u00ebr pjes\u00ebmarrje pa pages\u00eb<\/p>\n","protected":false},"author":6,"featured_media":906551,"comment_status":"closed","ping_status":"closed","sticky":false,"template":"","format":"standard","meta":{"footnotes":""},"categories":[24637,1163],"tags":[],"vendi":[],"content_country":[],"class_list":["post-906892","post","type-post","status-publish","format-standard","has-post-thumbnail","hentry","category-nouvelles-fr-4","category-fr-e-diaspora"],"acf":[],"_links":{"self":[{"href":"https:\/\/www.albinfo.ch\/fr\/wp-json\/wp\/v2\/posts\/906892","targetHints":{"allow":["GET"]}}],"collection":[{"href":"https:\/\/www.albinfo.ch\/fr\/wp-json\/wp\/v2\/posts"}],"about":[{"href":"https:\/\/www.albinfo.ch\/fr\/wp-json\/wp\/v2\/types\/post"}],"author":[{"embeddable":true,"href":"https:\/\/www.albinfo.ch\/fr\/wp-json\/wp\/v2\/users\/6"}],"replies":[{"embeddable":true,"href":"https:\/\/www.albinfo.ch\/fr\/wp-json\/wp\/v2\/comments?post=906892"}],"version-history":[{"count":1,"href":"https:\/\/www.albinfo.ch\/fr\/wp-json\/wp\/v2\/posts\/906892\/revisions"}],"predecessor-version":[{"id":906894,"href":"https:\/\/www.albinfo.ch\/fr\/wp-json\/wp\/v2\/posts\/906892\/revisions\/906894"}],"wp:featuredmedia":[{"embeddable":true,"href":"https:\/\/www.albinfo.ch\/fr\/wp-json\/wp\/v2\/media\/906551"}],"wp:attachment":[{"href":"https:\/\/www.albinfo.ch\/fr\/wp-json\/wp\/v2\/media?parent=906892"}],"wp:term":[{"taxonomy":"category","embeddable":true,"href":"https:\/\/www.albinfo.ch\/fr\/wp-json\/wp\/v2\/categories?post=906892"},{"taxonomy":"post_tag","embeddable":true,"href":"https:\/\/www.albinfo.ch\/fr\/wp-json\/wp\/v2\/tags?post=906892"},{"taxonomy":"vendi","embeddable":true,"href":"https:\/\/www.albinfo.ch\/fr\/wp-json\/wp\/v2\/vendi?post=906892"},{"taxonomy":"content_country","embeddable":true,"href":"https:\/\/www.albinfo.ch\/fr\/wp-json\/wp\/v2\/content_country?post=906892"}],"curies":[{"name":"wp","href":"https:\/\/api.w.org\/{rel}","templated":true}]}}