{"id":907136,"date":"2026-03-10T09:05:25","date_gmt":"2026-03-10T08:05:25","guid":{"rendered":"https:\/\/www.albinfo.ch\/?p=907136"},"modified":"2026-03-10T22:10:04","modified_gmt":"2026-03-10T21:10:04","slug":"lalbanaise-rixhil-agushi-obtient-un-mandat-au-stadtrat-de-schlieren","status":"publish","type":"post","link":"https:\/\/www.albinfo.ch\/fr\/lalbanaise-rixhil-agushi-obtient-un-mandat-au-stadtrat-de-schlieren\/","title":{"rendered":"L\u2019Albanaise Rixhil Agushi obtient un mandat au Stadtrat de Schlieren"},"content":{"rendered":"<p data-start=\"6\" data-end=\"220\">La candidate du <span class=\"hover:entity-accent entity-underline inline cursor-pointer align-baseline\"><span class=\"whitespace-normal\">Parti socialiste suisse<\/span><\/span> a obtenu un mandat au Conseil ex\u00e9cutif pour la p\u00e9riode 2026 \u00e0 2030, devenant ainsi la premi\u00e8re Albanaise \u00e0 acc\u00e9der \u00e0 cette institution locale, \u00e9crit albinfo.ch.<\/p>\n<p data-start=\"222\" data-end=\"423\">Un succ\u00e8s important pour la communaut\u00e9 albanaise en Suisse a \u00e9t\u00e9 marqu\u00e9 par l\u2019\u00e9lection de <span class=\"hover:entity-accent entity-underline inline cursor-pointer align-baseline\"><span class=\"whitespace-normal\">Rixhil Agushi<\/span><\/span> au Conseil ex\u00e9cutif de la ville de <span class=\"hover:entity-accent entity-underline inline cursor-pointer align-baseline\"><span class=\"whitespace-normal\">Schlieren<\/span><\/span>.<\/p>\n<p data-start=\"425\" data-end=\"731\">En tant que candidate du Parti socialiste, Agushi a r\u00e9ussi \u00e0 gagner la confiance des citoyens pour exercer un mandat au sein du gouvernement local de la ville pour la p\u00e9riode 2026 \u00e0 2030. Avec ce r\u00e9sultat, elle devient la premi\u00e8re Albanaise \u00e0 obtenir un si\u00e8ge dans cette institution ex\u00e9cutive de Schlieren.<\/p>\n<p data-start=\"733\" data-end=\"980\">Avant ce succ\u00e8s, Agushi a \u00e9t\u00e9 active dans la vie politique locale gr\u00e2ce \u00e0 son engagement au Parlement communal de Schlieren, o\u00f9 elle a acquis une exp\u00e9rience dans les questions li\u00e9es au d\u00e9veloppement de la ville et \u00e0 la repr\u00e9sentation des citoyens.<\/p>\n<p data-start=\"982\" data-end=\"1385\">Rixhil Agushi est originaire de <span class=\"hover:entity-accent entity-underline inline cursor-pointer align-baseline\"><span class=\"whitespace-normal\">Tetovo<\/span><\/span>, en <span class=\"hover:entity-accent entity-underline inline cursor-pointer align-baseline\"><span class=\"whitespace-normal\">Mac\u00e9doine du Nord<\/span><\/span>, tandis qu\u2019elle est n\u00e9e et a grandi \u00e0 Schlieren, en Suisse. Son \u00e9lection est consid\u00e9r\u00e9e comme une \u00e9tape importante pour la repr\u00e9sentation des Albanais dans les institutions locales suisses et comme un signe du r\u00f4le croissant de la diaspora albanaise dans la vie politique et sociale du pays.<\/p>\n<p data-start=\"1387\" data-end=\"1576\">Ce succ\u00e8s marque un moment important pour la communaut\u00e9 albanaise \u00e0 Schlieren et repr\u00e9sente une r\u00e9alisation qui refl\u00e8te l\u2019int\u00e9gration et la contribution des Albanais dans la soci\u00e9t\u00e9 suisse.\/Albinfo.ch<\/p>\n","protected":false},"excerpt":{"rendered":"<p>Historike p\u00ebr shqiptar\u00ebt n\u00eb Zvic\u00ebr, Rixhil Agushi zgjidhet n\u00eb Stadtrat t\u00eb Schlierenit<\/p>\n","protected":false},"author":6,"featured_media":906973,"comment_status":"closed","ping_status":"closed","sticky":false,"template":"","format":"standard","meta":{"footnotes":""},"categories":[24637,1164,1165,18826,1163,1170],"tags":[],"vendi":[],"content_country":[],"class_list":["post-907136","post","type-post","status-publish","format-standard","has-post-thumbnail","hentry","category-nouvelles-fr-4","category-integration-fr","category-femmes","category-lajme-jeta-ne-zvicer-fr","category-fr-e-diaspora","category-vivre-en-suisse"],"acf":[],"_links":{"self":[{"href":"https:\/\/www.albinfo.ch\/fr\/wp-json\/wp\/v2\/posts\/907136","targetHints":{"allow":["GET"]}}],"collection":[{"href":"https:\/\/www.albinfo.ch\/fr\/wp-json\/wp\/v2\/posts"}],"about":[{"href":"https:\/\/www.albinfo.ch\/fr\/wp-json\/wp\/v2\/types\/post"}],"author":[{"embeddable":true,"href":"https:\/\/www.albinfo.ch\/fr\/wp-json\/wp\/v2\/users\/6"}],"replies":[{"embeddable":true,"href":"https:\/\/www.albinfo.ch\/fr\/wp-json\/wp\/v2\/comments?post=907136"}],"version-history":[{"count":1,"href":"https:\/\/www.albinfo.ch\/fr\/wp-json\/wp\/v2\/posts\/907136\/revisions"}],"predecessor-version":[{"id":907137,"href":"https:\/\/www.albinfo.ch\/fr\/wp-json\/wp\/v2\/posts\/907136\/revisions\/907137"}],"wp:featuredmedia":[{"embeddable":true,"href":"https:\/\/www.albinfo.ch\/fr\/wp-json\/wp\/v2\/media\/906973"}],"wp:attachment":[{"href":"https:\/\/www.albinfo.ch\/fr\/wp-json\/wp\/v2\/media?parent=907136"}],"wp:term":[{"taxonomy":"category","embeddable":true,"href":"https:\/\/www.albinfo.ch\/fr\/wp-json\/wp\/v2\/categories?post=907136"},{"taxonomy":"post_tag","embeddable":true,"href":"https:\/\/www.albinfo.ch\/fr\/wp-json\/wp\/v2\/tags?post=907136"},{"taxonomy":"vendi","embeddable":true,"href":"https:\/\/www.albinfo.ch\/fr\/wp-json\/wp\/v2\/vendi?post=907136"},{"taxonomy":"content_country","embeddable":true,"href":"https:\/\/www.albinfo.ch\/fr\/wp-json\/wp\/v2\/content_country?post=907136"}],"curies":[{"name":"wp","href":"https:\/\/api.w.org\/{rel}","templated":true}]}}