{"id":907149,"date":"2026-03-10T10:07:05","date_gmt":"2026-03-10T09:07:05","guid":{"rendered":"https:\/\/www.albinfo.ch\/?p=907149"},"modified":"2026-03-10T22:22:41","modified_gmt":"2026-03-10T21:22:41","slug":"les-eleves-albanais-triomphent-au-quiz-du-savoir-2026-a-laholm-en-suede","status":"publish","type":"post","link":"https:\/\/www.albinfo.ch\/fr\/les-eleves-albanais-triomphent-au-quiz-du-savoir-2026-a-laholm-en-suede\/","title":{"rendered":"Les \u00e9l\u00e8ves albanais triomphent au Quiz du Savoir 2026 \u00e0 Laholm, en Su\u00e8de"},"content":{"rendered":"<p data-start=\"6\" data-end=\"559\">Le 7 mars, dans la ville de <span class=\"hover:entity-accent entity-underline inline cursor-pointer align-baseline\"><span class=\"whitespace-normal\">Laholm<\/span><\/span> en <span class=\"hover:entity-accent entity-underline inline cursor-pointer align-baseline\"><span class=\"whitespace-normal\">Su\u00e8de<\/span><\/span>, s\u2019est d\u00e9roul\u00e9 le Quiz du Savoir 2026, un \u00e9v\u00e9nement d\u00e9di\u00e9 aux \u00e9l\u00e8ves albanais provenant de toute la Su\u00e8de. L\u2019activit\u00e9 a \u00e9t\u00e9 organis\u00e9e par la Ligue des associations albanaises &#8220;Iliria&#8221; en collaboration avec le Conseil d\u2019organisation du quiz, tandis que l\u2019<span class=\"hover:entity-accent entity-underline inline cursor-pointer align-baseline\"><span class=\"whitespace-normal\">Ambassade de la R\u00e9publique d\u2019Albanie en Su\u00e8de<\/span><\/span> \u00e9tait repr\u00e9sent\u00e9e par le Charg\u00e9 d\u2019affaires <span class=\"hover:entity-accent entity-underline inline cursor-pointer align-baseline\"><span class=\"whitespace-normal\">Eno \u00c7ollaku<\/span><\/span>, qui a adress\u00e9 un message de salut aux participants, rapporte albinfo.ch.<\/p>\n<p data-start=\"561\" data-end=\"1000\">Les \u00e9l\u00e8ves ont concouru dans diff\u00e9rents domaines de connaissance, notamment l\u2019histoire, la g\u00e9ographie, l\u2019art et la culture, d\u00e9montrant ainsi leurs connaissances et leurs comp\u00e9tences. Le groupe provenant de la ville de <span class=\"hover:entity-accent entity-underline inline cursor-pointer align-baseline\"><span class=\"whitespace-normal\">Malm\u00f6<\/span><\/span> a remport\u00e9 la comp\u00e9tition, tandis que le programme a \u00e9galement \u00e9t\u00e9 enrichi par des danses traditionnelles albanaises interpr\u00e9t\u00e9es par de jeunes filles talentueuses de diff\u00e9rents \u00e2ges.<\/p>\n<p data-start=\"1002\" data-end=\"1283\">Malgr\u00e9 la d\u00e9signation d\u2019un gagnant, les organisateurs ont soulign\u00e9 que la v\u00e9ritable valeur de cet \u00e9v\u00e9nement r\u00e9side dans l\u2019\u00e9panouissement de la jeune g\u00e9n\u00e9ration albanaise dans la diaspora, qui \u00e0 travers de telles activit\u00e9s pr\u00e9serve son identit\u00e9 nationale et son lien avec la patrie.\/Albinfo.ch<\/p>\n<p><img loading=\"lazy\" decoding=\"async\" class=\"alignnone wp-image-906982\" src=\"https:\/\/www.albinfo.ch\/wp-content\/uploads\/2026\/03\/img_7819-1024x768.jpeg\" alt=\"\" width=\"500\" height=\"375\" srcset=\"https:\/\/www.albinfo.ch\/wp-content\/uploads\/2026\/03\/img_7819-1024x768.jpeg 1024w, https:\/\/www.albinfo.ch\/wp-content\/uploads\/2026\/03\/img_7819-300x225.jpeg 300w, https:\/\/www.albinfo.ch\/wp-content\/uploads\/2026\/03\/img_7819-768x576.jpeg 768w, https:\/\/www.albinfo.ch\/wp-content\/uploads\/2026\/03\/img_7819-1536x1152.jpeg 1536w, https:\/\/www.albinfo.ch\/wp-content\/uploads\/2026\/03\/img_7819-528x396.jpeg 528w, https:\/\/www.albinfo.ch\/wp-content\/uploads\/2026\/03\/img_7819-133x100.jpeg 133w, https:\/\/www.albinfo.ch\/wp-content\/uploads\/2026\/03\/img_7819-233x175.jpeg 233w, https:\/\/www.albinfo.ch\/wp-content\/uploads\/2026\/03\/img_7819.jpeg 1600w\" sizes=\"auto, (max-width: 500px) 100vw, 500px\" \/> <img loading=\"lazy\" decoding=\"async\" class=\"alignnone wp-image-906985\" src=\"https:\/\/www.albinfo.ch\/wp-content\/uploads\/2026\/03\/img_7820-1024x739.jpeg\" alt=\"\" width=\"500\" height=\"361\" srcset=\"https:\/\/www.albinfo.ch\/wp-content\/uploads\/2026\/03\/img_7820-1024x739.jpeg 1024w, https:\/\/www.albinfo.ch\/wp-content\/uploads\/2026\/03\/img_7820-300x216.jpeg 300w, https:\/\/www.albinfo.ch\/wp-content\/uploads\/2026\/03\/img_7820-768x554.jpeg 768w, https:\/\/www.albinfo.ch\/wp-content\/uploads\/2026\/03\/img_7820-1536x1108.jpeg 1536w, https:\/\/www.albinfo.ch\/wp-content\/uploads\/2026\/03\/img_7820-549x396.jpeg 549w, https:\/\/www.albinfo.ch\/wp-content\/uploads\/2026\/03\/img_7820-139x100.jpeg 139w, https:\/\/www.albinfo.ch\/wp-content\/uploads\/2026\/03\/img_7820-243x175.jpeg 243w, https:\/\/www.albinfo.ch\/wp-content\/uploads\/2026\/03\/img_7820.jpeg 1600w\" sizes=\"auto, (max-width: 500px) 100vw, 500px\" \/> <img loading=\"lazy\" decoding=\"async\" class=\"alignnone wp-image-906988\" src=\"https:\/\/www.albinfo.ch\/wp-content\/uploads\/2026\/03\/img_7821-1024x768.jpeg\" alt=\"\" width=\"500\" height=\"375\" srcset=\"https:\/\/www.albinfo.ch\/wp-content\/uploads\/2026\/03\/img_7821-1024x768.jpeg 1024w, https:\/\/www.albinfo.ch\/wp-content\/uploads\/2026\/03\/img_7821-300x225.jpeg 300w, https:\/\/www.albinfo.ch\/wp-content\/uploads\/2026\/03\/img_7821-768x576.jpeg 768w, https:\/\/www.albinfo.ch\/wp-content\/uploads\/2026\/03\/img_7821-1536x1152.jpeg 1536w, https:\/\/www.albinfo.ch\/wp-content\/uploads\/2026\/03\/img_7821-528x396.jpeg 528w, https:\/\/www.albinfo.ch\/wp-content\/uploads\/2026\/03\/img_7821-133x100.jpeg 133w, https:\/\/www.albinfo.ch\/wp-content\/uploads\/2026\/03\/img_7821-233x175.jpeg 233w, https:\/\/www.albinfo.ch\/wp-content\/uploads\/2026\/03\/img_7821.jpeg 1600w\" sizes=\"auto, (max-width: 500px) 100vw, 500px\" \/> <img loading=\"lazy\" decoding=\"async\" class=\"alignnone wp-image-906991\" src=\"https:\/\/www.albinfo.ch\/wp-content\/uploads\/2026\/03\/img_7822-1024x768.jpeg\" alt=\"\" width=\"500\" height=\"375\" srcset=\"https:\/\/www.albinfo.ch\/wp-content\/uploads\/2026\/03\/img_7822-1024x768.jpeg 1024w, https:\/\/www.albinfo.ch\/wp-content\/uploads\/2026\/03\/img_7822-300x225.jpeg 300w, https:\/\/www.albinfo.ch\/wp-content\/uploads\/2026\/03\/img_7822-768x576.jpeg 768w, https:\/\/www.albinfo.ch\/wp-content\/uploads\/2026\/03\/img_7822-528x396.jpeg 528w, https:\/\/www.albinfo.ch\/wp-content\/uploads\/2026\/03\/img_7822-133x100.jpeg 133w, https:\/\/www.albinfo.ch\/wp-content\/uploads\/2026\/03\/img_7822-233x175.jpeg 233w, https:\/\/www.albinfo.ch\/wp-content\/uploads\/2026\/03\/img_7822.jpeg 1080w\" sizes=\"auto, (max-width: 500px) 100vw, 500px\" \/><\/p>\n","protected":false},"excerpt":{"rendered":"<p>Eventi i organizuar nga Lidhja \u2018Iliria\u2019 promovoi kultur\u00ebn, historin\u00eb dhe talentin e t\u00eb rinjve shqiptar\u00eb n\u00eb diaspor\u00eb<\/p>\n","protected":false},"author":6,"featured_media":906995,"comment_status":"closed","ping_status":"closed","sticky":false,"template":"","format":"standard","meta":{"footnotes":""},"categories":[24637,1166,24630,1163],"tags":[],"vendi":[],"content_country":[],"class_list":["post-907149","post","type-post","status-publish","format-standard","has-post-thumbnail","hentry","category-nouvelles-fr-4","category-langues","category-nouvelles","category-fr-e-diaspora"],"acf":[],"_links":{"self":[{"href":"https:\/\/www.albinfo.ch\/fr\/wp-json\/wp\/v2\/posts\/907149","targetHints":{"allow":["GET"]}}],"collection":[{"href":"https:\/\/www.albinfo.ch\/fr\/wp-json\/wp\/v2\/posts"}],"about":[{"href":"https:\/\/www.albinfo.ch\/fr\/wp-json\/wp\/v2\/types\/post"}],"author":[{"embeddable":true,"href":"https:\/\/www.albinfo.ch\/fr\/wp-json\/wp\/v2\/users\/6"}],"replies":[{"embeddable":true,"href":"https:\/\/www.albinfo.ch\/fr\/wp-json\/wp\/v2\/comments?post=907149"}],"version-history":[{"count":1,"href":"https:\/\/www.albinfo.ch\/fr\/wp-json\/wp\/v2\/posts\/907149\/revisions"}],"predecessor-version":[{"id":907151,"href":"https:\/\/www.albinfo.ch\/fr\/wp-json\/wp\/v2\/posts\/907149\/revisions\/907151"}],"wp:featuredmedia":[{"embeddable":true,"href":"https:\/\/www.albinfo.ch\/fr\/wp-json\/wp\/v2\/media\/906995"}],"wp:attachment":[{"href":"https:\/\/www.albinfo.ch\/fr\/wp-json\/wp\/v2\/media?parent=907149"}],"wp:term":[{"taxonomy":"category","embeddable":true,"href":"https:\/\/www.albinfo.ch\/fr\/wp-json\/wp\/v2\/categories?post=907149"},{"taxonomy":"post_tag","embeddable":true,"href":"https:\/\/www.albinfo.ch\/fr\/wp-json\/wp\/v2\/tags?post=907149"},{"taxonomy":"vendi","embeddable":true,"href":"https:\/\/www.albinfo.ch\/fr\/wp-json\/wp\/v2\/vendi?post=907149"},{"taxonomy":"content_country","embeddable":true,"href":"https:\/\/www.albinfo.ch\/fr\/wp-json\/wp\/v2\/content_country?post=907149"}],"curies":[{"name":"wp","href":"https:\/\/api.w.org\/{rel}","templated":true}]}}