{"id":907158,"date":"2026-03-10T11:08:41","date_gmt":"2026-03-10T10:08:41","guid":{"rendered":"https:\/\/www.albinfo.ch\/?p=907158"},"modified":"2026-03-10T22:32:41","modified_gmt":"2026-03-10T21:32:41","slug":"tournoi-de-futsal-a-berlin-pour-le-28e-anniversaire-de-lepopee-de-luck","status":"publish","type":"post","link":"https:\/\/www.albinfo.ch\/fr\/tournoi-de-futsal-a-berlin-pour-le-28e-anniversaire-de-lepopee-de-luck\/","title":{"rendered":"Tournoi de futsal \u00e0 Berlin pour le 28e anniversaire de l\u2019\u00c9pop\u00e9e de l\u2019U\u00c7K"},"content":{"rendered":"<p data-start=\"6\" data-end=\"384\">En coorganisation avec <span class=\"hover:entity-accent entity-underline inline cursor-pointer align-baseline\"><span class=\"whitespace-normal\">FC Liria<\/span><\/span>, un tournoi de futsal s\u2019est d\u00e9roul\u00e9 \u00e0 <span class=\"hover:entity-accent entity-underline inline cursor-pointer align-baseline\"><span class=\"whitespace-normal\">Berlin<\/span><\/span> pour marquer le 28e anniversaire de l\u2019\u00c9pop\u00e9e de l\u2019Arm\u00e9e de lib\u00e9ration du Kosovo. L\u2019\u00e9v\u00e9nement a r\u00e9uni la communaut\u00e9 albanaise dans une atmosph\u00e8re sportive et festive, combinant m\u00e9moire historique et passion pour le sport, rapporte albinfo.ch.<\/p>\n<p data-start=\"386\" data-end=\"822\">Lors de cette organisation, l\u2019ambassadeur <span class=\"hover:entity-accent entity-underline inline cursor-pointer align-baseline\"><span class=\"whitespace-normal\">Faruk Ajeti<\/span><\/span> a remerci\u00e9 les participants ainsi que FC Liria pour leur engagement dans la r\u00e9alisation du tournoi. Il a soulign\u00e9 l\u2019importance de l\u2019\u00c9pop\u00e9e de l\u2019U\u00c7K comme symbole de sacrifice, de courage et de d\u00e9vouement pour la libert\u00e9 du Kosovo, en mettant en avant que l\u2019activit\u00e9 s\u2019est tenue en l\u2019honneur de la contribution historique de l\u2019Arm\u00e9e de lib\u00e9ration du Kosovo.<\/p>\n<p data-start=\"824\" data-end=\"1001\">Le tournoi s\u2019est transform\u00e9 en une occasion de renforcer les liens entre les compatriotes et de rappeler l\u2019un des \u00e9v\u00e9nements les plus importants de l\u2019histoire r\u00e9cente du Kosovo.\/Albinfo.ch<\/p>\n","protected":false},"excerpt":{"rendered":"<p>Komuniteti shqiptar n\u00eb Berlin mblidhet p\u00ebr t\u00eb nderuar kontributin historik t\u00eb Ushtris\u00eb \u00c7lirimtare t\u00eb Kosov\u00ebs<\/p>\n","protected":false},"author":6,"featured_media":907000,"comment_status":"closed","ping_status":"closed","sticky":false,"template":"","format":"standard","meta":{"footnotes":""},"categories":[24637,24630,1163],"tags":[],"vendi":[],"content_country":[],"class_list":["post-907158","post","type-post","status-publish","format-standard","has-post-thumbnail","hentry","category-nouvelles-fr-4","category-nouvelles","category-fr-e-diaspora"],"acf":[],"_links":{"self":[{"href":"https:\/\/www.albinfo.ch\/fr\/wp-json\/wp\/v2\/posts\/907158","targetHints":{"allow":["GET"]}}],"collection":[{"href":"https:\/\/www.albinfo.ch\/fr\/wp-json\/wp\/v2\/posts"}],"about":[{"href":"https:\/\/www.albinfo.ch\/fr\/wp-json\/wp\/v2\/types\/post"}],"author":[{"embeddable":true,"href":"https:\/\/www.albinfo.ch\/fr\/wp-json\/wp\/v2\/users\/6"}],"replies":[{"embeddable":true,"href":"https:\/\/www.albinfo.ch\/fr\/wp-json\/wp\/v2\/comments?post=907158"}],"version-history":[{"count":1,"href":"https:\/\/www.albinfo.ch\/fr\/wp-json\/wp\/v2\/posts\/907158\/revisions"}],"predecessor-version":[{"id":907159,"href":"https:\/\/www.albinfo.ch\/fr\/wp-json\/wp\/v2\/posts\/907158\/revisions\/907159"}],"wp:featuredmedia":[{"embeddable":true,"href":"https:\/\/www.albinfo.ch\/fr\/wp-json\/wp\/v2\/media\/907000"}],"wp:attachment":[{"href":"https:\/\/www.albinfo.ch\/fr\/wp-json\/wp\/v2\/media?parent=907158"}],"wp:term":[{"taxonomy":"category","embeddable":true,"href":"https:\/\/www.albinfo.ch\/fr\/wp-json\/wp\/v2\/categories?post=907158"},{"taxonomy":"post_tag","embeddable":true,"href":"https:\/\/www.albinfo.ch\/fr\/wp-json\/wp\/v2\/tags?post=907158"},{"taxonomy":"vendi","embeddable":true,"href":"https:\/\/www.albinfo.ch\/fr\/wp-json\/wp\/v2\/vendi?post=907158"},{"taxonomy":"content_country","embeddable":true,"href":"https:\/\/www.albinfo.ch\/fr\/wp-json\/wp\/v2\/content_country?post=907158"}],"curies":[{"name":"wp","href":"https:\/\/api.w.org\/{rel}","templated":true}]}}