{"id":907189,"date":"2026-03-10T14:11:59","date_gmt":"2026-03-10T13:11:59","guid":{"rendered":"https:\/\/www.albinfo.ch\/?p=907189"},"modified":"2026-03-10T23:25:41","modified_gmt":"2026-03-10T22:25:41","slug":"les-femmes-et-la-violence-dans-la-famille-et-la-societe-au-centre-dune-table-ronde-a-zurich-a-loccasion-du-8-mars","status":"publish","type":"post","link":"https:\/\/www.albinfo.ch\/fr\/les-femmes-et-la-violence-dans-la-famille-et-la-societe-au-centre-dune-table-ronde-a-zurich-a-loccasion-du-8-mars\/","title":{"rendered":"&#8220;Les femmes et la violence dans la famille et la soci\u00e9t\u00e9&#8221; au centre d\u2019une table ronde \u00e0 Zurich \u00e0 l\u2019occasion du 8 mars"},"content":{"rendered":"<div class=\"xdj266r x14z9mp xat24cr x1lziwak x1vvkbs x126k92a\">\n<p dir=\"auto\">L\u2019association PARANDALO, en collaboration avec l\u2019Ambassade de la R\u00e9publique du Kosovo \u00e0 <span class=\"hover:entity-accent entity-underline inline cursor-pointer align-baseline\"><span class=\"whitespace-normal\">Berne<\/span><\/span>, a organis\u00e9 \u00e0 <span class=\"hover:entity-accent entity-underline inline cursor-pointer align-baseline\"><span class=\"whitespace-normal\">Zurich<\/span><\/span> une table ronde sur le th\u00e8me &#8220;Les femmes et la violence dans la famille et la soci\u00e9t\u00e9&#8221;, dans le cadre du 8 mars, Journ\u00e9e internationale des droits des femmes. Le d\u00e9bat a r\u00e9uni des expertes et des professionnelles de diff\u00e9rents domaines afin d\u2019aborder les d\u00e9fis auxquels les femmes sont confront\u00e9es dans le contexte de la violence au sein de la famille et de la soci\u00e9t\u00e9.<\/p>\n<p><iframe loading=\"lazy\" style=\"border: none; overflow: hidden;\" src=\"https:\/\/www.facebook.com\/plugins\/post.php?href=https%3A%2F%2Fwww.facebook.com%2Falbinfo.ch%2Fposts%2Fpfbid0Pw34XPGLqEidATTkmkdnUeE5xnweJ7Vh6iuxFVxYgB2HGcXCmxtFAdeJAFsHKZsRl&amp;show_text=true&amp;width=500\" width=\"500\" height=\"723\" frameborder=\"0\" scrolling=\"no\" allowfullscreen=\"allowfullscreen\" data-mce-fragment=\"1\"><\/iframe><\/p>\n<p data-start=\"8\" data-end=\"654\">Dans le panel ont contribu\u00e9 Dr <span class=\"hover:entity-accent entity-underline inline cursor-pointer align-baseline\"><span class=\"whitespace-normal\">Feride Rushiti<\/span><\/span>, directrice ex\u00e9cutive du <span class=\"hover:entity-accent entity-underline inline cursor-pointer align-baseline\"><span class=\"whitespace-normal\">Kosovo Rehabilitation Centre for Torture Victims<\/span><\/span> (KRCT), <span class=\"hover:entity-accent entity-underline inline cursor-pointer align-baseline\"><span class=\"whitespace-normal\">Shyhrete Tahiri<\/span><\/span>, activiste des questions sociales et des droits des femmes, Dr <span class=\"hover:entity-accent entity-underline inline cursor-pointer align-baseline\"><span class=\"whitespace-normal\">Xhida Lumi<\/span><\/span>, m\u00e9decin en Suisse et conf\u00e9renci\u00e8re dans le domaine de la sant\u00e9, ainsi que Dr <span class=\"hover:entity-accent entity-underline inline cursor-pointer align-baseline\"><span class=\"whitespace-normal\">Luljeta Shaqiri Emini<\/span><\/span>, psychologue et experte en sant\u00e9 mentale en Suisse. La discussion a apport\u00e9 des perspectives professionnelles sur les m\u00e9canismes de soutien, la sensibilisation sociale et le r\u00f4le des institutions dans la pr\u00e9vention de la violence \u00e0 l\u2019\u00e9gard des femmes.<\/p>\n<p data-start=\"656\" data-end=\"1097\">L\u2019\u00e9v\u00e9nement s\u2019est cl\u00f4tur\u00e9 par une performance musicale du ch\u0153ur &#8220;Lyra&#8221;. Lors de cette table ronde, la vice-premi\u00e8re ministre et ministre de la Justice de la R\u00e9publique du Kosovo, <span class=\"hover:entity-accent entity-underline inline cursor-pointer align-baseline\"><span class=\"whitespace-normal\">Donika G\u00ebrvalla<\/span><\/span>, \u00e9tait \u00e9galement pr\u00e9sente. Elle s\u2019est adress\u00e9e aux participants et a r\u00e9pondu aux nombreuses questions du public concernant les d\u00e9fis et les responsabilit\u00e9s institutionnelles dans la lutte contre la violence faite aux femmes.<\/p>\n<div class=\"x14z9mp xat24cr x1lziwak x1vvkbs xtlvy1s x126k92a\">\n<p><iframe loading=\"lazy\" style=\"border: none; overflow: hidden;\" src=\"https:\/\/www.facebook.com\/plugins\/video.php?height=314&amp;href=https%3A%2F%2Fwww.facebook.com%2Freel%2F1648558683002636%2F&amp;show_text=false&amp;width=560&amp;t=0\" width=\"560\" height=\"314\" frameborder=\"0\" scrolling=\"no\" allowfullscreen=\"allowfullscreen\" data-mce-fragment=\"1\"><\/iframe><\/p>\n<p>Journaliste Luljeta Ademi<\/p>\n<p>Photo\/Video: Gent Mersinaj<\/p>\n<\/div>\n<\/div>\n","protected":false},"excerpt":{"rendered":"<p>L\u2019association PARANDALO, en collaboration avec l\u2019Ambassade de la R\u00e9publique du Kosovo \u00e0 Berne, a organis\u00e9 \u00e0 Zurich une table ronde sur le th\u00e8me &#8220;Les femmes et la violence dans la famille et la soci\u00e9t\u00e9&#8221;, dans le cadre du 8 mars, Journ\u00e9e internationale des droits des femmes. Le d\u00e9bat a r\u00e9uni des expertes et des professionnelles [&hellip;]<\/p>\n","protected":false},"author":6,"featured_media":907063,"comment_status":"closed","ping_status":"closed","sticky":false,"template":"","format":"standard","meta":{"footnotes":""},"categories":[1164,24694,1165,1163,1179],"tags":[],"vendi":[],"content_country":[],"class_list":["post-907189","post","type-post","status-publish","format-standard","has-post-thumbnail","hentry","category-integration-fr","category-albinfo-plus-fr","category-femmes","category-fr-e-diaspora","category-albinfo-tv-fr"],"acf":[],"_links":{"self":[{"href":"https:\/\/www.albinfo.ch\/fr\/wp-json\/wp\/v2\/posts\/907189","targetHints":{"allow":["GET"]}}],"collection":[{"href":"https:\/\/www.albinfo.ch\/fr\/wp-json\/wp\/v2\/posts"}],"about":[{"href":"https:\/\/www.albinfo.ch\/fr\/wp-json\/wp\/v2\/types\/post"}],"author":[{"embeddable":true,"href":"https:\/\/www.albinfo.ch\/fr\/wp-json\/wp\/v2\/users\/6"}],"replies":[{"embeddable":true,"href":"https:\/\/www.albinfo.ch\/fr\/wp-json\/wp\/v2\/comments?post=907189"}],"version-history":[{"count":1,"href":"https:\/\/www.albinfo.ch\/fr\/wp-json\/wp\/v2\/posts\/907189\/revisions"}],"predecessor-version":[{"id":907191,"href":"https:\/\/www.albinfo.ch\/fr\/wp-json\/wp\/v2\/posts\/907189\/revisions\/907191"}],"wp:featuredmedia":[{"embeddable":true,"href":"https:\/\/www.albinfo.ch\/fr\/wp-json\/wp\/v2\/media\/907063"}],"wp:attachment":[{"href":"https:\/\/www.albinfo.ch\/fr\/wp-json\/wp\/v2\/media?parent=907189"}],"wp:term":[{"taxonomy":"category","embeddable":true,"href":"https:\/\/www.albinfo.ch\/fr\/wp-json\/wp\/v2\/categories?post=907189"},{"taxonomy":"post_tag","embeddable":true,"href":"https:\/\/www.albinfo.ch\/fr\/wp-json\/wp\/v2\/tags?post=907189"},{"taxonomy":"vendi","embeddable":true,"href":"https:\/\/www.albinfo.ch\/fr\/wp-json\/wp\/v2\/vendi?post=907189"},{"taxonomy":"content_country","embeddable":true,"href":"https:\/\/www.albinfo.ch\/fr\/wp-json\/wp\/v2\/content_country?post=907189"}],"curies":[{"name":"wp","href":"https:\/\/api.w.org\/{rel}","templated":true}]}}