{"id":907198,"date":"2026-03-10T15:34:43","date_gmt":"2026-03-10T14:34:43","guid":{"rendered":"https:\/\/www.albinfo.ch\/?p=907198"},"modified":"2026-03-10T23:42:56","modified_gmt":"2026-03-10T22:42:56","slug":"dua-lipa-nis-bisedimet-per-nje-rol-te-ri-ne-hollywood","status":"publish","type":"post","link":"https:\/\/www.albinfo.ch\/fr\/dua-lipa-nis-bisedimet-per-nje-rol-te-ri-ne-hollywood\/","title":{"rendered":"Dua Lipa entame des discussions pour un nouveau r\u00f4le \u00e0 Hollywood"},"content":{"rendered":"<p data-start=\"8\" data-end=\"382\">La chanteuse d\u2019origine albanaise <span class=\"hover:entity-accent entity-underline inline cursor-pointer align-baseline\"><span class=\"whitespace-normal\">Dua Lipa<\/span><\/span> ouvre un nouveau chapitre de sa carri\u00e8re en s\u2019impliquant dans l\u2019industrie du cin\u00e9ma. Des sources \u00e0 <span class=\"hover:entity-accent entity-underline inline cursor-pointer align-baseline\"><span class=\"whitespace-normal\">Hollywood<\/span><\/span> indiquent que l\u2019artiste est en discussions pour un r\u00f4le dans un nouveau projet cin\u00e9matographique, dont le tournage devrait commencer cette ann\u00e9e, rapporte albinfo.ch.<\/p>\n<p data-start=\"384\" data-end=\"620\">Apr\u00e8s ses d\u00e9buts dans le film <span class=\"hover:entity-accent entity-underline inline cursor-pointer align-baseline\"><span class=\"whitespace-normal\">Barbie<\/span><\/span>, o\u00f9 elle a interpr\u00e9t\u00e9 le personnage de &#8220;Mermaid Barbie&#8221;, plusieurs producteurs consid\u00e8rent Lipa comme un nom attractif pour des projets qui combinent musique et cin\u00e9ma.<\/p>\n<p data-start=\"622\" data-end=\"924\">Bien que les d\u00e9tails du projet ne soient pas encore publics, des m\u00e9dias sp\u00e9cialis\u00e9s de l\u2019industrie, dont <span class=\"hover:entity-accent entity-underline inline cursor-pointer align-baseline\"><span class=\"whitespace-normal\">Variety<\/span><\/span>, rapportent que Lipa examine plusieurs offres pour des films musicaux et des com\u00e9dies romantiques, soulignant sa volont\u00e9 d\u2019\u00e9largir sa pr\u00e9sence sur grand \u00e9cran.<\/p>\n","protected":false},"excerpt":{"rendered":"<p>Pas debutimit n\u00eb \u201cBarbie\u201d, k\u00ebng\u00ebtarja shqiptare po shqyrton projekte t\u00eb reja filmike q\u00eb kombinojn\u00eb muzik\u00ebn dhe komedin\u00eb romantike.<\/p>\n","protected":false},"author":6,"featured_media":907059,"comment_status":"closed","ping_status":"closed","sticky":false,"template":"","format":"standard","meta":{"footnotes":""},"categories":[23271,24666,23277,23270,1159,1168],"tags":[],"vendi":[],"content_country":[],"class_list":["post-907198","post","type-post","status-publish","format-standard","has-post-thumbnail","hentry","category-kosovo","category-cinema","category-news-fr","category-at-balkani-fr","category-ch-balkans","category-culture"],"acf":[],"_links":{"self":[{"href":"https:\/\/www.albinfo.ch\/fr\/wp-json\/wp\/v2\/posts\/907198","targetHints":{"allow":["GET"]}}],"collection":[{"href":"https:\/\/www.albinfo.ch\/fr\/wp-json\/wp\/v2\/posts"}],"about":[{"href":"https:\/\/www.albinfo.ch\/fr\/wp-json\/wp\/v2\/types\/post"}],"author":[{"embeddable":true,"href":"https:\/\/www.albinfo.ch\/fr\/wp-json\/wp\/v2\/users\/6"}],"replies":[{"embeddable":true,"href":"https:\/\/www.albinfo.ch\/fr\/wp-json\/wp\/v2\/comments?post=907198"}],"version-history":[{"count":3,"href":"https:\/\/www.albinfo.ch\/fr\/wp-json\/wp\/v2\/posts\/907198\/revisions"}],"predecessor-version":[{"id":907201,"href":"https:\/\/www.albinfo.ch\/fr\/wp-json\/wp\/v2\/posts\/907198\/revisions\/907201"}],"wp:featuredmedia":[{"embeddable":true,"href":"https:\/\/www.albinfo.ch\/fr\/wp-json\/wp\/v2\/media\/907059"}],"wp:attachment":[{"href":"https:\/\/www.albinfo.ch\/fr\/wp-json\/wp\/v2\/media?parent=907198"}],"wp:term":[{"taxonomy":"category","embeddable":true,"href":"https:\/\/www.albinfo.ch\/fr\/wp-json\/wp\/v2\/categories?post=907198"},{"taxonomy":"post_tag","embeddable":true,"href":"https:\/\/www.albinfo.ch\/fr\/wp-json\/wp\/v2\/tags?post=907198"},{"taxonomy":"vendi","embeddable":true,"href":"https:\/\/www.albinfo.ch\/fr\/wp-json\/wp\/v2\/vendi?post=907198"},{"taxonomy":"content_country","embeddable":true,"href":"https:\/\/www.albinfo.ch\/fr\/wp-json\/wp\/v2\/content_country?post=907198"}],"curies":[{"name":"wp","href":"https:\/\/api.w.org\/{rel}","templated":true}]}}