{"id":907532,"date":"2026-03-11T13:18:11","date_gmt":"2026-03-11T12:18:11","guid":{"rendered":"https:\/\/www.albinfo.ch\/?p=907532"},"modified":"2026-03-12T00:57:19","modified_gmt":"2026-03-11T23:57:19","slug":"bau-investment-schweiz-ag-elargit-son-portefeuille-avec-lun-des-projets-residentiels-les-plus-eleves-a-effretikon","status":"publish","type":"post","link":"https:\/\/www.albinfo.ch\/fr\/bau-investment-schweiz-ag-elargit-son-portefeuille-avec-lun-des-projets-residentiels-les-plus-eleves-a-effretikon\/","title":{"rendered":"Bau Investment Schweiz AG \u00e9largit son portefeuille avec l\u2019un des projets r\u00e9sidentiels les plus \u00e9lev\u00e9s \u00e0 Effretikon"},"content":{"rendered":"<p data-start=\"8\" data-end=\"329\">La soci\u00e9t\u00e9 <a href=\"https:\/\/bauinvestment.ch\/\"><span class=\"hover:entity-accent entity-underline inline cursor-pointer align-baseline\"><span class=\"whitespace-normal\">Bau Investment Schweiz AG<\/span><\/span><\/a>, dont le si\u00e8ge se trouve \u00e0 <span class=\"hover:entity-accent entity-underline inline cursor-pointer align-baseline\"><span class=\"whitespace-normal\">Schlieren<\/span><\/span>, dans le canton de <span class=\"hover:entity-accent entity-underline inline cursor-pointer align-baseline\"><span class=\"whitespace-normal\">Zurich<\/span><\/span>, renforce sa pr\u00e9sence sur le march\u00e9 immobilier en acqu\u00e9rant un important immeuble r\u00e9sidentiel dans la r\u00e9gion de <span class=\"hover:entity-accent entity-underline inline cursor-pointer align-baseline\"><span class=\"whitespace-normal\">Effretikon<\/span><\/span>.<\/p>\n<p data-start=\"331\" data-end=\"593\">Ce projet r\u00e9sidentiel moderne, l\u2019un des b\u00e2timents les plus \u00e9lev\u00e9s de la r\u00e9gion, comprend au total 51 unit\u00e9s d\u2019habitation. Il se distingue par une architecture soigneusement pens\u00e9e, un emplacement strat\u00e9gique et des standards \u00e9lev\u00e9s de confort pour les r\u00e9sidents.<\/p>\n<p><a href=\"https:\/\/www.albinfo.ch\/wp-content\/uploads\/2026\/03\/foto-aussen-1.jpg\"><img loading=\"lazy\" decoding=\"async\" class=\"alignnone size-large wp-image-907316\" src=\"https:\/\/www.albinfo.ch\/wp-content\/uploads\/2026\/03\/foto-aussen-1-641x1024.jpg\" alt=\"\" width=\"640\" height=\"1022\" srcset=\"https:\/\/www.albinfo.ch\/wp-content\/uploads\/2026\/03\/foto-aussen-1-641x1024.jpg 641w, https:\/\/www.albinfo.ch\/wp-content\/uploads\/2026\/03\/foto-aussen-1-188x300.jpg 188w, https:\/\/www.albinfo.ch\/wp-content\/uploads\/2026\/03\/foto-aussen-1-768x1227.jpg 768w, https:\/\/www.albinfo.ch\/wp-content\/uploads\/2026\/03\/foto-aussen-1-962x1536.jpg 962w, https:\/\/www.albinfo.ch\/wp-content\/uploads\/2026\/03\/foto-aussen-1-248x396.jpg 248w, https:\/\/www.albinfo.ch\/wp-content\/uploads\/2026\/03\/foto-aussen-1-63x100.jpg 63w, https:\/\/www.albinfo.ch\/wp-content\/uploads\/2026\/03\/foto-aussen-1-110x175.jpg 110w, https:\/\/www.albinfo.ch\/wp-content\/uploads\/2026\/03\/foto-aussen-1.jpg 1125w\" sizes=\"auto, (max-width: 640px) 100vw, 640px\" \/><\/a><\/p>\n<p data-start=\"8\" data-end=\"390\">Le b\u00e2timent a \u00e9t\u00e9 con\u00e7u pour s\u2019int\u00e9grer harmonieusement dans son environnement, en combinant un design contemporain avec la fonctionnalit\u00e9 pratique des espaces de vie. Les appartements sont adapt\u00e9s \u00e0 diff\u00e9rentes cat\u00e9gories de r\u00e9sidents, notamment les familles, les couples et les personnes seules qui recherchent une qualit\u00e9 de vie \u00e9lev\u00e9e et un environnement moderne et confortable.<\/p>\n<p data-start=\"392\" data-end=\"713\">&#8220;Avec cet investissement, <a href=\"https:\/\/bauinvestment.ch\/\"><span class=\"hover:entity-accent entity-underline inline cursor-pointer align-baseline\"><span class=\"whitespace-normal\">Bau Investment Schweiz AG<\/span><\/span><\/a> \u00e9largit strat\u00e9giquement son portefeuille immobilier avec un projet qui offre une stabilit\u00e9 de valeur \u00e0 long terme et un potentiel de d\u00e9veloppement consid\u00e9rable pour l\u2019avenir&#8221;, d\u00e9clare <span class=\"hover:entity-accent entity-underline inline cursor-pointer align-baseline\"><span class=\"whitespace-normal\">Loris Shoshi<\/span><\/span>, directeur g\u00e9n\u00e9ral de l\u2019entreprise.<\/p>\n<p data-start=\"715\" data-end=\"991\">De son c\u00f4t\u00e9, <span class=\"hover:entity-accent entity-underline inline cursor-pointer align-baseline\"><span class=\"whitespace-normal\">Arsen Shoshi<\/span><\/span>, directeur du conseil d\u2019administration de Bau Investment Schweiz AG, qui poss\u00e8de plus de deux d\u00e9cennies d\u2019exp\u00e9rience dans le secteur immobilier, souligne l\u2019importance de cet investissement pour le d\u00e9veloppement de la soci\u00e9t\u00e9.<\/p>\n<p data-start=\"993\" data-end=\"1348\">&#8220;Avec cet investissement, nous construisons un portefeuille immobilier \u00e0 long terme et renfor\u00e7ons la stabilit\u00e9 financi\u00e8re de notre entreprise. Depuis la p\u00e9riode de la pand\u00e9mie de <span class=\"hover:entity-accent entity-underline inline cursor-pointer align-baseline\"><span class=\"whitespace-normal\">COVID-19<\/span><\/span>, lorsque nous avons fond\u00e9 l\u2019entreprise, nous avons connu une croissance importante et \u00e9largi nos op\u00e9rations sur le march\u00e9&#8221;, explique-t-il.<\/p>\n<p data-start=\"1350\" data-end=\"1552\">Selon lui, la combinaison d\u2019une architecture moderne, d\u2019une planification fonctionnelle des espaces et d\u2019un emplacement avantageux fait de ce complexe r\u00e9sidentiel un investissement important et durable.<\/p>\n<p data-start=\"1554\" data-end=\"1812\">Ce projet refl\u00e8te la vision de l\u2019entreprise en mati\u00e8re de d\u00e9veloppement immobilier, visant non seulement \u00e0 r\u00e9pondre aux standards contemporains de l\u2019habitat, mais aussi \u00e0 cr\u00e9er une valeur durable pour les r\u00e9sidents, les investisseurs et la communaut\u00e9 locale.<\/p>\n<p data-start=\"1814\" data-end=\"2160\">\u00c0 travers de tels projets, Bau Investment Schweiz AG contribue au d\u00e9veloppement urbain et \u00e0 la cr\u00e9ation d\u2019espaces de vie modernes dans la r\u00e9gion de <span class=\"hover:entity-accent entity-underline inline cursor-pointer align-baseline\"><span class=\"whitespace-normal\">Zurich<\/span><\/span>. L\u2019entreprise est sp\u00e9cialis\u00e9e dans la consolidation et l\u2019expansion de portefeuilles de logements existants et poss\u00e8de actuellement des centaines d\u2019appartements.<\/p>\n<p data-start=\"2162\" data-end=\"2173\">Lire aussi:<\/p>\n<blockquote class=\"wp-embedded-content\" data-secret=\"2Fyop67jsN\"><p><a href=\"https:\/\/www.albinfo.ch\/bau-investment-schweiz-ag-kompania-qe-lulezoi-ne-kohe-pandemie\/\">\u201cBau Investment Schweiz AG\u201d, kompania q\u00eb lul\u00ebzoi n\u00eb koh\u00eb pandemie<\/a><\/p><\/blockquote>\n<p><iframe loading=\"lazy\" class=\"wp-embedded-content\" sandbox=\"allow-scripts\" security=\"restricted\" style=\"position: absolute; visibility: hidden;\" title=\"&#8220;\u201cBau Investment Schweiz AG\u201d, kompania q\u00eb lul\u00ebzoi n\u00eb koh\u00eb pandemie&#8221; &#8212; Albinfo\" src=\"https:\/\/www.albinfo.ch\/bau-investment-schweiz-ag-kompania-qe-lulezoi-ne-kohe-pandemie\/embed\/#?secret=DRY69Q0P1M#?secret=2Fyop67jsN\" data-secret=\"2Fyop67jsN\" width=\"587\" height=\"331\" frameborder=\"0\" marginwidth=\"0\" marginheight=\"0\" scrolling=\"no\"><\/iframe><\/p>\n<p>&nbsp;<\/p>\n","protected":false},"excerpt":{"rendered":"<p>La soci\u00e9t\u00e9 Bau Investment Schweiz AG, dont le si\u00e8ge se trouve \u00e0 Schlieren, dans le canton de Zurich, renforce sa pr\u00e9sence sur le march\u00e9 immobilier en acqu\u00e9rant un important immeuble r\u00e9sidentiel dans la r\u00e9gion de Effretikon. Ce projet r\u00e9sidentiel moderne, l\u2019un des b\u00e2timents les plus \u00e9lev\u00e9s de la r\u00e9gion, comprend au total 51 unit\u00e9s d\u2019habitation. [&hellip;]<\/p>\n","protected":false},"author":6,"featured_media":907311,"comment_status":"closed","ping_status":"closed","sticky":false,"template":"","format":"standard","meta":{"footnotes":""},"categories":[34916,3980,24637,3979,1163,1170],"tags":[],"vendi":[],"content_country":[],"class_list":["post-907532","post","type-post","status-publish","format-standard","has-post-thumbnail","hentry","category-marketing-jeta-ne-zvicer-fr","category-portrait-des-entreprises","category-nouvelles-fr-4","category-entreprises-cat","category-fr-e-diaspora","category-vivre-en-suisse"],"acf":[],"_links":{"self":[{"href":"https:\/\/www.albinfo.ch\/fr\/wp-json\/wp\/v2\/posts\/907532","targetHints":{"allow":["GET"]}}],"collection":[{"href":"https:\/\/www.albinfo.ch\/fr\/wp-json\/wp\/v2\/posts"}],"about":[{"href":"https:\/\/www.albinfo.ch\/fr\/wp-json\/wp\/v2\/types\/post"}],"author":[{"embeddable":true,"href":"https:\/\/www.albinfo.ch\/fr\/wp-json\/wp\/v2\/users\/6"}],"replies":[{"embeddable":true,"href":"https:\/\/www.albinfo.ch\/fr\/wp-json\/wp\/v2\/comments?post=907532"}],"version-history":[{"count":1,"href":"https:\/\/www.albinfo.ch\/fr\/wp-json\/wp\/v2\/posts\/907532\/revisions"}],"predecessor-version":[{"id":907539,"href":"https:\/\/www.albinfo.ch\/fr\/wp-json\/wp\/v2\/posts\/907532\/revisions\/907539"}],"wp:featuredmedia":[{"embeddable":true,"href":"https:\/\/www.albinfo.ch\/fr\/wp-json\/wp\/v2\/media\/907311"}],"wp:attachment":[{"href":"https:\/\/www.albinfo.ch\/fr\/wp-json\/wp\/v2\/media?parent=907532"}],"wp:term":[{"taxonomy":"category","embeddable":true,"href":"https:\/\/www.albinfo.ch\/fr\/wp-json\/wp\/v2\/categories?post=907532"},{"taxonomy":"post_tag","embeddable":true,"href":"https:\/\/www.albinfo.ch\/fr\/wp-json\/wp\/v2\/tags?post=907532"},{"taxonomy":"vendi","embeddable":true,"href":"https:\/\/www.albinfo.ch\/fr\/wp-json\/wp\/v2\/vendi?post=907532"},{"taxonomy":"content_country","embeddable":true,"href":"https:\/\/www.albinfo.ch\/fr\/wp-json\/wp\/v2\/content_country?post=907532"}],"curies":[{"name":"wp","href":"https:\/\/api.w.org\/{rel}","templated":true}]}}