{"id":907546,"date":"2026-03-11T15:04:28","date_gmt":"2026-03-11T14:04:28","guid":{"rendered":"https:\/\/www.albinfo.ch\/?p=907546"},"modified":"2026-03-12T01:08:38","modified_gmt":"2026-03-12T00:08:38","slug":"osmani-recoit-les-representants-de-lotan-et-remercie-le-general-sven-lange-pour-sa-contribution-au-kosovo","status":"publish","type":"post","link":"https:\/\/www.albinfo.ch\/fr\/osmani-recoit-les-representants-de-lotan-et-remercie-le-general-sven-lange-pour-sa-contribution-au-kosovo\/","title":{"rendered":"Osmani re\u00e7oit les repr\u00e9sentants de l\u2019OTAN et remercie le g\u00e9n\u00e9ral Sven Lange pour sa contribution au Kosovo"},"content":{"rendered":"<p data-start=\"8\" data-end=\"409\">La pr\u00e9sidente de la R\u00e9publique du <span class=\"hover:entity-accent entity-underline inline cursor-pointer align-baseline\"><span class=\"whitespace-normal\">Kosovo<\/span><\/span>, <span class=\"hover:entity-accent entity-underline inline cursor-pointer align-baseline\"><span class=\"whitespace-normal\">Vjosa Osmani<\/span><\/span>, a re\u00e7u en r\u00e9union le directeur sortant de l\u2019\u00c9quipe consultative et de liaison de l\u2019<span class=\"hover:entity-accent entity-underline inline cursor-pointer align-baseline\"><span class=\"whitespace-normal\">OTAN<\/span><\/span> (NALT), le g\u00e9n\u00e9ral de brigade Dr <span class=\"hover:entity-accent entity-underline inline cursor-pointer align-baseline\"><span class=\"whitespace-normal\">Sven Lange<\/span><\/span>, ainsi que la repr\u00e9sentante de l\u2019OTAN <span class=\"hover:entity-accent entity-underline inline cursor-pointer align-baseline\"><span class=\"whitespace-normal\">Blanca Hereza Atienza<\/span><\/span>, rapporte albinfo.ch.<\/p>\n<p data-start=\"411\" data-end=\"690\">Lors de la rencontre, Osmani a exprim\u00e9 sa gratitude pour l\u2019engagement continu de l\u2019OTAN dans la pr\u00e9servation de la s\u00e9curit\u00e9 et de la stabilit\u00e9 au Kosovo. Elle a \u00e9galement soulign\u00e9 le r\u00f4le important du NALT dans le d\u00e9veloppement des institutions de s\u00e9curit\u00e9 et de d\u00e9fense du pays.<\/p>\n<p data-start=\"692\" data-end=\"970\">La pr\u00e9sidente a indiqu\u00e9 que le soutien de l\u2019OTAN a \u00e9t\u00e9 particuli\u00e8rement important dans le d\u00e9veloppement et la professionnalisation de la <span class=\"hover:entity-accent entity-underline inline cursor-pointer align-baseline\"><span class=\"whitespace-normal\">Force de s\u00e9curit\u00e9 du Kosovo<\/span><\/span>, contribuant directement au renforcement des capacit\u00e9s professionnelles et institutionnelles du Kosovo.<\/p>\n<p data-start=\"972\" data-end=\"1281\">\u00c0 cette occasion, Osmani a salu\u00e9 le travail et l\u2019engagement du g\u00e9n\u00e9ral de brigade Dr Sven Lange, qui termine son mandat d\u2019un an en tant que directeur du NALT. Au nom des institutions et des citoyens du Kosovo, elle l\u2019a remerci\u00e9 pour sa contribution au renforcement de la coop\u00e9ration entre le Kosovo et l\u2019OTAN.<\/p>\n<p data-start=\"1283\" data-end=\"1479\">\u00c0 la fin de la rencontre, la pr\u00e9sidente a r\u00e9affirm\u00e9 l\u2019engagement du Kosovo en faveur de la paix, de la stabilit\u00e9 et des valeurs euro-atlantiques, ainsi que l\u2019aspiration du pays \u00e0 rejoindre l\u2019OTAN.\/Albinfo.ch<\/p>\n","protected":false},"excerpt":{"rendered":"<p>La pr\u00e9sidente de la R\u00e9publique du Kosovo, Vjosa Osmani, a re\u00e7u en r\u00e9union le directeur sortant de l\u2019\u00c9quipe consultative et de liaison de l\u2019OTAN (NALT), le g\u00e9n\u00e9ral de brigade Dr Sven Lange, ainsi que la repr\u00e9sentante de l\u2019OTAN Blanca Hereza Atienza, rapporte albinfo.ch. Lors de la rencontre, Osmani a exprim\u00e9 sa gratitude pour l\u2019engagement continu [&hellip;]<\/p>\n","protected":false},"author":6,"featured_media":907351,"comment_status":"closed","ping_status":"closed","sticky":false,"template":"","format":"standard","meta":{"footnotes":""},"categories":[23271,1160,3949,23277,23270,1159],"tags":[],"vendi":[],"content_country":[],"class_list":["post-907546","post","type-post","status-publish","format-standard","has-post-thumbnail","hentry","category-kosovo","category-actuel","category-kosova-fr","category-news-fr","category-at-balkani-fr","category-ch-balkans"],"acf":[],"_links":{"self":[{"href":"https:\/\/www.albinfo.ch\/fr\/wp-json\/wp\/v2\/posts\/907546","targetHints":{"allow":["GET"]}}],"collection":[{"href":"https:\/\/www.albinfo.ch\/fr\/wp-json\/wp\/v2\/posts"}],"about":[{"href":"https:\/\/www.albinfo.ch\/fr\/wp-json\/wp\/v2\/types\/post"}],"author":[{"embeddable":true,"href":"https:\/\/www.albinfo.ch\/fr\/wp-json\/wp\/v2\/users\/6"}],"replies":[{"embeddable":true,"href":"https:\/\/www.albinfo.ch\/fr\/wp-json\/wp\/v2\/comments?post=907546"}],"version-history":[{"count":1,"href":"https:\/\/www.albinfo.ch\/fr\/wp-json\/wp\/v2\/posts\/907546\/revisions"}],"predecessor-version":[{"id":907547,"href":"https:\/\/www.albinfo.ch\/fr\/wp-json\/wp\/v2\/posts\/907546\/revisions\/907547"}],"wp:featuredmedia":[{"embeddable":true,"href":"https:\/\/www.albinfo.ch\/fr\/wp-json\/wp\/v2\/media\/907351"}],"wp:attachment":[{"href":"https:\/\/www.albinfo.ch\/fr\/wp-json\/wp\/v2\/media?parent=907546"}],"wp:term":[{"taxonomy":"category","embeddable":true,"href":"https:\/\/www.albinfo.ch\/fr\/wp-json\/wp\/v2\/categories?post=907546"},{"taxonomy":"post_tag","embeddable":true,"href":"https:\/\/www.albinfo.ch\/fr\/wp-json\/wp\/v2\/tags?post=907546"},{"taxonomy":"vendi","embeddable":true,"href":"https:\/\/www.albinfo.ch\/fr\/wp-json\/wp\/v2\/vendi?post=907546"},{"taxonomy":"content_country","embeddable":true,"href":"https:\/\/www.albinfo.ch\/fr\/wp-json\/wp\/v2\/content_country?post=907546"}],"curies":[{"name":"wp","href":"https:\/\/api.w.org\/{rel}","templated":true}]}}